{"id":12015,"date":"2020-08-07T19:56:53","date_gmt":"2020-08-07T22:56:53","guid":{"rendered":"http:\/\/zapala8340.com.ar\/?p=12015"},"modified":"2020-08-07T19:56:54","modified_gmt":"2020-08-07T22:56:54","slug":"ampliacion-y-refaccion-de-la-escuela-81-de-villa-puente-picun-leufu","status":"publish","type":"post","link":"https:\/\/zapala8340.com.ar\/?p=12015","title":{"rendered":"Ampliaci\u00f3n y refacci\u00f3n de la Escuela 81 de Villa Puente Pic\u00fan Leuf\u00fa"},"content":{"rendered":"\n<p class=\"has-text-color has-medium-font-size has-very-dark-gray-color\">El establecimiento educativo ubicado en cercan\u00edas de la localidad de Zapala contar\u00e1 con m\u00e1s aulas y espacios para diferentes actividades.<\/p>\n\n\n\n<p class=\"has-text-color has-medium-font-size has-very-dark-gray-color\">La Secretar\u00eda General y Obras P\u00fablicas informa que, con m\u00e1s del 90 por ciento de ejecuci\u00f3n, avanza la obra de ampliaci\u00f3n y refuncionalizaci\u00f3n de la Escuela Primaria N\u00b081 de Villa Puente Pic\u00fan Leuf\u00fa cuya matr\u00edcula es de 27 estudiantes.<\/p>\n\n\n\n<p class=\"has-text-color has-medium-font-size has-very-dark-gray-color\">La ministra de Educaci\u00f3n y presidenta del Consejo Provincial de Educaci\u00f3n, Cristina Storioni, destac\u00f3 que \u201cesta una obra muy importante para esta escuela, muy demandada y una vez m\u00e1s el resultado de una intervenci\u00f3n de Educaci\u00f3n en el territorio, de la escucha y el di\u00e1logo, trabajando junto a la comunidad educativa y el Gobierno local\u201d.<\/p>\n\n\n\n<p class=\"has-text-color has-medium-font-size has-very-dark-gray-color\">Villa Puente Pic\u00fan Leuf\u00fa est\u00e1 ubicada en la zona centro de la provincia, en el departamento Zapala y en el l\u00edmite con el departamento Cat\u00e1n Lil, a 42 kil\u00f3metros de la ciudad de Zapala. Se accede a la localidad a trav\u00e9s de la ruta nacional N\u00b040.<\/p>\n\n\n\n<p class=\"has-text-color has-medium-font-size has-very-dark-gray-color\">Para la reforma del establecimiento educativo se asign\u00f3 una inversi\u00f3n de 10.307.156 de pesos. El proyecto incluye la ampliaci\u00f3n de la cocina, el dep\u00f3sito y los ba\u00f1os, mientras que se realizaron reformas en \u00e1reas que se destinar\u00e1n a aulas, a un espacio multiprop\u00f3sito, biblioteca, sala de maestros y direcci\u00f3n.<\/p>\n\n\n\n<p class=\"has-text-color has-medium-font-size has-very-dark-gray-color\">Sobre la superficie del edificio educativo de aproximadamente 270m\u00b2, se demolieron 13 m\u00b2 y se realizaron ampliaciones por 40.20m\u00b2 de superficie cubierta.<\/p>\n\n\n\n<p class=\"has-text-color has-medium-font-size has-very-dark-gray-color\">Como parte de la obra, tambi\u00e9n se contempl\u00f3 la demolici\u00f3n de mamposter\u00eda, retiro de carpinter\u00edas, pisos y de veredas perimetrales. La construcci\u00f3n se realiza con sistema tradicional con estructura de hormig\u00f3n armado y cubierta de chapa, respetando el estilo y utilizando materiales id\u00e9nticos a los de la obra existente.<\/p>\n\n\n\n<p class=\"has-text-color has-medium-font-size has-very-dark-gray-color\">Adem\u00e1s, se desarrollaron las tareas correspondientes a las instalaciones tanto en los sectores nuevos como en su adecuaci\u00f3n de los restantes para un correcto funcionamiento de todo el establecimiento.<\/p>\n\n\n\n<p class=\"has-text-color has-medium-font-size has-very-dark-gray-color\">Se proyect\u00f3 la construcci\u00f3n de un Canal de Guarda, para contener el desag\u00fce pluvial en predio, que actualmente est\u00e1 perjudicando al establecimiento y sus alrededores.<\/p>\n\n\n\n<figure class=\"wp-block-image\"><img decoding=\"async\" src=\"https:\/\/www.neuqueninforma.gob.ar\/wp-content\/uploads\/2020\/08\/WEB-ESC-81-VILLA-PUENTE-PIC%C3%9AN-LEUF%C3%9A-21.05.50-1-1024x506.jpg\" alt=\"\" class=\"wp-image-152329\"\/><figcaption>La Escuela Primaria N\u00b081 tiene una matr\u00edcula de 27 estudiantes.<\/figcaption><\/figure>\n","protected":false},"excerpt":{"rendered":"<p>El establecimiento educativo ubicado en cercan\u00edas de la localidad de Zapala contar\u00e1 con m\u00e1s aulas&#8230;<\/p>\n","protected":false},"author":1,"featured_media":12016,"comment_status":"open","ping_status":"open","sticky":false,"template":"","format":"standard","meta":{"footnotes":""},"categories":[31],"tags":[],"class_list":["post-12015","post","type-post","status-publish","format-standard","has-post-thumbnail","hentry","category-provincia"],"_links":{"self":[{"href":"https:\/\/zapala8340.com.ar\/index.php?rest_route=\/wp\/v2\/posts\/12015"}],"collection":[{"href":"https:\/\/zapala8340.com.ar\/index.php?rest_route=\/wp\/v2\/posts"}],"about":[{"href":"https:\/\/zapala8340.com.ar\/index.php?rest_route=\/wp\/v2\/types\/post"}],"author":[{"embeddable":true,"href":"https:\/\/zapala8340.com.ar\/index.php?rest_route=\/wp\/v2\/users\/1"}],"replies":[{"embeddable":true,"href":"https:\/\/zapala8340.com.ar\/index.php?rest_route=%2Fwp%2Fv2%2Fcomments&post=12015"}],"version-history":[{"count":1,"href":"https:\/\/zapala8340.com.ar\/index.php?rest_route=\/wp\/v2\/posts\/12015\/revisions"}],"predecessor-version":[{"id":12017,"href":"https:\/\/zapala8340.com.ar\/index.php?rest_route=\/wp\/v2\/posts\/12015\/revisions\/12017"}],"wp:featuredmedia":[{"embeddable":true,"href":"https:\/\/zapala8340.com.ar\/index.php?rest_route=\/wp\/v2\/media\/12016"}],"wp:attachment":[{"href":"https:\/\/zapala8340.com.ar\/index.php?rest_route=%2Fwp%2Fv2%2Fmedia&parent=12015"}],"wp:term":[{"taxonomy":"category","embeddable":true,"href":"https:\/\/zapala8340.com.ar\/index.php?rest_route=%2Fwp%2Fv2%2Fcategories&post=12015"},{"taxonomy":"post_tag","embeddable":true,"href":"https:\/\/zapala8340.com.ar\/index.php?rest_route=%2Fwp%2Fv2%2Ftags&post=12015"}],"curies":[{"name":"wp","href":"https:\/\/api.w.org\/{rel}","templated":true}]}}