{"id":13101,"date":"2020-09-25T12:59:33","date_gmt":"2020-09-25T15:59:33","guid":{"rendered":"http:\/\/zapala8340.com.ar\/?p=13101"},"modified":"2020-09-25T12:59:36","modified_gmt":"2020-09-25T15:59:36","slug":"dia-mundial-del-farmaceutico-por-que-se-celebra-hoy","status":"publish","type":"post","link":"https:\/\/zapala8340.com.ar\/?p=13101","title":{"rendered":"D\u00eda Mundial del Farmac\u00e9utico: por qu\u00e9 se celebra hoy"},"content":{"rendered":"\n<p class=\"has-text-color has-medium-font-size has-very-dark-gray-color\">La Federaci\u00f3n Internacional Farmac\u00e9utica fue quien se encarg\u00f3 de instaurar el\u00a025 de septiembre\u00a0como el\u00a0<strong>D\u00eda Mundial del Farmac\u00e9utico<\/strong>. Este a\u00f1o el lema es &#8220;Transformando la salud global&#8221;, con el objetivo de trasladar a la opini\u00f3n p\u00fablica el papel fundamental que los farmac\u00e9uticos ejercen en la mejora de la salud de los ciudadanos, desde todos los \u00e1mbitos profesionales y en todas las comunidades.<\/p>\n\n\n\n<p class=\"has-text-color has-medium-font-size has-very-dark-gray-color\">Esta organizaci\u00f3n no gubernamental agrupa diversas asociaciones de farmac\u00f3logos y farmaceutas de todo el mundo. Fue fundada el 25 de septiembre de 1912 en la Haya, Pa\u00edses Bajos, y&nbsp;<strong>hoy representa a m\u00e1s de cuatro millones de profesionales.<\/strong><\/p>\n\n\n\n<p class=\"has-text-color has-medium-font-size has-very-dark-gray-color\">Los farmac\u00e9uticos elaboran y expenden medicamentos prescritos y les brindan asesor\u00eda a los clientes y proveedores de salud. Estos profesionales\u00a0<strong>pueden especializarse en Farmacia Industrial, Hospitalaria y Cl\u00ednica, Atenci\u00f3n Farmac\u00e9utica<\/strong>, entre otros.<\/p>\n\n\n\n<p class=\"has-text-color has-medium-font-size has-very-dark-gray-color\">En 2020, con el reto de la&nbsp;<strong>crisis del coronavirus<\/strong>, la labor de los farmac\u00e9uticos tiene a\u00fan mayor importancia ya que cumplen una misi\u00f3n de asesoramiento en la salud, consejos sobre medicamentos y vacunaci\u00f3n. Todo esto claro, exponi\u00e9ndose a los peligros de la pandemia.<br><\/p>\n","protected":false},"excerpt":{"rendered":"<p>La Federaci\u00f3n Internacional Farmac\u00e9utica fue quien se encarg\u00f3 de instaurar el\u00a025 de septiembre\u00a0como el\u00a0D\u00eda Mundial&#8230;<\/p>\n","protected":false},"author":1,"featured_media":13102,"comment_status":"open","ping_status":"open","sticky":false,"template":"","format":"standard","meta":{"footnotes":""},"categories":[39],"tags":[],"class_list":["post-13101","post","type-post","status-publish","format-standard","has-post-thumbnail","hentry","category-sociedad"],"_links":{"self":[{"href":"https:\/\/zapala8340.com.ar\/index.php?rest_route=\/wp\/v2\/posts\/13101"}],"collection":[{"href":"https:\/\/zapala8340.com.ar\/index.php?rest_route=\/wp\/v2\/posts"}],"about":[{"href":"https:\/\/zapala8340.com.ar\/index.php?rest_route=\/wp\/v2\/types\/post"}],"author":[{"embeddable":true,"href":"https:\/\/zapala8340.com.ar\/index.php?rest_route=\/wp\/v2\/users\/1"}],"replies":[{"embeddable":true,"href":"https:\/\/zapala8340.com.ar\/index.php?rest_route=%2Fwp%2Fv2%2Fcomments&post=13101"}],"version-history":[{"count":1,"href":"https:\/\/zapala8340.com.ar\/index.php?rest_route=\/wp\/v2\/posts\/13101\/revisions"}],"predecessor-version":[{"id":13103,"href":"https:\/\/zapala8340.com.ar\/index.php?rest_route=\/wp\/v2\/posts\/13101\/revisions\/13103"}],"wp:featuredmedia":[{"embeddable":true,"href":"https:\/\/zapala8340.com.ar\/index.php?rest_route=\/wp\/v2\/media\/13102"}],"wp:attachment":[{"href":"https:\/\/zapala8340.com.ar\/index.php?rest_route=%2Fwp%2Fv2%2Fmedia&parent=13101"}],"wp:term":[{"taxonomy":"category","embeddable":true,"href":"https:\/\/zapala8340.com.ar\/index.php?rest_route=%2Fwp%2Fv2%2Fcategories&post=13101"},{"taxonomy":"post_tag","embeddable":true,"href":"https:\/\/zapala8340.com.ar\/index.php?rest_route=%2Fwp%2Fv2%2Ftags&post=13101"}],"curies":[{"name":"wp","href":"https:\/\/api.w.org\/{rel}","templated":true}]}}