{"id":13399,"date":"2020-10-09T00:16:59","date_gmt":"2020-10-09T03:16:59","guid":{"rendered":"http:\/\/zapala8340.com.ar\/?p=13399"},"modified":"2020-10-09T00:17:01","modified_gmt":"2020-10-09T03:17:01","slug":"controles-de-fin-de-semana-largo-a-partir-de-manana-exigen-el-permiso-para-circular","status":"publish","type":"post","link":"https:\/\/zapala8340.com.ar\/?p=13399","title":{"rendered":"Controles de fin de semana largo: a partir de ma\u00f1ana exigen el permiso para circular"},"content":{"rendered":"\n<p class=\"has-text-color has-medium-font-size has-very-dark-gray-color\">Se intensificar\u00e1n los controles de circulaci\u00f3n ante el aumento de contagios que se registra en la provincia. Seguridad Vial se sumar\u00e1 a los operativos que llevar\u00e1 adelante la Polic\u00eda provincial.<\/p>\n\n\n\n<p class=\"has-text-color has-medium-font-size has-very-dark-gray-color\">En virtud de las nuevas disposiciones para la circulaci\u00f3n vehicular que el gobierno de la provincia estableci\u00f3 para evitar la saturaci\u00f3n del sistema de salud, la direcci\u00f3n provincial de Seguridad Vial confirm\u00f3 que continuar\u00e1n con los operativos urbanos que, a partir de ma\u00f1ana, se realizar\u00e1n para exigir a la ciudadan\u00eda el permiso correspondiente para circular.<\/p>\n\n\n\n<p class=\"has-text-color has-medium-font-size has-very-dark-gray-color\">\u201cHasta la jornada de hoy, estuvimos con acciones de informaci\u00f3n y difusi\u00f3n para transmitir a los vecinos, en qu\u00e9 consistir\u00e1n los operativos previstos a partir de ma\u00f1ana, destinados a limitar la circulaci\u00f3n y as\u00ed ayudar a prevenir la propagaci\u00f3n del virus\u201d, explic\u00f3 el director provincial de Seguridad Vial, Lucas G\u00f3mez.<\/p>\n\n\n\n<p class=\"has-text-color has-medium-font-size has-very-dark-gray-color\">Adelant\u00f3 que el esquema de acciones en el que se pone el \u00e9nfasis en el estricto cumplimiento de las medidas, contempla para ma\u00f1ana y la jornada del s\u00e1bado tres puestos de control; y para el domingo, cuatro, con modalidad rotativa a fin de abarcar m\u00e1s sectores de la ciudad. Estos operativos estar\u00e1n montados sobre las arterias principales en distintos barrios, que son aquellas en las que se observan m\u00e1s flujo de tr\u00e1nsito; entre ellas las calles Alderete, Islas Malvinas, Leloir, Ant\u00e1rtida Argentina, y Collon Cura.<\/p>\n\n\n\n<p class=\"has-text-color has-medium-font-size has-very-dark-gray-color\">Cabe recordar que, desde ma\u00f1ana y hasta el lunes 12 inclusive, s\u00f3lo podr\u00e1n circular en veh\u00edculos personas que se desempe\u00f1en en las actividades consideradas esenciales. Tambi\u00e9n est\u00e1n habilitadas a circular las personas que acudan a turnos m\u00e9dicos programados.<\/p>\n\n\n\n<p class=\"has-text-color has-medium-font-size has-very-dark-gray-color\">En tanto, estar\u00e1 habilitada durante estos d\u00edas la circulaci\u00f3n peatonal y en bicicleta, en el horario de 8 a 20. El transporte p\u00fablico de pasajeros seguir\u00e1 reservado a quienes desarrollen actividades esenciales.<\/p>\n\n\n\n<p class=\"has-text-color has-medium-font-size has-very-dark-gray-color\">En cuanto a las sanciones, la disposici\u00f3n indica que quienes incumplan con esta prohibici\u00f3n para circular recibir\u00e1n multas de entre 15 mil y 50 mil pesos, y tambi\u00e9n se proceder\u00e1 al secuestro del veh\u00edculo no autorizado y la retenci\u00f3n temporal de la licencia de conducir.<\/p>\n\n\n\n<p class=\"has-text-color has-background has-medium-font-size has-very-dark-gray-color has-very-light-gray-background-color\"><strong>Estos controles ser\u00e1n aplicados a las ciudades que registran transmisi\u00f3n comunitaria de coronavirus que son Neuqu\u00e9n, Plottier, Centenario, Senillosa, Cutral Co, Plaza Huincul y Zapala. El resto de las localidades que adhirieron.<\/strong><\/p>\n\n\n\n<p class=\"has-text-color has-medium-font-size has-very-dark-gray-color\">FUENTE : neuqueninforma.gob.ar<\/p>\n","protected":false},"excerpt":{"rendered":"<p>Se intensificar\u00e1n los controles de circulaci\u00f3n ante el aumento de contagios que se registra en&#8230;<\/p>\n","protected":false},"author":1,"featured_media":13400,"comment_status":"open","ping_status":"open","sticky":false,"template":"","format":"standard","meta":{"footnotes":""},"categories":[31],"tags":[],"class_list":["post-13399","post","type-post","status-publish","format-standard","has-post-thumbnail","hentry","category-provincia"],"_links":{"self":[{"href":"https:\/\/zapala8340.com.ar\/index.php?rest_route=\/wp\/v2\/posts\/13399"}],"collection":[{"href":"https:\/\/zapala8340.com.ar\/index.php?rest_route=\/wp\/v2\/posts"}],"about":[{"href":"https:\/\/zapala8340.com.ar\/index.php?rest_route=\/wp\/v2\/types\/post"}],"author":[{"embeddable":true,"href":"https:\/\/zapala8340.com.ar\/index.php?rest_route=\/wp\/v2\/users\/1"}],"replies":[{"embeddable":true,"href":"https:\/\/zapala8340.com.ar\/index.php?rest_route=%2Fwp%2Fv2%2Fcomments&post=13399"}],"version-history":[{"count":1,"href":"https:\/\/zapala8340.com.ar\/index.php?rest_route=\/wp\/v2\/posts\/13399\/revisions"}],"predecessor-version":[{"id":13401,"href":"https:\/\/zapala8340.com.ar\/index.php?rest_route=\/wp\/v2\/posts\/13399\/revisions\/13401"}],"wp:featuredmedia":[{"embeddable":true,"href":"https:\/\/zapala8340.com.ar\/index.php?rest_route=\/wp\/v2\/media\/13400"}],"wp:attachment":[{"href":"https:\/\/zapala8340.com.ar\/index.php?rest_route=%2Fwp%2Fv2%2Fmedia&parent=13399"}],"wp:term":[{"taxonomy":"category","embeddable":true,"href":"https:\/\/zapala8340.com.ar\/index.php?rest_route=%2Fwp%2Fv2%2Fcategories&post=13399"},{"taxonomy":"post_tag","embeddable":true,"href":"https:\/\/zapala8340.com.ar\/index.php?rest_route=%2Fwp%2Fv2%2Ftags&post=13399"}],"curies":[{"name":"wp","href":"https:\/\/api.w.org\/{rel}","templated":true}]}}