{"id":13405,"date":"2020-10-09T19:51:01","date_gmt":"2020-10-09T22:51:01","guid":{"rendered":"http:\/\/zapala8340.com.ar\/?p=13405"},"modified":"2020-10-09T19:51:03","modified_gmt":"2020-10-09T22:51:03","slug":"ingresaran-70-repatriados-desde-chile-por-el-paso-internacional-pino-hachado","status":"publish","type":"post","link":"https:\/\/zapala8340.com.ar\/?p=13405","title":{"rendered":"Ingresar\u00e1n 70 repatriados desde Chile por el Paso Internacional Pino Hachado"},"content":{"rendered":"\n<p class=\"has-text-color has-medium-font-size has-very-dark-gray-color\">Diez de ellos son neuquinos mientras que el resto reside en otras provincias del pa\u00eds. El operativo se realiza en conjunto entre Naci\u00f3n y Provincia.<\/p>\n\n\n\n<p class=\"has-text-color has-medium-font-size has-very-dark-gray-color\">El subsecretario de Defensa Civil y Protecci\u00f3n Ciudadana, Mart\u00edn Giusti, inform\u00f3 que hoy ingresar\u00e1n 70 repatriados desde Chile hacia Argentina, diez de los cuales tienen residencia en la Provincia del Neuqu\u00e9n. Para ello, se habilitar\u00e1 el Pino Internacional Pino Hachado. Los equipos provinciales se abocar\u00e1n al control del ingreso de las personas, que luego viajar\u00e1n a sus lugares de residencia, en distintas provincias del pa\u00eds.<\/p>\n\n\n\n<p class=\"has-text-color has-medium-font-size has-very-dark-gray-color\">\u201cNosotros debemos ir al Paso y ver que est\u00e9n las medidas de ingresos porque hay que hacer un tr\u00e1mite previo que es el estudio de Covid-19, que se realiza en Chile. Igualmente, en la Aduana de Argentina se vuelve a revisar a todas las personas que ingresan y a trav\u00e9s de Salud se extienden los certificados correspondientes, se revisa en Migraciones y luego las personas van hasta los veh\u00edculos\u201d, explic\u00f3 Giusti.<\/p>\n\n\n\n<figure class=\"wp-block-image\"><img decoding=\"async\" src=\"https:\/\/www.neuqueninforma.gob.ar\/wp-content\/uploads\/2020\/10\/WhatsApp-Image-2020-10-09-at-12.57.52-1024x461.jpeg\" alt=\"\" class=\"wp-image-155702\"\/><figcaption>Giusti precis\u00f3 que los equipos de Salud que reciben a los repatriados en suelo argentino son del gobierno provincial.<\/figcaption><\/figure>\n\n\n\n<p class=\"has-text-color has-medium-font-size has-very-dark-gray-color\">Indic\u00f3 que una vez que los repatriados est\u00e1n en los veh\u00edculos se los acompa\u00f1a y detall\u00f3 que \u201cse hace como un encapsulamiento a trav\u00e9s de distintas fuerzas para que circulen en las rutas sin ning\u00fan impedimento. Estos permisos se obtienen a trav\u00e9s de las p\u00e1ginas de Naci\u00f3n y se trabaja con la embajada de Argentina y Chile para poder lograr la repatriaci\u00f3n\u201d.<\/p>\n\n\n\n<p class=\"has-text-color has-medium-font-size has-very-dark-gray-color\">Giusti precis\u00f3 que los equipos de Salud que reciben a los repatriados en suelo argentino son del gobierno provincial. Se trasladan hasta el paso internacional desde Las Lajas y montan un equipo m\u00f3vil. Hay m\u00e9dicos y enfermeros para realizar el estudio y el certificado correspondiente a las personas que van a ingresando.<\/p>\n\n\n\n<p class=\"has-text-color has-medium-font-size has-very-dark-gray-color\">Finalmente, el funcionario destac\u00f3 que \u201cNaci\u00f3n aporta el personal de Aduana y de Gendarmer\u00eda, que colaboran en las rutas y el traslado de las personas, mientras que el personal de Defensa Civil y de Polic\u00eda es de Provincia\u201d.<\/p>\n\n\n\n<figure class=\"wp-block-image\"><img decoding=\"async\" src=\"https:\/\/www.neuqueninforma.gob.ar\/wp-content\/uploads\/2020\/10\/WhatsApp-Image-2020-10-09-at-12.57.53-1-1024x461.jpeg\" alt=\"\" class=\"wp-image-155703\"\/><figcaption>El operativo se realiza en conjunto entre Naci\u00f3n y Provincia.<\/figcaption><\/figure>\n","protected":false},"excerpt":{"rendered":"<p>Diez de ellos son neuquinos mientras que el resto reside en otras provincias del pa\u00eds&#8230;.<\/p>\n","protected":false},"author":1,"featured_media":13406,"comment_status":"open","ping_status":"open","sticky":false,"template":"","format":"standard","meta":{"footnotes":""},"categories":[31],"tags":[],"class_list":["post-13405","post","type-post","status-publish","format-standard","has-post-thumbnail","hentry","category-provincia"],"_links":{"self":[{"href":"https:\/\/zapala8340.com.ar\/index.php?rest_route=\/wp\/v2\/posts\/13405"}],"collection":[{"href":"https:\/\/zapala8340.com.ar\/index.php?rest_route=\/wp\/v2\/posts"}],"about":[{"href":"https:\/\/zapala8340.com.ar\/index.php?rest_route=\/wp\/v2\/types\/post"}],"author":[{"embeddable":true,"href":"https:\/\/zapala8340.com.ar\/index.php?rest_route=\/wp\/v2\/users\/1"}],"replies":[{"embeddable":true,"href":"https:\/\/zapala8340.com.ar\/index.php?rest_route=%2Fwp%2Fv2%2Fcomments&post=13405"}],"version-history":[{"count":1,"href":"https:\/\/zapala8340.com.ar\/index.php?rest_route=\/wp\/v2\/posts\/13405\/revisions"}],"predecessor-version":[{"id":13407,"href":"https:\/\/zapala8340.com.ar\/index.php?rest_route=\/wp\/v2\/posts\/13405\/revisions\/13407"}],"wp:featuredmedia":[{"embeddable":true,"href":"https:\/\/zapala8340.com.ar\/index.php?rest_route=\/wp\/v2\/media\/13406"}],"wp:attachment":[{"href":"https:\/\/zapala8340.com.ar\/index.php?rest_route=%2Fwp%2Fv2%2Fmedia&parent=13405"}],"wp:term":[{"taxonomy":"category","embeddable":true,"href":"https:\/\/zapala8340.com.ar\/index.php?rest_route=%2Fwp%2Fv2%2Fcategories&post=13405"},{"taxonomy":"post_tag","embeddable":true,"href":"https:\/\/zapala8340.com.ar\/index.php?rest_route=%2Fwp%2Fv2%2Ftags&post=13405"}],"curies":[{"name":"wp","href":"https:\/\/api.w.org\/{rel}","templated":true}]}}