{"id":13408,"date":"2020-10-09T19:58:53","date_gmt":"2020-10-09T22:58:53","guid":{"rendered":"http:\/\/zapala8340.com.ar\/?p=13408"},"modified":"2020-10-09T19:58:56","modified_gmt":"2020-10-09T22:58:56","slug":"neuquen-incorporara-nuevas-redes-de-monitoreo-volcanico","status":"publish","type":"post","link":"https:\/\/zapala8340.com.ar\/?p=13408","title":{"rendered":"Neuqu\u00e9n incorporar\u00e1 nuevas redes de monitoreo volc\u00e1nico"},"content":{"rendered":"\n<p class=\"has-text-color has-medium-font-size has-very-dark-gray-color\">A trav\u00e9s de un acuerdo con el Segemar, se instalar\u00e1n redes de monitoreo volc\u00e1nico en los principales volcanes de la provincia del Neuqu\u00e9n.<\/p>\n\n\n\n<p class=\"has-text-color has-medium-font-size has-very-dark-gray-color\">El ministro de Ciudadan\u00eda, Ricardo Corradi Diez, y el presidente del Servicio Geol\u00f3gico Minero Argentino (Segemar), Eduardo Zappettini, firmaron un convenio de colaboraci\u00f3n y asistencia t\u00e9cnica con el objeto de estudiar y monitorear los volcanes activos de la provincia del Neuqu\u00e9n. Se trata de la instalaci\u00f3n conjunta de tecnolog\u00eda de primer nivel en materia de monitoreo volc\u00e1nico en los volcanes Copahue, Lan\u00edn, Tromen, Domuyo y Laguna del Maule.<\/p>\n\n\n\n<p class=\"has-text-color has-medium-font-size has-very-dark-gray-color\">La incorporaci\u00f3n de estos nuevos equipos significa un gran beneficio y aporte a la investigaci\u00f3n vigente. Permitir\u00e1 avanzar en la ampliaci\u00f3n de las actuales redes de monitoreo de los volcanes Copahue, Lan\u00edn y Laguna del Maule. A su vez, posibilitar\u00e1 comenzar el monitoreo del volc\u00e1n Tromen y, especialmente, del Volc\u00e1n Domuyo.<\/p>\n\n\n\n<figure class=\"wp-block-image\"><img decoding=\"async\" src=\"https:\/\/www.neuqueninforma.gob.ar\/wp-content\/uploads\/2020\/10\/WEB-Domuyo-2-1024x506.jpg\" alt=\"\" class=\"wp-image-155635\"\/><figcaption>Se incorporar\u00e1 tecnolog\u00eda de primer nivel en materia de monitoreo volc\u00e1nico.<\/figcaption><\/figure>\n\n\n\n<p class=\"has-text-color has-medium-font-size has-very-dark-gray-color\">Al respecto, Corradi Diez explic\u00f3 que a partir de la cooperaci\u00f3n entre ambos organismos \u201cel proyecto viene gest\u00e1ndose desde 2012 y, gracias al trabajo y continuidad que supo darle el gobernador Omar Guti\u00e9rrez, est\u00e1 iniciativa se fortaleci\u00f3 convirti\u00e9ndose hoy en una realidad. Adem\u00e1s, esta colaboraci\u00f3n se establece dado el antecedente de trabajo conjunto entre la subsecretar\u00eda de Defensa Civil y Protecci\u00f3n Ciudadana, a cargo de Mart\u00edn Giusti, y el Observatorio Argentino de Vigilancia Volc\u00e1nica (OAVV) del Segemar\u201d.<\/p>\n\n\n\n<p class=\"has-text-color has-medium-font-size has-very-dark-gray-color\">Asimismo, el ministro destac\u00f3 la importancia de este acuerdo que \u201cmejorar\u00e1 las facultades del Segemar en cuanto a la capacidad de monitoreo de los volcanes que se encuentran activos en nuestra provincia. Esta informaci\u00f3n facilitar\u00e1 el dise\u00f1o de estrategias exitosas en cuanto a pol\u00edticas de prevenci\u00f3n y seguridad\u201d.<\/p>\n\n\n\n<p>FUENTE NEUQUEN INFORMA <\/p>\n","protected":false},"excerpt":{"rendered":"<p>A trav\u00e9s de un acuerdo con el Segemar, se instalar\u00e1n redes de monitoreo volc\u00e1nico en&#8230;<\/p>\n","protected":false},"author":1,"featured_media":13409,"comment_status":"open","ping_status":"open","sticky":false,"template":"","format":"standard","meta":{"footnotes":""},"categories":[31],"tags":[],"class_list":["post-13408","post","type-post","status-publish","format-standard","has-post-thumbnail","hentry","category-provincia"],"_links":{"self":[{"href":"https:\/\/zapala8340.com.ar\/index.php?rest_route=\/wp\/v2\/posts\/13408"}],"collection":[{"href":"https:\/\/zapala8340.com.ar\/index.php?rest_route=\/wp\/v2\/posts"}],"about":[{"href":"https:\/\/zapala8340.com.ar\/index.php?rest_route=\/wp\/v2\/types\/post"}],"author":[{"embeddable":true,"href":"https:\/\/zapala8340.com.ar\/index.php?rest_route=\/wp\/v2\/users\/1"}],"replies":[{"embeddable":true,"href":"https:\/\/zapala8340.com.ar\/index.php?rest_route=%2Fwp%2Fv2%2Fcomments&post=13408"}],"version-history":[{"count":1,"href":"https:\/\/zapala8340.com.ar\/index.php?rest_route=\/wp\/v2\/posts\/13408\/revisions"}],"predecessor-version":[{"id":13410,"href":"https:\/\/zapala8340.com.ar\/index.php?rest_route=\/wp\/v2\/posts\/13408\/revisions\/13410"}],"wp:featuredmedia":[{"embeddable":true,"href":"https:\/\/zapala8340.com.ar\/index.php?rest_route=\/wp\/v2\/media\/13409"}],"wp:attachment":[{"href":"https:\/\/zapala8340.com.ar\/index.php?rest_route=%2Fwp%2Fv2%2Fmedia&parent=13408"}],"wp:term":[{"taxonomy":"category","embeddable":true,"href":"https:\/\/zapala8340.com.ar\/index.php?rest_route=%2Fwp%2Fv2%2Fcategories&post=13408"},{"taxonomy":"post_tag","embeddable":true,"href":"https:\/\/zapala8340.com.ar\/index.php?rest_route=%2Fwp%2Fv2%2Ftags&post=13408"}],"curies":[{"name":"wp","href":"https:\/\/api.w.org\/{rel}","templated":true}]}}