{"id":13414,"date":"2020-10-09T23:22:57","date_gmt":"2020-10-10T02:22:57","guid":{"rendered":"http:\/\/zapala8340.com.ar\/?p=13414"},"modified":"2020-10-11T14:36:13","modified_gmt":"2020-10-11T17:36:13","slug":"coronavirus-comunicado-del-comite-de-emergencia-zapala-09-10-2020-2200-hs","status":"publish","type":"post","link":"https:\/\/zapala8340.com.ar\/?p=13414","title":{"rendered":"CORONAVIRUS: Comunicado del Comit\u00e9 de Emergencia Zapala (09-10-2020 22:00 hs)"},"content":{"rendered":"\n<p class=\"has-text-color has-medium-font-size has-very-dark-gray-color\"> Al momento de este informe se reportan seis (6) personas recuperadas de Coronavirus COVID-19. <br>El total de nuevos casos positivos confirmados hoy, Viernes 9, es de treinta y uno (31). <br>Evoluci\u00f3n Casos Positivos Coronavirus COVID-19 &#8211; ZAPALA<br>208 personas con COVID-19 leve, de diferentes edades y sexos, internados en sus domicilios, en buen estado en general.<br>10 personas internada en Cl\u00ednica M\u00e9dica con oxigenoterapia. <br>13 personas internadas en cuidados cr\u00edticos con asistencia respiratoria mec\u00e1nica.<br>6 personas recuperadas<br>En total son doscientos treinta y un (231) casos positivos activos de COVID-19, confirmados en Zapala a las 22:00 hs. del 09\/10.<\/p>\n\n\n\n<p class=\"has-text-color has-medium-font-size has-very-dark-gray-color\"><br>Aclaraci\u00f3n: ayer se report\u00f3 un error involuntario en uno de los cuadros publicados por el Comit\u00e9 de Emergencia Provincial.  Siendo 206 los casos activos, como figuraba en el grafico de barras. <\/p>\n\n\n\n<p class=\"has-text-color has-medium-font-size has-very-dark-gray-color\"><br>Situaci\u00f3n Coronavirus COVID-19 \u2013 ALUMINE <br>5 personas con COVID-19 leve, internada en domicilio, en buen estado en general.<br>Situaci\u00f3n Coronavirus COVID-19 \u2013 LONCOPUE  <br>2 personas con COVID-19 leve, internada en domicilio, en buen estado en general. <br>Situaci\u00f3n Coronavirus COVID-19 \u2013 MARIANO MORENO<br>3 personas con COVID-19 leve, internada en domicilio, en buen estado general.<br>Situaci\u00f3n Coronavirus COVID-19 \u2013 VILLA PUENTE PICUN LEUFU<br>5 personas con COVID-19 leve, internada en domicilio, en buen estado general.<br>Situaci\u00f3n Coronavirus COVID-19 \u2013 LAS LAJAS <br>3 personas con COVID-19 leve, internadas en domicilio, en buen estado en general.<br>*El Comit\u00e9 de Emergencia Provincial realizo, en el primer parte del d\u00eda una rectificaci\u00f3n de la tabla comunicada ayer por la noche.<br>Coronavirus: nuevo comunicado del Comit\u00e9 de Emergencia Provincial 09\/10\/2020 \u2013 21:00 hs. <br>Al momento de este reporte, se notificaron trescientas ochenta y una (381) nuevas personas contagiadas de Coronavirus (COVID-19) de la provincia del Neuqu\u00e9n.  Fuente: Direcci\u00f3n de Epidemiolog\u00eda. Direcci\u00f3n General de Epidemiolog\u00eda e Informaci\u00f3n en Salud. Ministerio de Salud. Provincia del Neuqu\u00e9n.<br>Es decir que el total de personas con confirmaci\u00f3n de COVID-19 que se informan en el d\u00eda de la fecha, entre el comunicado del mediod\u00eda y el presente, es de: cuatrocientas ochenta (480). <br>Por otra parte, informamos el fallecimiento de cuatro personas de la provincia del Neuqu\u00e9n por Coronavirus (COVID-19): 4 personas de Neuqu\u00e9n capital. Se trata de 1 mujer y 3 varones, cuyas edades oscilan entre 39 y 78 a\u00f1os. <br>El total de personas fallecidas que se informan en el d\u00eda de la fecha, entre el comunicado del mediod\u00eda y el presente, es de: cuatro (4). <br>Adem\u00e1s, se reportaron ciento veinticinco (125) nuevas personas recuperadas de Coronavirus (COVID-19) de la provincia del Neuqu\u00e9n: 93 personas de Neuqu\u00e9n capital, 13 personas de Plottier, 9 personas de Centenario, 6 personas de Zapala, 3 personas de Cutral Co y 1 persona de San Patricio del Cha\u00f1ar. <br>Se trata de 60 mujeres y 65 varones, cuyas edades oscilan entre 11 y 77 a\u00f1os. <\/p>\n\n\n\n<p class=\"has-text-color has-medium-font-size has-very-dark-gray-color\"><br>Aclaraci\u00f3n: Respecto a la diferencia en el porcentaje de ocupaci\u00f3n de camas UCI total de la provincia del Neuqu\u00e9n informada esta noche por Naci\u00f3n, se se\u00f1ala que la misma responde a una diferencia entre los sistemas inform\u00e1ticos donde se carga la informaci\u00f3n, para lo cual se est\u00e1 trabajando en su mejora. <br><strong>La ocupaci\u00f3n de camas UCI total de la provincia del Neuqu\u00e9n es del 99%.<\/strong><\/p>\n\n\n\n<p class=\"has-text-color has-medium-font-size has-very-dark-gray-color\"><br>Canales Oficiales de Comunicaci\u00f3n del Comit\u00e9 de Emergencia Zapala <br>P\u00e1gina Web: www.zapala.gob.ar <br>Facebook: @municipalidadzapala <br>Instagram: municipalidad.zapala <br>Twitter: @ZapalaCiudad   Definici\u00f3n de caso confirmado y caso sospechoso de la provincia del Neuqu\u00e9n <br>https:\/\/www.saludneuquen.gob.ar\/recomendaciones-para-equipos-de-salud\/ <br>Criterios de alta y desaislamiento en la provincia del Neuqu\u00e9n <br>https:\/\/www.saludneuquen.gob.ar\/wp-content\/uploads\/2020\/07\/MSaludNQNCovid-19-Criterios-de-desaislamiento-en-Covid-19.pdf <br>Recomendaciones de no consumo de di\u00f3xido de cloro <br>https:\/\/www.saludneuquen.gob.ar\/wp-content\/uploads\/2020\/08\/MSaludNQNCovid-2019-Recomendaciones-no-uso-de-cloro.pdf <br>Aspectos bio\u00e9ticos para el acompa\u00f1amiento a personas internadas <br>https:\/\/drive.google.com\/file\/d\/1TqZV6XjWWXIgyoo31GEK <br>Ibuprofeno inhalatorio para pacientes con COVID-19 <br>https:\/\/www.saludneuquen.gob.ar\/wp-content\/uploads\/2020\/09\/ibuinhalatorio.pdf<br>Es importante recordar que la Ley 2611, en su art\u00edculo 4\u00b0, inciso K, se\u00f1ala: \u201cLos pacientes tienen derecho a la intimidad y confidencialidad de los datos. En correspondencia con este derecho el servidor p\u00fablico debe indefectiblemente guardar y preservar el secreto profesional\u201d. <\/p>\n","protected":false},"excerpt":{"rendered":"<p>Al momento de este informe se reportan seis (6) personas recuperadas de Coronavirus COVID-19. El&#8230;<\/p>\n","protected":false},"author":1,"featured_media":13334,"comment_status":"open","ping_status":"open","sticky":false,"template":"","format":"standard","meta":{"footnotes":""},"categories":[92],"tags":[],"class_list":["post-13414","post","type-post","status-publish","format-standard","has-post-thumbnail","hentry","category-comunicado-del-comite-de-emergencia-zapala"],"_links":{"self":[{"href":"https:\/\/zapala8340.com.ar\/index.php?rest_route=\/wp\/v2\/posts\/13414"}],"collection":[{"href":"https:\/\/zapala8340.com.ar\/index.php?rest_route=\/wp\/v2\/posts"}],"about":[{"href":"https:\/\/zapala8340.com.ar\/index.php?rest_route=\/wp\/v2\/types\/post"}],"author":[{"embeddable":true,"href":"https:\/\/zapala8340.com.ar\/index.php?rest_route=\/wp\/v2\/users\/1"}],"replies":[{"embeddable":true,"href":"https:\/\/zapala8340.com.ar\/index.php?rest_route=%2Fwp%2Fv2%2Fcomments&post=13414"}],"version-history":[{"count":2,"href":"https:\/\/zapala8340.com.ar\/index.php?rest_route=\/wp\/v2\/posts\/13414\/revisions"}],"predecessor-version":[{"id":13417,"href":"https:\/\/zapala8340.com.ar\/index.php?rest_route=\/wp\/v2\/posts\/13414\/revisions\/13417"}],"wp:featuredmedia":[{"embeddable":true,"href":"https:\/\/zapala8340.com.ar\/index.php?rest_route=\/wp\/v2\/media\/13334"}],"wp:attachment":[{"href":"https:\/\/zapala8340.com.ar\/index.php?rest_route=%2Fwp%2Fv2%2Fmedia&parent=13414"}],"wp:term":[{"taxonomy":"category","embeddable":true,"href":"https:\/\/zapala8340.com.ar\/index.php?rest_route=%2Fwp%2Fv2%2Fcategories&post=13414"},{"taxonomy":"post_tag","embeddable":true,"href":"https:\/\/zapala8340.com.ar\/index.php?rest_route=%2Fwp%2Fv2%2Ftags&post=13414"}],"curies":[{"name":"wp","href":"https:\/\/api.w.org\/{rel}","templated":true}]}}