{"id":1469,"date":"2018-09-08T12:47:10","date_gmt":"2018-09-08T15:47:10","guid":{"rendered":"http:\/\/zapala8340.com.ar\/?p=1469"},"modified":"2018-09-08T13:04:12","modified_gmt":"2018-09-08T16:04:12","slug":"a-17-anos-de-la-pueblada-zapalina-recuerdos-en-fotos-y-una-reflexion-por-periodista-eduardo-dady-rubio","status":"publish","type":"post","link":"https:\/\/zapala8340.com.ar\/?p=1469","title":{"rendered":"A 17 a\u00f1os de  la Pueblada Zapalina:  Recuerdos en fotos y una reflexi\u00f3n por el periodista Eduardo &#8220;Dady&#8221; Rubio"},"content":{"rendered":"<p>HOY COMO AYER ZAPALA RESISTE&#8230;!<\/p>\n<h2>(*) A 17 a\u00f1os de nuestra &#8220;Pueblada Zapalina&#8221; &#8211; 8 sep 2001-2018<\/h2>\n<p>&nbsp;<\/p>\n<h2><\/h2>\n<h3 style=\"text-align: left;\"><span style=\"color: #808080;\">&#8220;Los Zapalinos somos pocos y nos conocemos mucho&#8230;&#8221; fue la frase que m\u00e1s remarque en aquellas jornadas de dignidad, fr\u00edo, nieve, y esperanza, durante la m\u00e1s importante &#8220;rebeli\u00f3n popular&#8221; que tuviera la historia pol\u00edtica, e institucional, de nuestra ciudad a lo largo de su historia.<\/span><\/h3>\n<p>&nbsp;<\/p>\n<h3 style=\"text-align: left;\"><\/h3>\n\n<h3 style=\"text-align: left;\"><\/h3>\n<h3 style=\"text-align: left;\"><\/h3>\n<h3 style=\"text-align: left;\"><\/h3>\n<h3><\/h3>\n<h3 style=\"text-align: left;\"><span style=\"color: #808080;\">El 8 se Septiembre, en plena Plaza de los Pr\u00f3ceres, junto a cerca de 10 mil Zapalinos que participaron activamente de esa gesta, dijimos ZAPALA EST\u00c1 DE PIE&#8230;!<\/span><br \/>\n<span style=\"color: #808080;\">Y a 17 a\u00f1os, de aquella manifestaci\u00f3n de reivindicaci\u00f3n hist\u00f3rica, econ\u00f3mica, y social, de nuestros vecinos, el contexto nacional, provincial, y municipal, nos vuelve a ubicar en la esencia de seguir resistiendo, con la misma esperanza y dignidad de aquellos tiempos&#8230;<\/span><\/h3>\n<h3 style=\"text-align: left;\"><span style=\"color: #808080;\">La Ley Zapala sigue siendo una conquista constitucional, que desde el a\u00f1o 2002 (fecha de su creaci\u00f3n) el Gobierno Provincial quiso desconocer&#8230;hasta tal punto que hoy el &#8220;Ente de Desarrollo Productivo&#8221; (con remesas establecidas de 2,5 millones de pesos por a\u00f1o para cr\u00e9ditos blandos&#8230;) NO existe.<\/span><br \/>\n<span style=\"color: #808080;\">De la misma manera podr\u00eda hablar de la deuda acumulada en Obras P\u00fablicas que en un repaso por estos 17 a\u00f1os nunca llegaron, lo hicieron a medias, o directamente se desconocieron.<\/span><\/h3>\n<h3 style=\"text-align: left;\"><\/h3>\n<p>&nbsp;<\/p>\n<h3 style=\"text-align: left;\"><\/h3>\n<div id='gallery-2' class='gallery galleryid-1469 gallery-columns-2 gallery-size-full'><figure class='gallery-item'>\n\t\t\t<div class='gallery-icon landscape'>\n\t\t\t\t<a href='https:\/\/zapala8340.com.ar\/?attachment_id=1476'><img loading=\"lazy\" decoding=\"async\" width=\"800\" height=\"450\" src=\"https:\/\/zapala8340.com.ar\/wp-content\/uploads\/2018\/09\/41286867_10155853169802939_4800640012238454784_n-1.jpg\" class=\"attachment-full size-full\" alt=\"\" srcset=\"https:\/\/zapala8340.com.ar\/wp-content\/uploads\/2018\/09\/41286867_10155853169802939_4800640012238454784_n-1.jpg 800w, https:\/\/zapala8340.com.ar\/wp-content\/uploads\/2018\/09\/41286867_10155853169802939_4800640012238454784_n-1-300x169.jpg 300w, https:\/\/zapala8340.com.ar\/wp-content\/uploads\/2018\/09\/41286867_10155853169802939_4800640012238454784_n-1-768x432.jpg 768w\" sizes=\"(max-width: 800px) 100vw, 800px\" \/><\/a>\n\t\t\t<\/div><\/figure>\n\t\t<\/div>\n\n<h3 style=\"text-align: left;\"><\/h3>\n<h3 style=\"text-align: left;\"><\/h3>\n<h3><\/h3>\n<h3><\/h3>\n<h3 style=\"text-align: left;\"><span style=\"color: #808080;\">Hace 17 a\u00f1os los argentinos sufr\u00edamos los \u00faltimos coletazos de un modelo neoliberal representado por el segundo &#8220;Gobierno Radical&#8221; de Fernando De La R\u00faa, con la tragedia de muertes, hambre y entrega.<\/span><br \/>\n<span style=\"color: #808080;\">A 17 a\u00f1os, el &#8220;Tercer Gobierno Radical&#8221; representado HOY por &#8220;Cambiemos&#8221; y Mauricio Macri, nos coloca, nuevamente, en la misma encrucijada de no ser expulsados, hambreados o extinguidos.<\/span><\/h3>\n<h3 style=\"text-align: left;\"><span style=\"color: #808080;\">Quiero agradecer, como un simple vecino m\u00e1s, a los miles de zapalinos an\u00f3nimos, junto con mis compa\u00f1eros de aqu\u00e9l Frente de Trabajadores y Estudiantes por Zapala (<a class=\"profileLink\" style=\"color: #808080;\" href=\"https:\/\/www.facebook.com\/marcos.masciocchi?fref=mentions&amp;__xts__%5B0%5D=68.ARARk3PIZogMY4LHHzq-BTXLWvz5hxz5adfzlHbyf1cNffv_voK4dNn7GiLzDdD55HHncKAxwr6GsMOBzCst0-kmHRMRGElBuqVjwvv3yKTF7mPxn_nbP-Cu9jd-G6pgIv96G3NgRiaDOWfWpDmdIGblV6tiijPTs3MmJa3Q4eiuK7vNbQSwPUM&amp;__tn__=K-R\" data-hovercard=\"\/ajax\/hovercard\/user.php?id=1512662728&amp;extragetparams=%7B%22fref%22%3A%22mentions%22%7D\" data-hovercard-prefer-more-content-show=\"1\">Marcos Masciocchi<\/a>,\u00a0<a id=\"js_73v\" class=\"profileLink\" style=\"color: #808080;\" href=\"https:\/\/www.facebook.com\/profile.php?id=100010605579322&amp;fref=mentions&amp;__xts__%5B0%5D=68.ARARk3PIZogMY4LHHzq-BTXLWvz5hxz5adfzlHbyf1cNffv_voK4dNn7GiLzDdD55HHncKAxwr6GsMOBzCst0-kmHRMRGElBuqVjwvv3yKTF7mPxn_nbP-Cu9jd-G6pgIv96G3NgRiaDOWfWpDmdIGblV6tiijPTs3MmJa3Q4eiuK7vNbQSwPUM&amp;__tn__=K-R\" data-hovercard=\"\/ajax\/hovercard\/user.php?id=100010605579322&amp;extragetparams=%7B%22fref%22%3A%22mentions%22%7D\" data-hovercard-prefer-more-content-show=\"1\" aria-describedby=\"js_73x\" aria-owns=\"js_73w\">Beto Vivero<\/a>,Ricardo Lezana,\u00a0<a class=\"profileLink\" style=\"color: #808080;\" href=\"https:\/\/www.facebook.com\/vramonceferino?fref=mentions&amp;__xts__%5B0%5D=68.ARARk3PIZogMY4LHHzq-BTXLWvz5hxz5adfzlHbyf1cNffv_voK4dNn7GiLzDdD55HHncKAxwr6GsMOBzCst0-kmHRMRGElBuqVjwvv3yKTF7mPxn_nbP-Cu9jd-G6pgIv96G3NgRiaDOWfWpDmdIGblV6tiijPTs3MmJa3Q4eiuK7vNbQSwPUM&amp;__tn__=K-R\" data-hovercard=\"\/ajax\/hovercard\/user.php?id=100000626678738&amp;extragetparams=%7B%22fref%22%3A%22mentions%22%7D\" data-hovercard-prefer-more-content-show=\"1\">Ramon Vanerio<\/a>,\u00a0<a class=\"profileLink\" style=\"color: #808080;\" href=\"https:\/\/www.facebook.com\/nestorfabian.mendez.5?fref=mentions&amp;__xts__%5B0%5D=68.ARARk3PIZogMY4LHHzq-BTXLWvz5hxz5adfzlHbyf1cNffv_voK4dNn7GiLzDdD55HHncKAxwr6GsMOBzCst0-kmHRMRGElBuqVjwvv3yKTF7mPxn_nbP-Cu9jd-G6pgIv96G3NgRiaDOWfWpDmdIGblV6tiijPTs3MmJa3Q4eiuK7vNbQSwPUM&amp;__tn__=K-R\" data-hovercard=\"\/ajax\/hovercard\/user.php?id=100002087693553&amp;extragetparams=%7B%22fref%22%3A%22mentions%22%7D\" data-hovercard-prefer-more-content-show=\"1\">Nestor Fabian Mendez<\/a>, Juan Matus, MIguel Erices, Jorge S\u00e1ez, Ernesto Chavero, Juan Carlos Bascu\u00f1an) que fuimos capaces de estar a la altura del compromiso con nuestro pueblo, por el valor y la entrega.<\/span><\/h3>\n<h3 style=\"text-align: left;\"><span style=\"color: #808080;\">HOY como AYER seguimos de pie&#8230;seguimos RESISTIENDO&#8230;<\/span><\/h3>\n<h3 style=\"text-align: left;\"><\/h3>\n<h3 style=\"text-align: left;\"><\/h3>\n<h3 style=\"text-align: left;\"><\/h3>\n<h3 style=\"text-align: left;\"><span style=\"color: #808080;\"><img loading=\"lazy\" decoding=\"async\" class=\" wp-image-1477 aligncenter\" src=\"http:\/\/zapala8340.com.ar\/wp-content\/uploads\/2018\/09\/41310727_10155853171017939_7224712561894096896_o-1024x768.jpg\" alt=\"\" width=\"829\" height=\"622\" srcset=\"https:\/\/zapala8340.com.ar\/wp-content\/uploads\/2018\/09\/41310727_10155853171017939_7224712561894096896_o.jpg 1024w, https:\/\/zapala8340.com.ar\/wp-content\/uploads\/2018\/09\/41310727_10155853171017939_7224712561894096896_o-300x225.jpg 300w, https:\/\/zapala8340.com.ar\/wp-content\/uploads\/2018\/09\/41310727_10155853171017939_7224712561894096896_o-768x576.jpg 768w\" sizes=\"(max-width: 829px) 100vw, 829px\" \/><\/span><\/h3>\n<h3 style=\"text-align: left;\"><\/h3>\n<h3 style=\"text-align: left;\"><\/h3>\n<h3 style=\"text-align: left;\"><span style=\"color: #808080;\">Y estoy convencido que m\u00e1s temprano que tarde volveremos a ser la ciudad pujante y progresista, junto con la equidad distributiva, y justicia social, que nunca deber\u00edamos haber perdido.<\/span><\/h3>\n<h3><a class=\"profileLink\" href=\"https:\/\/www.facebook.com\/dadyrubiopolitico\/?fref=mentions&amp;__xts__%5B0%5D=68.ARARk3PIZogMY4LHHzq-BTXLWvz5hxz5adfzlHbyf1cNffv_voK4dNn7GiLzDdD55HHncKAxwr6GsMOBzCst0-kmHRMRGElBuqVjwvv3yKTF7mPxn_nbP-Cu9jd-G6pgIv96G3NgRiaDOWfWpDmdIGblV6tiijPTs3MmJa3Q4eiuK7vNbQSwPUM&amp;__tn__=K-R\" data-hovercard=\"\/ajax\/hovercard\/page.php?id=1857092547954732&amp;extragetparams=%7B%22fref%22%3A%22mentions%22%7D\" data-hovercard-prefer-more-content-show=\"1\">Eduardo &#8220;Dady&#8221; Rubio<\/a><br \/>\nDNI: 18.449.386<br \/>\nAyer miembro del &#8220;Frente de Trabajadores, y Estudiantes por Zapala&#8221;<br \/>\nHoy integrante de\u00a0<a class=\"profileLink\" href=\"https:\/\/www.facebook.com\/compromiso.zapala.5?fref=mentions&amp;__xts__%5B0%5D=68.ARARk3PIZogMY4LHHzq-BTXLWvz5hxz5adfzlHbyf1cNffv_voK4dNn7GiLzDdD55HHncKAxwr6GsMOBzCst0-kmHRMRGElBuqVjwvv3yKTF7mPxn_nbP-Cu9jd-G6pgIv96G3NgRiaDOWfWpDmdIGblV6tiijPTs3MmJa3Q4eiuK7vNbQSwPUM&amp;__tn__=K-R\" data-hovercard=\"\/ajax\/hovercard\/user.php?id=100026132540856&amp;extragetparams=%7B%22fref%22%3A%22mentions%22%7D\" data-hovercard-prefer-more-content-show=\"1\">Compromiso Zapala<\/a><\/h3>\n<h3>Zapala 8 de Septiembre de 2018<\/h3>\n","protected":false},"excerpt":{"rendered":"<p>HOY COMO AYER ZAPALA RESISTE&#8230;! (*) A 17 a\u00f1os de nuestra &#8220;Pueblada Zapalina&#8221; &#8211; 8&#8230;<\/p>\n","protected":false},"author":1,"featured_media":0,"comment_status":"open","ping_status":"open","sticky":false,"template":"","format":"standard","meta":{"footnotes":""},"categories":[8],"tags":[],"class_list":["post-1469","post","type-post","status-publish","format-standard","hentry","category-zapala"],"_links":{"self":[{"href":"https:\/\/zapala8340.com.ar\/index.php?rest_route=\/wp\/v2\/posts\/1469"}],"collection":[{"href":"https:\/\/zapala8340.com.ar\/index.php?rest_route=\/wp\/v2\/posts"}],"about":[{"href":"https:\/\/zapala8340.com.ar\/index.php?rest_route=\/wp\/v2\/types\/post"}],"author":[{"embeddable":true,"href":"https:\/\/zapala8340.com.ar\/index.php?rest_route=\/wp\/v2\/users\/1"}],"replies":[{"embeddable":true,"href":"https:\/\/zapala8340.com.ar\/index.php?rest_route=%2Fwp%2Fv2%2Fcomments&post=1469"}],"version-history":[{"count":8,"href":"https:\/\/zapala8340.com.ar\/index.php?rest_route=\/wp\/v2\/posts\/1469\/revisions"}],"predecessor-version":[{"id":1483,"href":"https:\/\/zapala8340.com.ar\/index.php?rest_route=\/wp\/v2\/posts\/1469\/revisions\/1483"}],"wp:attachment":[{"href":"https:\/\/zapala8340.com.ar\/index.php?rest_route=%2Fwp%2Fv2%2Fmedia&parent=1469"}],"wp:term":[{"taxonomy":"category","embeddable":true,"href":"https:\/\/zapala8340.com.ar\/index.php?rest_route=%2Fwp%2Fv2%2Fcategories&post=1469"},{"taxonomy":"post_tag","embeddable":true,"href":"https:\/\/zapala8340.com.ar\/index.php?rest_route=%2Fwp%2Fv2%2Ftags&post=1469"}],"curies":[{"name":"wp","href":"https:\/\/api.w.org\/{rel}","templated":true}]}}