{"id":14918,"date":"2021-01-01T11:37:07","date_gmt":"2021-01-01T14:37:07","guid":{"rendered":"http:\/\/zapala8340.com.ar\/?p=14918"},"modified":"2021-01-01T11:37:10","modified_gmt":"2021-01-01T14:37:10","slug":"dura-critica-de-elisa-carrio-a-cristina-kirchner-por-cobrar-dos-pensiones-de-privilegio-sin-moral-y-sin-verguenza","status":"publish","type":"post","link":"https:\/\/zapala8340.com.ar\/?p=14918","title":{"rendered":"Dura cr\u00edtica de Elisa Carri\u00f3 a Cristina Kirchner por cobrar dos pensiones de privilegio: &#8220;Sin moral y sin verg\u00fcenza&#8221;"},"content":{"rendered":"\n<h2 class=\"wp-block-heading\">La l\u00edder de la CC, Elisa Carri\u00f3, critic\u00f3 con dureza a Cristina Kirchner, luego de que la Justicia\u00a0habilitara a la vicepresidenta\u00a0a cobrar dos pensiones de privilegio.<\/h2>\n\n\n\n<p class=\"has-text-color has-medium-font-size has-very-dark-gray-color\">&#8220;Sin moral y sin verg\u00fcenza. La se\u00f1ora cobra dos subsidios, sin pago de ganancias, por el equivalente a 800.000 pesos, m\u00e1s el sueldo de vicepresidente de la Naci\u00f3n, mientras empobrece nuevamente a los jubilados&#8221;, escribi\u00f3 Carri\u00f3, una de las referentes de Juntos por el Cambio, en su cuenta de Twitter.<\/p>\n\n\n\n<p class=\"has-background has-medium-font-size has-very-light-gray-background-color\">Un juez habilit\u00f3 a Cristina Kirchner a cobrar dos jubilaciones de privilegio a la vez, con intereses y sin pagar Ganancias<\/p>\n\n\n\n<p class=\"has-text-color has-medium-font-size has-very-dark-gray-color\">Seg\u00fan inform\u00f3 LA NACION ayer, el juez federal de la Seguridad Social Ezequiel P\u00e9rez Nami hizo lugar a\u00a0una presentaci\u00f3n\u00a0de Cristina Kirchner y la autoriz\u00f3 a cobrar su pensi\u00f3n como expresidenta m\u00e1s la de su marido, el expresidente N\u00e9stor Kirchner, con intereses retroactivos y sin pagar el impuesto a las ganancias.<\/p>\n\n\n\n<figure><iframe allowfullscreen=\"true\" class=\"\" src=\"https:\/\/platform.twitter.com\/embed\/index.html?dnt=true&amp;embedId=twitter-widget-0&amp;frame=false&amp;hideCard=false&amp;hideThread=false&amp;id=1344302766685085697&amp;lang=es&amp;origin=https%3A%2F%2Fes-us.noticias.yahoo.com%2Fdura-cr%25C3%25ADtica-elisa-carri%25C3%25B3-cristina-154800694.html&amp;siteScreenName=Yahoo&amp;theme=light&amp;widgetsVersion=ed20a2b%3A1601588405575&amp;width=550px\"><\/iframe><\/figure>\n\n\n\n<p class=\"has-text-color has-medium-font-size has-very-dark-gray-color\">Si el fallo quedara firme, la vicepresidenta podr\u00eda cobrar unos dos millones de pesos por mes y 100 millones de pesos m\u00e1s como retroactivo, seg\u00fan el c\u00e1lculo que realiz\u00f3 ayer Alejandro Chiti, exsecretario de Seguridad Social y abogado especialista en derecho previsional.<\/p>\n\n\n\n<figure><iframe allowfullscreen=\"true\" class=\"\" src=\"https:\/\/platform.twitter.com\/embed\/index.html?dnt=true&amp;embedId=twitter-widget-1&amp;frame=false&amp;hideCard=false&amp;hideThread=false&amp;id=1344011903421599744&amp;lang=es&amp;origin=https%3A%2F%2Fes-us.noticias.yahoo.com%2Fdura-cr%25C3%25ADtica-elisa-carri%25C3%25B3-cristina-154800694.html&amp;siteScreenName=Yahoo&amp;theme=light&amp;widgetsVersion=ed20a2b%3A1601588405575&amp;width=550px\"><\/iframe><\/figure>\n\n\n\n<p class=\"has-text-color has-medium-font-size has-very-dark-gray-color\">&#8220;Eso es para cuando deja de ser vicepresidente. Una vez que se ostenta de nuevo el cargo se suspende el subsidio. Es para que los presidentes no queden sin recursos, pero no es para que cobren tres veces&#8221;, advirti\u00f3 Carri\u00f3, quien d\u00edas atr\u00e1s anunci\u00f3 que pretende ser candidata a diputada nacional en la provincia de Buenos Aires en las elecciones legislativas de 2021.<\/p>\n\n\n\n<p class=\"has-text-color has-medium-font-size has-very-dark-gray-color\">Y agreg\u00f3: \u00bfSi esto no es fascismo, el fascismo d\u00f3nde est\u00e1? D\u00edganme d\u00f3nde est\u00e1n los pobres en la cultura del cristinismo&#8221;.<\/p>\n\n\n\n<p class=\"has-text-color has-medium-font-size has-very-dark-gray-color\">La decisi\u00f3n del juez subrogante P\u00e9rez Nami podr\u00eda ser apelada por la titular de la Anses, Fernanda Raverta, y el procurador del Tesoro, Carlos Zannini.<\/p>\n\n\n\n<p>FUENTE LA NACION<\/p>\n","protected":false},"excerpt":{"rendered":"<p>La l\u00edder de la CC, Elisa Carri\u00f3, critic\u00f3 con dureza a Cristina Kirchner, luego de&#8230;<\/p>\n","protected":false},"author":1,"featured_media":14919,"comment_status":"open","ping_status":"open","sticky":false,"template":"","format":"standard","meta":{"footnotes":""},"categories":[4],"tags":[],"class_list":["post-14918","post","type-post","status-publish","format-standard","has-post-thumbnail","hentry","category-nacionales"],"_links":{"self":[{"href":"https:\/\/zapala8340.com.ar\/index.php?rest_route=\/wp\/v2\/posts\/14918"}],"collection":[{"href":"https:\/\/zapala8340.com.ar\/index.php?rest_route=\/wp\/v2\/posts"}],"about":[{"href":"https:\/\/zapala8340.com.ar\/index.php?rest_route=\/wp\/v2\/types\/post"}],"author":[{"embeddable":true,"href":"https:\/\/zapala8340.com.ar\/index.php?rest_route=\/wp\/v2\/users\/1"}],"replies":[{"embeddable":true,"href":"https:\/\/zapala8340.com.ar\/index.php?rest_route=%2Fwp%2Fv2%2Fcomments&post=14918"}],"version-history":[{"count":1,"href":"https:\/\/zapala8340.com.ar\/index.php?rest_route=\/wp\/v2\/posts\/14918\/revisions"}],"predecessor-version":[{"id":14920,"href":"https:\/\/zapala8340.com.ar\/index.php?rest_route=\/wp\/v2\/posts\/14918\/revisions\/14920"}],"wp:featuredmedia":[{"embeddable":true,"href":"https:\/\/zapala8340.com.ar\/index.php?rest_route=\/wp\/v2\/media\/14919"}],"wp:attachment":[{"href":"https:\/\/zapala8340.com.ar\/index.php?rest_route=%2Fwp%2Fv2%2Fmedia&parent=14918"}],"wp:term":[{"taxonomy":"category","embeddable":true,"href":"https:\/\/zapala8340.com.ar\/index.php?rest_route=%2Fwp%2Fv2%2Fcategories&post=14918"},{"taxonomy":"post_tag","embeddable":true,"href":"https:\/\/zapala8340.com.ar\/index.php?rest_route=%2Fwp%2Fv2%2Ftags&post=14918"}],"curies":[{"name":"wp","href":"https:\/\/api.w.org\/{rel}","templated":true}]}}