{"id":14925,"date":"2021-01-03T11:22:37","date_gmt":"2021-01-03T14:22:37","guid":{"rendered":"http:\/\/zapala8340.com.ar\/?p=14925"},"modified":"2021-01-03T11:22:39","modified_gmt":"2021-01-03T14:22:39","slug":"la-buscaron-missing-children-e-interpol-encuentran-a-una-chica-desaparecida-hace-10-anos-y-detienen-a-sus-padres-creen-que-la-entregaron-a-una-red-de-trata","status":"publish","type":"post","link":"https:\/\/zapala8340.com.ar\/?p=14925","title":{"rendered":"La buscaron Missing Children e Interpol- Encuentran a una chica desaparecida hace 10 a\u00f1os y detienen a sus padres: creen que la entregaron a una red de trata"},"content":{"rendered":"\n<h2 class=\"wp-block-heading\">La adolescente viv\u00eda en Mendoza cuando desapareci\u00f3 en julio de 2011. La Polic\u00eda Federal la encontr\u00f3 en Buenos Aires.<\/h2>\n\n\n\n<p class=\"has-medium-font-size\"><strong>Estuvo desaparecida diez a\u00f1os<\/strong>. Sus amigos y vecinos del pueblo mendocino de La Paz, en el l\u00edmite con\u00a0San Luis, dejaron de verla en 2011. Ella ten\u00eda entonces 14 a\u00f1os. Esta Navidad, un operativo de la Polic\u00eda Federal la ubic\u00f3 en Buenos Aires. Seg\u00fan pudo saber\u00a0<strong>Clar\u00edn<\/strong>\u00a0de fuentes de la investigaci\u00f3n, la hip\u00f3tesis\u00a0m\u00e1s firme es que la chica\u00a0<strong>fue entregada a una red de trata<\/strong>\u00a0de personas y obligada a ejercer la prostituci\u00f3n. Su madre y su padrastro fueron detenidos en\u00a0Mendoza\u00a0y acusados de ser los responsables de su desaparici\u00f3n.<\/p>\n\n\n\n<figure class=\"wp-block-image\"><img loading=\"lazy\" decoding=\"async\" width=\"1024\" height=\"546\" src=\"https:\/\/zapala8340.com.ar\/wp-content\/uploads\/2021\/01\/image-1024x546.png\" alt=\"\" class=\"wp-image-14926\" srcset=\"https:\/\/zapala8340.com.ar\/wp-content\/uploads\/2021\/01\/image-1024x546.png 1024w, https:\/\/zapala8340.com.ar\/wp-content\/uploads\/2021\/01\/image-300x160.png 300w, https:\/\/zapala8340.com.ar\/wp-content\/uploads\/2021\/01\/image-768x409.png 768w, https:\/\/zapala8340.com.ar\/wp-content\/uploads\/2021\/01\/image.png 1450w\" sizes=\"(max-width: 1024px) 100vw, 1024px\" \/><\/figure>\n\n\n\n<p class=\"has-text-color has-medium-font-size has-very-dark-gray-color\">Seg\u00fan se\u00f1alaron fuentes del caso, C.A.&nbsp;ahora tiene 24 a\u00f1os. Est\u00e1 con tratamiento psicol\u00f3gico bajo la supervisi\u00f3n de la Justicia Federal. Su nombre integr\u00f3 la lista de personas buscadas por&nbsp;<em>Missing Children<\/em>&nbsp;e Interpol. El 8 de julio de 2011 se perdi\u00f3 su rastro. En un primer momento, era buscada por sus familiares, por sus amigos de la escuela Marcelino Blanco y por sus vecinos. Se cre\u00eda que pod\u00eda haber tomado un colectivo hacia San Luis.<\/p>\n\n\n\n<p class=\"has-text-color has-medium-font-size has-very-dark-gray-color\">\u201cHubo algunas marchas por su aparici\u00f3n. Sus familiares crearon una p\u00e1gina en Facebook con su nombre por si alguien pod\u00eda aportar informaci\u00f3n, pero las versiones policiales dec\u00edan que C.A.\u00a0se hab\u00eda ido con un novio que trabajaba en la construcci\u00f3n en San Luis\u201d, seg\u00fan record\u00f3 el portal\u00a0<em>Tiempo del Este<\/em>, que cubre las noticias de La Paz.<\/p>\n\n\n\n<p class=\"has-text-color has-medium-font-size has-very-dark-gray-color\">En las horas previas al A\u00f1o Nuevo, personal de Gendarmer\u00eda Nacional allan\u00f3 la casa de los padres de C.A., ubicada en la avenida San Mart\u00edn del municipio de La Paz. All\u00ed se encontraban la madre M\u00f3nica Maturano y el padrastro Alberto Orozco. Ambos fueron&nbsp;<strong>detenidos<\/strong>&nbsp;como&nbsp;<strong>sospechosos de haberla entregado a una red de trata de personas<\/strong>&nbsp;y derivados a las c\u00e1rcel provincial.<\/p>\n\n\n\n<p class=\"has-text-color has-medium-font-size has-very-dark-gray-color\">La causa, a cargo de la Justicia Federal, investiga si existi\u00f3 el delito enmarcado en la ley de trata de personas (26842), que supone una pena de entre 5 y 10 de prisi\u00f3n por tratarse de un familiar (art\u00edculo 145 ter).<\/p>\n\n\n\n<p class=\"has-text-color has-medium-font-size has-very-dark-gray-color\">Cuando C.A.&nbsp;desapareci\u00f3, su madre dec\u00eda que hab\u00eda salido de casa el viernes 8 de julio en la tarde y que ya no&nbsp;hab\u00eda vuelto. \u201cMe dijo que ten\u00eda que ir a buscar informaci\u00f3n para un trabajo de la escuela. Me pidi\u00f3 permiso para salir y nunca regres\u00f3\u201d, relat\u00f3 Maturano. La madre trabaja en un hogar de ancianos y su pareja, Orozco, es empleado de Vialidad Provincial. Si bien el hombre no es el padre biol\u00f3gico de C.A., la hab\u00eda reconocido como hija y le hab\u00eda dado su apellido cuando ella era una nena.<\/p>\n\n\n\n<figure class=\"wp-block-image\"><img decoding=\"async\" src=\"https:\/\/images.clarin.com\/2021\/01\/02\/efectivos-de-gendarmeria-realizan-un____ayt7FYvw_720x0__1.jpg\" alt=\"Efectivos de Gendarmer\u00eda realizan un operativo en Mendoza.\"\/><\/figure>\n\n\n\n<p>Efectivos de Gendarmer\u00eda realizan un operativo en Mendoza.<\/p>\n\n\n\n<p class=\"has-text-color has-medium-font-size has-very-dark-gray-color\">A medida que avancen los testimonios y la declaraci\u00f3n de C.A., podr\u00e1n conocerse detalles de su&nbsp;<strong>cautiverio<\/strong>.<\/p>\n\n\n\n<p class=\"has-text-color has-medium-font-size has-very-dark-gray-color\">Hubo revuelo en las calles de La Paz el 30 de diciembre pasado, cuando se detuvo a los padres de la joven. Un familiar de la adolescente coment\u00f3 al portal Tiempo del Este la sorpresa que caus\u00f3 su aparici\u00f3n: &#8220;Estamos muy contentos de saber que&nbsp;est\u00e1 viva, pero a su vez tristes por pensar que sus padres pueden tener algo que ver en el hecho\u201d.<\/p>\n\n\n\n<p><em>Mendoza. Corresponsal\u00eda.<\/em><\/p>\n\n\n\n<p><em>LGP\u200b<\/em><\/p>\n\n\n\n<figure class=\"wp-block-image is-resized\"><img loading=\"lazy\" decoding=\"async\" src=\"https:\/\/zapala8340.com.ar\/wp-content\/uploads\/2021\/01\/image-1.png\" alt=\"\" class=\"wp-image-14928\" width=\"198\" height=\"32\" srcset=\"https:\/\/zapala8340.com.ar\/wp-content\/uploads\/2021\/01\/image-1.png 408w, https:\/\/zapala8340.com.ar\/wp-content\/uploads\/2021\/01\/image-1-300x48.png 300w\" sizes=\"(max-width: 198px) 100vw, 198px\" \/><\/figure>\n\n\n\n<p><\/p>\n","protected":false},"excerpt":{"rendered":"<p>La adolescente viv\u00eda en Mendoza cuando desapareci\u00f3 en julio de 2011. La Polic\u00eda Federal la&#8230;<\/p>\n","protected":false},"author":1,"featured_media":14927,"comment_status":"open","ping_status":"open","sticky":false,"template":"","format":"standard","meta":{"footnotes":""},"categories":[4],"tags":[],"class_list":["post-14925","post","type-post","status-publish","format-standard","has-post-thumbnail","hentry","category-nacionales"],"_links":{"self":[{"href":"https:\/\/zapala8340.com.ar\/index.php?rest_route=\/wp\/v2\/posts\/14925"}],"collection":[{"href":"https:\/\/zapala8340.com.ar\/index.php?rest_route=\/wp\/v2\/posts"}],"about":[{"href":"https:\/\/zapala8340.com.ar\/index.php?rest_route=\/wp\/v2\/types\/post"}],"author":[{"embeddable":true,"href":"https:\/\/zapala8340.com.ar\/index.php?rest_route=\/wp\/v2\/users\/1"}],"replies":[{"embeddable":true,"href":"https:\/\/zapala8340.com.ar\/index.php?rest_route=%2Fwp%2Fv2%2Fcomments&post=14925"}],"version-history":[{"count":1,"href":"https:\/\/zapala8340.com.ar\/index.php?rest_route=\/wp\/v2\/posts\/14925\/revisions"}],"predecessor-version":[{"id":14929,"href":"https:\/\/zapala8340.com.ar\/index.php?rest_route=\/wp\/v2\/posts\/14925\/revisions\/14929"}],"wp:featuredmedia":[{"embeddable":true,"href":"https:\/\/zapala8340.com.ar\/index.php?rest_route=\/wp\/v2\/media\/14927"}],"wp:attachment":[{"href":"https:\/\/zapala8340.com.ar\/index.php?rest_route=%2Fwp%2Fv2%2Fmedia&parent=14925"}],"wp:term":[{"taxonomy":"category","embeddable":true,"href":"https:\/\/zapala8340.com.ar\/index.php?rest_route=%2Fwp%2Fv2%2Fcategories&post=14925"},{"taxonomy":"post_tag","embeddable":true,"href":"https:\/\/zapala8340.com.ar\/index.php?rest_route=%2Fwp%2Fv2%2Ftags&post=14925"}],"curies":[{"name":"wp","href":"https:\/\/api.w.org\/{rel}","templated":true}]}}