{"id":14937,"date":"2021-01-04T09:29:30","date_gmt":"2021-01-04T12:29:30","guid":{"rendered":"http:\/\/zapala8340.com.ar\/?p=14937"},"modified":"2021-01-04T09:29:43","modified_gmt":"2021-01-04T12:29:43","slug":"arranca-el-pago-a-los-jubilados-de-la-provincia","status":"publish","type":"post","link":"https:\/\/zapala8340.com.ar\/?p=14937","title":{"rendered":"Arranca el pago a los jubilados de la Provincia"},"content":{"rendered":"\n<h2 class=\"wp-block-heading\">Les depositar\u00e1n primero a los que tienen DNI par y un d\u00eda despu\u00e9s a los que tienen impar. Despu\u00e9s cobrar\u00e1 todo el plantel del Estado.<\/h2>\n\n\n\n<p class=\"has-text-color has-medium-font-size has-very-dark-gray-color\"><strong>Este lunes empieza el cronograma de\u00a0pago\u00a0a los\u00a0jubilados<\/strong>\u00a0de la Provincia. El primer ingreso de 2021 lo tendr\u00e1n desde este martes los que tengan terminaci\u00f3n par del DNI. Mientras que los que tienen documento con el \u00faltimo n\u00famero impar, tendr\u00e1n su plata depositada el mi\u00e9rcoles.<\/p>\n\n\n\n<p class=\"has-text-color has-medium-font-size has-very-dark-gray-color\">Los dep\u00f3sitos se siguen haciendo discriminados por terminaci\u00f3n de DNI para que no se concentren todos los jubilados y asalariados al mismo tiempo en los cajeros de los bancos.<\/p>\n\n\n\n<p class=\"has-text-color has-medium-font-size has-very-dark-gray-color\">Despu\u00e9s de los jubilados cobrar\u00e1n sus sueldos los estatales de todos los escalafones en forma escalonada. Los primeros en la lista son los trabajadores del \u00e1mbito de la Salud y la Seguridad, que se encontrar\u00e1n con sus haberes depositados el jueves si tienen DNI par, y un d\u00eda despu\u00e9s los que tienen impar.<\/p>\n\n\n\n<p class=\"has-text-color has-medium-font-size has-very-dark-gray-color\">El lunes 11 cobrar\u00e1n los agentes de la administraci\u00f3n central y del Consejo Provincial de Educaci\u00f3n con documento par; mientras que los impares de esas mismas dependencias cobrar\u00e1n un d\u00eda m\u00e1s tarde. El mi\u00e9rcoles 13 tendr\u00e1n sus salarios los agentes de los organismos descentralizados y las empresas del Estado. El cronograma se cierra el jueves 14 con el pago a la planta pol\u00edtica del Estado.<\/p>\n\n\n\n<ul class=\"wp-block-list\"><li>FUENTE LMN<\/li><\/ul>\n","protected":false},"excerpt":{"rendered":"<p>Les depositar\u00e1n primero a los que tienen DNI par y un d\u00eda despu\u00e9s a los&#8230;<\/p>\n","protected":false},"author":1,"featured_media":14938,"comment_status":"open","ping_status":"open","sticky":false,"template":"","format":"standard","meta":{"footnotes":""},"categories":[4],"tags":[],"class_list":["post-14937","post","type-post","status-publish","format-standard","has-post-thumbnail","hentry","category-nacionales"],"_links":{"self":[{"href":"https:\/\/zapala8340.com.ar\/index.php?rest_route=\/wp\/v2\/posts\/14937"}],"collection":[{"href":"https:\/\/zapala8340.com.ar\/index.php?rest_route=\/wp\/v2\/posts"}],"about":[{"href":"https:\/\/zapala8340.com.ar\/index.php?rest_route=\/wp\/v2\/types\/post"}],"author":[{"embeddable":true,"href":"https:\/\/zapala8340.com.ar\/index.php?rest_route=\/wp\/v2\/users\/1"}],"replies":[{"embeddable":true,"href":"https:\/\/zapala8340.com.ar\/index.php?rest_route=%2Fwp%2Fv2%2Fcomments&post=14937"}],"version-history":[{"count":2,"href":"https:\/\/zapala8340.com.ar\/index.php?rest_route=\/wp\/v2\/posts\/14937\/revisions"}],"predecessor-version":[{"id":14940,"href":"https:\/\/zapala8340.com.ar\/index.php?rest_route=\/wp\/v2\/posts\/14937\/revisions\/14940"}],"wp:featuredmedia":[{"embeddable":true,"href":"https:\/\/zapala8340.com.ar\/index.php?rest_route=\/wp\/v2\/media\/14938"}],"wp:attachment":[{"href":"https:\/\/zapala8340.com.ar\/index.php?rest_route=%2Fwp%2Fv2%2Fmedia&parent=14937"}],"wp:term":[{"taxonomy":"category","embeddable":true,"href":"https:\/\/zapala8340.com.ar\/index.php?rest_route=%2Fwp%2Fv2%2Fcategories&post=14937"},{"taxonomy":"post_tag","embeddable":true,"href":"https:\/\/zapala8340.com.ar\/index.php?rest_route=%2Fwp%2Fv2%2Ftags&post=14937"}],"curies":[{"name":"wp","href":"https:\/\/api.w.org\/{rel}","templated":true}]}}