{"id":15173,"date":"2021-01-13T00:00:10","date_gmt":"2021-01-13T03:00:10","guid":{"rendered":"http:\/\/zapala8340.com.ar\/?p=15173"},"modified":"2021-01-13T00:00:12","modified_gmt":"2021-01-13T03:00:12","slug":"los-medios-nacionales-reflejan-la-preocupacion-sanitaria-que-atraviesa-el-hospital-de-zapala","status":"publish","type":"post","link":"https:\/\/zapala8340.com.ar\/?p=15173","title":{"rendered":"Los medios nacionales reflejan la preocupaci\u00f3n sanitaria que atraviesa el Hospital de Zapala"},"content":{"rendered":"\n<p class=\"has-medium-font-size\">El hospital de Zapala, ciudad ubicada en el centro de Neuqu\u00e9n,&nbsp;una de las provincias con peores indicadores sanitarios por la cantidad de contagios de coronavirus en este momento,&nbsp;<strong>se qued\u00f3 sin camas para internaciones en terapia intensiva por COVID-19.<\/strong>&nbsp;<\/p>\n\n\n\n<p class=\"has-text-color has-medium-font-size has-very-dark-gray-color\">Si bien la situaci\u00f3n est\u00e1 controlada porque, en caso de ser necesario, se pueden trasladar pacientes a otros centros m\u00e9dicos de la zona, hay preocupaci\u00f3n por parte de las autoridades porque siguen notando un relajamiento general en la sociedad en cuanto a los cuidados para evitar la propagaci\u00f3n del virus.<\/p>\n\n\n\n<p class=\"has-text-color has-medium-font-size has-very-dark-gray-color\"><strong>El Hospital Interzonal Zapala ya no cuenta con camas para recibir m\u00e1s internados en terapia intensiva por COVID-19.<\/strong>&nbsp;Ante esta situaci\u00f3n, el director del centro m\u00e9dico, el doctor&nbsp;<strong>Dar\u00edo Piccoli<\/strong>, redact\u00f3 un comunicado dirigido al jefe de la Zona Sanitaria II, el doctor&nbsp;<strong>Carlos Quarin<\/strong>, para manifestarle su preocupaci\u00f3n.<\/p>\n\n\n\n<p class=\"has-medium-font-size\">Me dirijo a usted con el fin de informarle que debido al aumento sostenido de casos positivos de COVID-19 en nuestra ciudad y localidades cercanas,&nbsp;<strong>el Hospital Zapala ya no cuenta con camas disponibles para la internaci\u00f3n en los servicios de cl\u00ednica m\u00e9dica y terapia intensiva COVID<\/strong>\u201d, explic\u00f3 Piccoli.<\/p>\n\n\n\n<p class=\"has-text-color has-medium-font-size has-very-dark-gray-color\">En ese sentido, asegur\u00f3 que&nbsp;<strong>el 60% de las personas que requieren atenci\u00f3n en la sala por presentar s\u00edntomas de coronavirus son menores de 40 a\u00f1os<\/strong>. \u201cEstad\u00edstica que se correlaciona con el aumento de reuniones sociales en ese grupo etario, por el no uso de medidas de protecci\u00f3n indicadas\u201d, detall\u00f3.<\/p>\n\n\n\n<p class=\"has-text-color has-medium-font-size has-very-dark-gray-color\">Por ese motivo, pidi\u00f3 mayor responsabilidad para evitar que se salga de control la situaci\u00f3n sanitaria y que puedan seguir ocup\u00e1ndose de todos los que requieran atenci\u00f3n m\u00e9dica: \u201cAnte esta dif\u00edcil situaci\u00f3n de saturaci\u00f3n de la capacidad de internaci\u00f3n de nuestro hospital,&nbsp;<strong>solicitamos reforzar las medidas de prevenci\u00f3n y la utilizaci\u00f3n de estrategias seg\u00fan lo establezca el COE (Comit\u00e9 Operativo de Emergencia) de cada localidad, a fin de atenuar la curva de contagios<\/strong>\u201d.<\/p>\n\n\n\n<div class=\"wp-block-image\"><figure class=\"aligncenter is-resized\"><img loading=\"lazy\" decoding=\"async\" src=\"https:\/\/www.infobae.com\/new-resizer\/gtnRlR97nA0sdEYl2KgaIuy_9U4=\/420x560\/filters:format(jpg):quality(85)\/\/cloudfront-us-east-1.images.arcpublishing.com\/infobae\/OVMIIT5WVRDC5EENPNZV5GDTS4.jpg\" alt=\"El documento firmado por el director del hospital Zapala que alerta sobre la situaci\u00f3n sanitaria en la ciudad\" width=\"573\" height=\"764\"\/><\/figure><\/div>\n\n\n\n<p>El documento firmado por el director del hospital Zapala que alerta sobre la situaci\u00f3n sanitaria en la ciudad<\/p>\n\n\n\n<p class=\"has-text-color has-medium-font-size has-very-dark-gray-color\">Neuqu\u00e9n es una de las provincias m\u00e1s complicadas en este momento en cuanto a su situaci\u00f3n sanitaria. El lunes se registraron 405 contagios y&nbsp;<strong>es uno de los seis distritos que, seg\u00fan los nuevos par\u00e1metros fijados por el Gobierno, \u201cameritan\u201d que sus gobernadores \u201cadopten medidas de limitaci\u00f3n de la circulaci\u00f3n\u201d ante el aumento de contagios de coronavirus.<\/strong><\/p>\n\n\n\n<p class=\"has-text-color has-medium-font-size has-very-dark-gray-color\">El Decreto 4\/2021 establece un \u201csem\u00e1foro sanitario\u201d que se basa, por un lado, en la raz\u00f3n \u2013el coeficiente (divisi\u00f3n) entre el n\u00famero de casos confirmados acumulados en los \u00faltimos 14 d\u00edas y el n\u00famero de contagios acumulados en los 14 d\u00edas previos\u2013, que debe ser menor de 1,20. Por otro lado, la incidencia \u2013indicador que resulta del n\u00famero de casos confirmados acumulados de los \u00faltimos 14 d\u00edas por 100 mil habitantes\u2013 debe ser menor de 150.<\/p>\n\n\n\n<p class=\"has-text-color has-medium-font-size has-very-dark-gray-color\"><strong>Seg\u00fan el coeficiente de la raz\u00f3n, la provincia que peor se encontraba al momento del anuncio de las medidas (8 de enero) era Neuqu\u00e9n (1,91, cuando el m\u00e1ximo es 1,20)<\/strong>. En cuanto a la incidencia de los 14 d\u00edas previos, ten\u00eda el tercer peor escenario de todas las provincias (747, cuando el m\u00e1ximo es 150). Por estos motivos, tal como indica el decreto, si la situaci\u00f3n no mejora, el gobernador&nbsp;<strong>Omar Guti\u00e9rrez&nbsp;<\/strong>podr\u00e1 restringir la circulaci\u00f3n nocturna para frenar el crecimiento de los contagios.<\/p>\n\n\n\n<div class=\"wp-block-image\"><figure class=\"aligncenter is-resized\"><img loading=\"lazy\" decoding=\"async\" src=\"https:\/\/www.infobae.com\/new-resizer\/Y7r3uJmHOGy-5R956UtTIy7-wuo=\/420x280\/filters:format(jpg):quality(85)\/\/cloudfront-us-east-1.images.arcpublishing.com\/infobae\/J5SYJHSMRBG37FG22CQSR3T3FY.jpg\" alt=\"El gobernador de Neuqu\u00e9n, Omar Guti\u00e9rrez, se aplic\u00f3 la vacuna contra el coronavirus (@OmarGutierrezOk)\" width=\"622\" height=\"415\"\/><\/figure><\/div>\n\n\n\n<p>El gobernador de Neuqu\u00e9n, Omar Guti\u00e9rrez, se aplic\u00f3 la vacuna contra el coronavirus (@OmarGutierrezOk)<\/p>\n\n\n\n<p class=\"has-text-color has-medium-font-size has-very-dark-gray-color\">Seg\u00fan averigu\u00f3&nbsp;<strong>Infobae<\/strong>, en Zapala hay preocupaci\u00f3n por los indicadores y la falta de camas, pero no creen que la situaci\u00f3n est\u00e9 fuera de control, ya que en los otros dos centros de referencia para la internaci\u00f3n y la terapia intensiva de pacientes por COVID en la provincia, Neuqu\u00e9n capital y San Mart\u00edn de los Andes, hay lugares disponibles. Todav\u00eda no fue necesario, pero&nbsp;<strong>en el caso de que hubiese que trasladar a alguna persona a esas ciudades, se puede hacer sin inconvenientes<\/strong>.<\/p>\n\n\n\n<p class=\"has-text-color has-medium-font-size has-very-dark-gray-color\">\u201cEl n\u00famero de camas disponibles por internaci\u00f3n es fluctuante porque todo el tiempo hay pacientes que reciben el alta o, lamentablemente, tambi\u00e9n pueden fallecer. Entonces las camas se van ocupando y liberando.&nbsp;<strong>S\u00ed es cierto que ayer estuvieron todas las camas ocupadas y que se est\u00e1 trabajando al l\u00edmite todos los d\u00edas, con una ocupaci\u00f3n de las camas de casi el 90 por ciento. Eso quiere decir que no hay mucho respiro<\/strong>\u201d, explicaron a&nbsp;<strong>Infobae&nbsp;<\/strong>sobre la situaci\u00f3n en Zapala. Por ese motivo, en la ciudad est\u00e1n fortaleciendo las campa\u00f1as de concientizaci\u00f3n.<\/p>\n\n\n\n<p class=\"has-text-color has-medium-font-size has-very-dark-gray-color\">Fuentes del Ministerio de Salud de la provincia adelantaron a este medio que el viernes&nbsp;<strong>llegar\u00e1n a Zapala varios m\u00e9dicos itinerantes<\/strong>, que ya estuvieron trabajando all\u00ed en el peor momento de la pandemia el a\u00f1o pasado. Adem\u00e1s, precisaron que el centro m\u00e9dico de la ciudad y el de San Mart\u00edn de los Andes se&nbsp;<strong>reforzar\u00e1n con seis camas de terapia intensiva cada una<\/strong>.<\/p>\n\n\n\n<p class=\"has-text-color has-medium-font-size has-very-dark-gray-color\">En Zapala ayer se registraron 24 contagios nuevos de coronavirus. Hace 14 d\u00edas el n\u00famero hab\u00eda sido de 19 contagios, lo que significa&nbsp;<strong>un aumento del 26,31 por ciento<\/strong>. \u201cLa situaci\u00f3n est\u00e1 controlada y no se ha derivado a nadie ni se tuvo que rechazar paciente alguno. Obviamente,&nbsp;<strong>hay preocupaci\u00f3n por parte de todos los profesionales de la salud porque vienen trabajando hace m\u00e1s de 10 meses y la gente se cansa tambi\u00e9n<\/strong>\u201d, reconocen en la ciudad.<\/p>\n\n\n\n<p><\/p>\n\n\n\n<p class=\"has-text-color has-medium-font-size has-very-dark-gray-color\">En San Mart\u00edn de los Andes, centro tur\u00edstico por excelencia de Neuqu\u00e9n, la perspectiva no es mucho m\u00e1s prometedora. El jefe de la Zona Sanitaria IV,&nbsp;<strong>N\u00e9stor S\u00e1nez<\/strong>, reconoci\u00f3 que las cifras de los casos activos baj\u00f3 en los \u00faltimos d\u00edas pero advirti\u00f3 que las de internaci\u00f3n subieron. \u201cEra lo esperado, pero cada vez hay m\u00e1s casos. Por lo tanto, m\u00e1s ocupaci\u00f3n de camas y, tambi\u00e9n, m\u00e1s muertes\u201d. Ya el 5 de enero, el director del Hospital Doctor Castro Rend\u00f3n, el m\u00e1s importante de la provincia, hab\u00eda advertido que \u201csi las personas no se cuidan\u201d,&nbsp;<strong>el 15 de enero podr\u00eda colapsar el sistema de salud en la zona<\/strong>.<\/p>\n\n\n\n<p>FUENTE<\/p>\n\n\n\n<figure class=\"wp-block-image\"><img decoding=\"async\" src=\"https:\/\/www.infobae.com\/resources\/assets\/img\/logo_infobae_naranja.svg\" alt=\"Infobae\"\/><\/figure>\n","protected":false},"excerpt":{"rendered":"<p>El hospital de Zapala, ciudad ubicada en el centro de Neuqu\u00e9n,&nbsp;una de las provincias con&#8230;<\/p>\n","protected":false},"author":1,"featured_media":15174,"comment_status":"open","ping_status":"open","sticky":false,"template":"","format":"standard","meta":{"footnotes":""},"categories":[8],"tags":[],"class_list":["post-15173","post","type-post","status-publish","format-standard","has-post-thumbnail","hentry","category-zapala"],"_links":{"self":[{"href":"https:\/\/zapala8340.com.ar\/index.php?rest_route=\/wp\/v2\/posts\/15173"}],"collection":[{"href":"https:\/\/zapala8340.com.ar\/index.php?rest_route=\/wp\/v2\/posts"}],"about":[{"href":"https:\/\/zapala8340.com.ar\/index.php?rest_route=\/wp\/v2\/types\/post"}],"author":[{"embeddable":true,"href":"https:\/\/zapala8340.com.ar\/index.php?rest_route=\/wp\/v2\/users\/1"}],"replies":[{"embeddable":true,"href":"https:\/\/zapala8340.com.ar\/index.php?rest_route=%2Fwp%2Fv2%2Fcomments&post=15173"}],"version-history":[{"count":1,"href":"https:\/\/zapala8340.com.ar\/index.php?rest_route=\/wp\/v2\/posts\/15173\/revisions"}],"predecessor-version":[{"id":15175,"href":"https:\/\/zapala8340.com.ar\/index.php?rest_route=\/wp\/v2\/posts\/15173\/revisions\/15175"}],"wp:featuredmedia":[{"embeddable":true,"href":"https:\/\/zapala8340.com.ar\/index.php?rest_route=\/wp\/v2\/media\/15174"}],"wp:attachment":[{"href":"https:\/\/zapala8340.com.ar\/index.php?rest_route=%2Fwp%2Fv2%2Fmedia&parent=15173"}],"wp:term":[{"taxonomy":"category","embeddable":true,"href":"https:\/\/zapala8340.com.ar\/index.php?rest_route=%2Fwp%2Fv2%2Fcategories&post=15173"},{"taxonomy":"post_tag","embeddable":true,"href":"https:\/\/zapala8340.com.ar\/index.php?rest_route=%2Fwp%2Fv2%2Ftags&post=15173"}],"curies":[{"name":"wp","href":"https:\/\/api.w.org\/{rel}","templated":true}]}}