{"id":16022,"date":"2021-03-02T00:43:47","date_gmt":"2021-03-02T03:43:47","guid":{"rendered":"http:\/\/zapala8340.com.ar\/?p=16022"},"modified":"2021-03-02T00:43:53","modified_gmt":"2021-03-02T03:43:53","slug":"koopmann-estamos-comenzando-a-revertir-un-historico-atraso-para-acompanar-el-crecimiento-de-la-ciudad","status":"publish","type":"post","link":"https:\/\/zapala8340.com.ar\/?p=16022","title":{"rendered":"Koopmann: \u201cEstamos comenzando a revertir un hist\u00f3rico atraso, para acompa\u00f1ar el crecimiento de la ciudad\u201d"},"content":{"rendered":"\n<p class=\"has-text-color has-medium-font-size has-very-dark-gray-color\">El Intendente Carlos Koopmann brind\u00f3 su discurso en la Apertura de Sesiones Ordinarias periodo 2021. \u201cDebemos ser un Estado presente que siempre brinde respuestas a los sectores m\u00e1s desprotegidos\u201d, exclam\u00f3 en las instalaciones del Cine Teatro Municipal.<\/p>\n\n\n\n<p class=\"has-text-color has-medium-font-size has-very-dark-gray-color\">Minutos despu\u00e9s de las 11 horas comenz\u00f3 la primera Sesi\u00f3n del periodo 2021 en el Cine Teatro Municipal, con la idea de respetar el distanciamiento social y cumplir con los protocolos sanitarios.<\/p>\n\n\n\n<p class=\"has-text-color has-medium-font-size has-very-dark-gray-color\">All\u00ed, con la presencia de casi todos los ediles (Raul Rossi ausente con aviso), secretarios e invitados especiales, se desarroll\u00f3 la sesi\u00f3n que cont\u00f3 con el discurso de apertura del Intendente Carlos Koopmann.<\/p>\n\n\n\n<p class=\"has-text-color has-medium-font-size has-very-dark-gray-color\">El mandatario comenz\u00f3 analizando buena parte del 2020 y recordando c\u00f3mo se recibi\u00f3 al municipio: \u201cNo ha sido un a\u00f1o f\u00e1cil. En enero de 2020 nos hicimos cargo de un municipio devastado, no solo en lo econ\u00f3mico sino tambi\u00e9n en las \u00e1reas operativas que deben garantizar la prestaci\u00f3n de los servicios b\u00e1sicos de los ciudadanos, con trabajadores que no ten\u00edan herramientas para trabajar, y muchos que directamente no ten\u00edan tareas asignadas, haciendo evidente una total falta de planificaci\u00f3n\u201d.<\/p>\n\n\n\n<p class=\"has-text-color has-medium-font-size has-very-dark-gray-color\">\u201cSolamente para mencionar algunas de las tantas situaciones, deben saber que heredamos un gasto en sueldos que se llevaba el 100% de los ingresos por coparticipaci\u00f3n y una deuda de 28 millones de pesos que, en su mayor\u00eda, no estaba registrada contablemente\u201d, grafic\u00f3 y agreg\u00f3 que \u201clas consecuencias de la pandemia sobre la econom\u00eda, provocaron que, durante varios meses, los recursos cayeran a la mitad en materia de coparticipaci\u00f3n y todav\u00eda much\u00edsimo m\u00e1s en lo que hace a la recaudaci\u00f3n propia\u201d.<\/p>\n\n\n\n<p class=\"has-text-color has-medium-font-size has-very-dark-gray-color\">\u201cSab\u00edamos que ser\u00eda un duro desaf\u00edo, pero est\u00e1bamos preparados, con un programa dise\u00f1ado muchos meses antes. Cuando est\u00e1bamos empezando a transitar el camino que nos hab\u00edamos trazado, la OMS declar\u00f3 pandemia mundial al Covid-19, la cual a\u00fan seguimos sufriendo, al igual que todos\u201d. All\u00ed fue cuando reiter\u00f3 su acompa\u00f1amiento en el dolor a todos los familiares de quienes hoy no est\u00e1n por causa del virus y destac\u00f3 el trabajo del personal de Salud de la ciudad y la Provincia.<\/p>\n\n\n\n<p class=\"has-text-color has-medium-font-size has-very-dark-gray-color\">De la mano de la gesti\u00f3n y los proyectos vinculados a la obra p\u00fablica, el Intendente y su equipo de trabajo buscan una ciudad moderna, activa, inclusiva y planificada. Y es por ello que el \u201cPlan + Futuro\u201d llega para volcar estas ideas.<\/p>\n\n\n\n<p class=\"has-text-color has-medium-font-size has-very-dark-gray-color\">\u201cPara comenzar a trabajar en este Plan, primero fue necesario ordenar las cuentas p\u00fablicas porque como ya mencion\u00e9, encontramos un municipio con sus finanzas absolutamente en rojo y si el Estado no tiene sus n\u00fameros ordenados es imposible que asuma un rol protag\u00f3nico\u201d, analiz\u00f3 el jefe comunal.<\/p>\n\n\n\n<div class=\"wp-block-image\"><figure class=\"aligncenter\"><img decoding=\"async\" src=\"https:\/\/www.zapala.gob.ar\/wp-content\/uploads\/2021\/03\/CK-Apertura-1.jpeg\" alt=\"\" class=\"wp-image-7331\"\/><\/figure><\/div>\n\n\n\n<p class=\"has-text-color has-medium-font-size has-very-dark-gray-color\">\u201cHoy, y a pesar del contexto y las limitaciones que nos impone la pandemia, estamos comenzando a revertir ese hist\u00f3rico atraso, para acompa\u00f1ar el crecimiento de la ciudad y adem\u00e1s transformarlo en uno de los motores de la reactivaci\u00f3n econ\u00f3mica\u201d, exclam\u00f3 con esperanza.<\/p>\n\n\n\n<p class=\"has-text-color has-medium-font-size has-very-dark-gray-color\">Es importante destacar que despu\u00e9s de muchos a\u00f1os, se iniciaron obras de pavimento, comenzar\u00e1 la construcci\u00f3n del cord\u00f3n cuneta en 40 cuadras del B\u00b0 Don Bosco, comenzando a saldar una deuda hist\u00f3rica con uno de los sectores emblem\u00e1ticos y m\u00e1s postergados de la ciudad. \u201cEstamos ejecutando la obra de pavimento en 20 cuadras de Av. Ca\u00f1ad\u00f3n y vamos a revestir 900 metros del desag\u00fce que atraviesa ese sector con recursos aportados por Recursos H\u00eddricos de la provincia\u201d, enumer\u00f3.<\/p>\n\n\n\n<div class=\"wp-block-image\"><figure class=\"aligncenter\"><img decoding=\"async\" src=\"https:\/\/www.zapala.gob.ar\/wp-content\/uploads\/2021\/03\/CK-Apertura-2.jpeg\" alt=\"\" class=\"wp-image-7332\"\/><\/figure><\/div>\n\n\n\n<p class=\"has-text-color has-medium-font-size has-very-dark-gray-color\">En este sentido, destac\u00f3 el generoso acompa\u00f1amiento que el gobierno provincial y nacional ha tenido con el municipio. \u201cM\u00e1s all\u00e1 de las personas y si pertenecemos o no a un mismo partido pol\u00edtico, los gobernantes estamos obligados a trabajar de manera conjunta en busca de solucionar los problemas de los ciudadanos\u201d, expres\u00f3.<\/p>\n\n\n\n<p class=\"has-text-color has-medium-font-size has-very-dark-gray-color\">Adem\u00e1s de ponderar lo que ser\u00e1 la obra de la Planta de Tratamiento de L\u00edquidos Cloacales, la terminal y Zona Franca, adelant\u00f3 que atento el reciente anuncio del Gobernador, donde se comunic\u00f3 que la multitrocha de la Ruta 22 se extender\u00e1 hasta Cutral Co, \u201csepan que nos pondremos al frente de las gestiones necesarias ante la Provincia y ante la Naci\u00f3n, de que para una vez concluido este tramo, la multitrocha finalmente llegue a Zapala, as\u00ed como tambi\u00e9n enarbolamos la bandera del tren trasandino, y nos unimos a aquellos que est\u00e1n luchando para que el mismo llegue a la ciudad\u201d.<\/p>\n\n\n\n<p class=\"has-text-color has-medium-font-size has-very-dark-gray-color\">Tambi\u00e9n remarc\u00f3 la necesidad de ser un municipio presente y acompa\u00f1ar las ideas innovadoras, desarrollando actividades econ\u00f3micas a peque\u00f1a escala para que le permita a los emprendedores autosostenerse. En la misma l\u00ednea, apunt\u00f3 a los j\u00f3venes con el objetivo de impulsar capacitaciones que mejoren las condiciones de empleabilidad. \u201cQueremos facilitar el acceso a Internet, fomentando desde el municipio una inclusi\u00f3n digital y fortaleciendo la conectividad, con la instalaci\u00f3n de puntos Wi Fi gratuitos en distintos espacios p\u00fablicos de la ciudad\u201d, dijo.<\/p>\n\n\n\n<div class=\"wp-block-image\"><figure class=\"aligncenter\"><img decoding=\"async\" src=\"https:\/\/www.zapala.gob.ar\/wp-content\/uploads\/2021\/03\/CK-Apertura-4.jpeg\" alt=\"\" class=\"wp-image-7333\"\/><\/figure><\/div>\n\n\n\n<p class=\"has-text-color has-medium-font-size has-very-dark-gray-color\">\u201cJunto a mi equipo de trabajo, tenemos un objetivo primordial que nos fijamos ya durante la campa\u00f1a electoral y que ratificamos apenas asumimos en nuestra funci\u00f3n: queremos hacer grande a Zapala otra vez. Recuperar el protagonismo hist\u00f3rico y estrat\u00e9gico que nuestra ciudad tuvo en el desarrollo de la provincia y que nunca debi\u00f3 haber abandonado\u201d, cerr\u00f3.<\/p>\n\n\n\n<p>FUENTE: <\/p>\n\n\n\n<figure class=\"wp-block-image is-resized\"><img loading=\"lazy\" decoding=\"async\" src=\"https:\/\/www.zapala.gob.ar\/wp-content\/uploads\/2020\/01\/Logo-Encabezado-3.png\" alt=\"Municipalidad de Zapala logo\" width=\"106\" height=\"48\"\/><\/figure>\n","protected":false},"excerpt":{"rendered":"<p>El Intendente Carlos Koopmann brind\u00f3 su discurso en la Apertura de Sesiones Ordinarias periodo 2021&#8230;.<\/p>\n","protected":false},"author":1,"featured_media":16023,"comment_status":"open","ping_status":"open","sticky":false,"template":"","format":"standard","meta":{"footnotes":""},"categories":[8],"tags":[],"class_list":["post-16022","post","type-post","status-publish","format-standard","has-post-thumbnail","hentry","category-zapala"],"_links":{"self":[{"href":"https:\/\/zapala8340.com.ar\/index.php?rest_route=\/wp\/v2\/posts\/16022"}],"collection":[{"href":"https:\/\/zapala8340.com.ar\/index.php?rest_route=\/wp\/v2\/posts"}],"about":[{"href":"https:\/\/zapala8340.com.ar\/index.php?rest_route=\/wp\/v2\/types\/post"}],"author":[{"embeddable":true,"href":"https:\/\/zapala8340.com.ar\/index.php?rest_route=\/wp\/v2\/users\/1"}],"replies":[{"embeddable":true,"href":"https:\/\/zapala8340.com.ar\/index.php?rest_route=%2Fwp%2Fv2%2Fcomments&post=16022"}],"version-history":[{"count":1,"href":"https:\/\/zapala8340.com.ar\/index.php?rest_route=\/wp\/v2\/posts\/16022\/revisions"}],"predecessor-version":[{"id":16024,"href":"https:\/\/zapala8340.com.ar\/index.php?rest_route=\/wp\/v2\/posts\/16022\/revisions\/16024"}],"wp:featuredmedia":[{"embeddable":true,"href":"https:\/\/zapala8340.com.ar\/index.php?rest_route=\/wp\/v2\/media\/16023"}],"wp:attachment":[{"href":"https:\/\/zapala8340.com.ar\/index.php?rest_route=%2Fwp%2Fv2%2Fmedia&parent=16022"}],"wp:term":[{"taxonomy":"category","embeddable":true,"href":"https:\/\/zapala8340.com.ar\/index.php?rest_route=%2Fwp%2Fv2%2Fcategories&post=16022"},{"taxonomy":"post_tag","embeddable":true,"href":"https:\/\/zapala8340.com.ar\/index.php?rest_route=%2Fwp%2Fv2%2Ftags&post=16022"}],"curies":[{"name":"wp","href":"https:\/\/api.w.org\/{rel}","templated":true}]}}