{"id":1791,"date":"2018-09-16T10:38:07","date_gmt":"2018-09-16T13:38:07","guid":{"rendered":"http:\/\/zapala8340.com.ar\/?p=1791"},"modified":"2018-09-16T10:38:07","modified_gmt":"2018-09-16T13:38:07","slug":"zapala-parque-religioso-recreativo-y-cultural-de-san-cayetano","status":"publish","type":"post","link":"https:\/\/zapala8340.com.ar\/?p=1791","title":{"rendered":"Zapala: Parque Religioso Recreativo y Cultural de San Cayetano"},"content":{"rendered":"<h3><span style=\"color: #000000;\">Zapala: Parque Religioso Recreativo y Cultural de San Cayetano<\/span><\/h3>\n<h3><span style=\"color: #000000;\">La comunidad religiosa de esta ciudad est\u00e1 muy cerca de concretar el anhelado sue\u00f1o del parque San Cayetano.<\/span><\/h3>\n<h3><span style=\"color: #000000;\">La obra se construir\u00e1 en el paraje El Salitral, ubicado a unos 10 kil\u00f3metros de esta localidad.<\/span><\/h3>\n<div class=\"text_exposed_show\">\n<h3><span style=\"color: #000000;\">El proyecto prev\u00e9 la construcci\u00f3n de un Templo de grandes dimensiones, un sal\u00f3n de usos m\u00faltiples, ba\u00f1os, y las estaciones sobre la vida del santo, adem\u00e1s de un sector destinado a a lo recreativo que tendr\u00e1 mesas, bancos, parrillas, juegos para adultos mayores y ni\u00f1os, y una piscina.\u00a0<\/span><br \/>\n<span style=\"color: #000000;\">En lo cultural se construir\u00e1 un anfiteatro con play\u00f3n de espectadores y galer\u00eda de artesanos.<\/span><\/h3>\n<h3><span style=\"color: #000000;\">El gobierno de la provincia realizar\u00e1 una importante inversi\u00f3n para que esto sea una realidad y ya el gobernador\u00a0<a class=\"profileLink\" style=\"color: #000000;\" href=\"https:\/\/www.facebook.com\/OmarGutierrezOk\/?fref=mentions&amp;__xts__%5B0%5D=68.ARBZBk0qUFf4W6Psx5Fo3BAZE0Y4Z1aBAZ6HcDMtclRa4oNuBicOJ2ADwjfx0Q8nwtMXEJ8fKxJe3OHnKcLwJ-n8l9lkiYXIVA6diY5MJg5FG2TdzG-RJL1tqsFZB0vMz8cFLUnJJxvJgLJ_Bl6WwqmqAh8Xd8lJpoSsuTKKS_ZEND4cbcwLlA&amp;__tn__=K-R\" data-hovercard=\"\/ajax\/hovercard\/page.php?id=1530066613888342&amp;extragetparams=%7B%22fref%22%3A%22mentions%22%7D\" data-hovercard-prefer-more-content-show=\"1\">Omar Gutierrez<\/a>\u00a0firm\u00f3 el decreto para que el escultor Alejandro Santana, reconocido a nivel mundial, sea el encargado de llevar adelante este proyecto.<\/span><\/h3>\n<h3><span style=\"color: #000000;\"><a class=\"_58cn\" style=\"color: #000000;\" href=\"https:\/\/www.facebook.com\/hashtag\/juntospodemosmas?source=feed_text&amp;__xts__%5B0%5D=68.ARBZBk0qUFf4W6Psx5Fo3BAZE0Y4Z1aBAZ6HcDMtclRa4oNuBicOJ2ADwjfx0Q8nwtMXEJ8fKxJe3OHnKcLwJ-n8l9lkiYXIVA6diY5MJg5FG2TdzG-RJL1tqsFZB0vMz8cFLUnJJxvJgLJ_Bl6WwqmqAh8Xd8lJpoSsuTKKS_ZEND4cbcwLlA&amp;__tn__=%2ANK-R\" data-ft=\"{&quot;type&quot;:104,&quot;tn&quot;:&quot;*N&quot;}\"><span class=\"_5afx\"><span class=\"_58cl _5afz\" aria-label=\"hashtag\">#<\/span><span class=\"_58cm\">JuntosPodemosMas<\/span><\/span><\/a>\u00a0<a class=\"_58cn\" style=\"color: #000000;\" href=\"https:\/\/www.facebook.com\/hashtag\/haciendofuturo?source=feed_text&amp;__xts__%5B0%5D=68.ARBZBk0qUFf4W6Psx5Fo3BAZE0Y4Z1aBAZ6HcDMtclRa4oNuBicOJ2ADwjfx0Q8nwtMXEJ8fKxJe3OHnKcLwJ-n8l9lkiYXIVA6diY5MJg5FG2TdzG-RJL1tqsFZB0vMz8cFLUnJJxvJgLJ_Bl6WwqmqAh8Xd8lJpoSsuTKKS_ZEND4cbcwLlA&amp;__tn__=%2ANK-R\" data-ft=\"{&quot;type&quot;:104,&quot;tn&quot;:&quot;*N&quot;}\"><span class=\"_5afx\"><span class=\"_58cl _5afz\" aria-label=\"hashtag\">#<\/span><span class=\"_58cm\">HaciendoFuturo<\/span><\/span><\/a><\/span><\/h3>\n<\/div>\n","protected":false},"excerpt":{"rendered":"<p>Zapala: Parque Religioso Recreativo y Cultural de San Cayetano La comunidad religiosa de esta ciudad&#8230;<\/p>\n","protected":false},"author":1,"featured_media":0,"comment_status":"open","ping_status":"open","sticky":false,"template":"","format":"standard","meta":{"footnotes":""},"categories":[32],"tags":[],"class_list":["post-1791","post","type-post","status-publish","format-standard","hentry","category-prensa"],"_links":{"self":[{"href":"https:\/\/zapala8340.com.ar\/index.php?rest_route=\/wp\/v2\/posts\/1791"}],"collection":[{"href":"https:\/\/zapala8340.com.ar\/index.php?rest_route=\/wp\/v2\/posts"}],"about":[{"href":"https:\/\/zapala8340.com.ar\/index.php?rest_route=\/wp\/v2\/types\/post"}],"author":[{"embeddable":true,"href":"https:\/\/zapala8340.com.ar\/index.php?rest_route=\/wp\/v2\/users\/1"}],"replies":[{"embeddable":true,"href":"https:\/\/zapala8340.com.ar\/index.php?rest_route=%2Fwp%2Fv2%2Fcomments&post=1791"}],"version-history":[{"count":1,"href":"https:\/\/zapala8340.com.ar\/index.php?rest_route=\/wp\/v2\/posts\/1791\/revisions"}],"predecessor-version":[{"id":1793,"href":"https:\/\/zapala8340.com.ar\/index.php?rest_route=\/wp\/v2\/posts\/1791\/revisions\/1793"}],"wp:attachment":[{"href":"https:\/\/zapala8340.com.ar\/index.php?rest_route=%2Fwp%2Fv2%2Fmedia&parent=1791"}],"wp:term":[{"taxonomy":"category","embeddable":true,"href":"https:\/\/zapala8340.com.ar\/index.php?rest_route=%2Fwp%2Fv2%2Fcategories&post=1791"},{"taxonomy":"post_tag","embeddable":true,"href":"https:\/\/zapala8340.com.ar\/index.php?rest_route=%2Fwp%2Fv2%2Ftags&post=1791"}],"curies":[{"name":"wp","href":"https:\/\/api.w.org\/{rel}","templated":true}]}}