{"id":34037,"date":"2024-06-22T13:40:40","date_gmt":"2024-06-22T16:40:40","guid":{"rendered":"https:\/\/zapala8340.com.ar\/?p=34037"},"modified":"2024-06-22T13:40:41","modified_gmt":"2024-06-22T16:40:41","slug":"temporal-de-nieve-hay-mas-de-300-camiones-varados-en-las-lajas-y-cutral-co","status":"publish","type":"post","link":"https:\/\/zapala8340.com.ar\/?p=34037","title":{"rendered":"Temporal de nieve: hay m\u00e1s de 300 camiones varados en Las Lajas y Cutral Co"},"content":{"rendered":"\n<h2 class=\"wp-block-heading\">El tr\u00e1nsito pesado est\u00e1 m\u00e1s que complicado en medio del temporal de nieve. Los camiones varados no puede cruzar a Chile.<\/h2>\n\n\n\n<p>En medio del intenso\u00a0<strong>temporal de nieve<\/strong>, hay<strong>\u00a0m\u00e1s de 300 camiones varados en Cutral Co y Las Lajas,<\/strong>\u00a0que no pueden seguir transitando porque\u00a0<strong>no tienen habilitaci\u00f3n para pasar por el\u00a0Paso Pino Hachado<\/strong>, seg\u00fan inform\u00f3 la comunidad de camioneros &#8220;Accidentolog\u00eda 24&#8221;.<\/p>\n\n\n\n<p>Este s\u00e1bado, alrededor de<strong>&nbsp;130&nbsp;<\/strong>camiones pudieron llegar a&nbsp;<strong>Las Lajas,<\/strong>&nbsp;desde&nbsp;<strong>Zapala<\/strong>. Pero son cerca de<strong>&nbsp;300<\/strong>&nbsp;los que esperan cruzar a Chile. En tanto, en<strong>&nbsp;Cutral Co,<\/strong>&nbsp;est\u00e1n a la espera de poder avanzar otras 50<strong><\/strong>&nbsp;unidades de transporte pesado. Tanto es as\u00ed que en la comarca petrolera habilitaron el parque industrial para alojar a los varados.<\/p>\n\n\n\n<p>El principal obst\u00e1culo es la\u00a0<strong>acumulaci\u00f3n de nieve, hielo y viento blanco<\/strong>\u00a0que se registra en esta zona. Por esta raz\u00f3n, desde Vialidad Provincial informaron que el<strong>\u00a0Paso Fronterizo Pino Hachado permanecer\u00e1 cerrado durante toda la jornada<\/strong>. Hay equipos trabajando para despejar la calzada, pero la visibilidad es nula y hay bastante hielo adherido que hace peligrar el tr\u00e1nsito de cualquier tipo de veh\u00edculo.<\/p>\n\n\n\n<figure class=\"wp-block-image size-full\"><img loading=\"lazy\" decoding=\"async\" width=\"770\" height=\"746\" src=\"https:\/\/zapala8340.com.ar\/wp-content\/uploads\/2024\/06\/image-103.png\" alt=\"\" class=\"wp-image-34039\" srcset=\"https:\/\/zapala8340.com.ar\/wp-content\/uploads\/2024\/06\/image-103.png 770w, https:\/\/zapala8340.com.ar\/wp-content\/uploads\/2024\/06\/image-103-300x291.png 300w, https:\/\/zapala8340.com.ar\/wp-content\/uploads\/2024\/06\/image-103-768x744.png 768w\" sizes=\"(max-width: 770px) 100vw, 770px\" \/><\/figure>\n\n\n\n<p>Las expectativas enfrentan, adem\u00e1s, un pron\u00f3stico del tiempo que garantiza<strong>&nbsp;m\u00e1s nieve para este s\u00e1bado<\/strong>, complicando un poco m\u00e1s el panorama. Personal del&nbsp;<strong>Servicio Meteorol\u00f3gico Nacional&nbsp;<\/strong>manten\u00eda vigentes los avisos por fuertes nevadas.<\/p>\n\n\n\n<p>Se trata de una&nbsp;<strong>alerta amarilla<\/strong>&nbsp;que alcanza a la zona cordillerana de las provincias de San Juan, Mendoza y&nbsp;<strong>Neuqu\u00e9n<\/strong>; el sureste de Chubut y el centro y este de Santa Cruz.<\/p>\n\n\n\n<h2 class=\"wp-block-heading\"><a href=\"https:\/\/www.lmneuquen.com\/pais\/alerta-meteorologica-nieve-y-temperaturas-extremas-cinco-provincias-n1122720\" target=\"_blank\" rel=\"noreferrer noopener\">Seguir\u00e1 nevando<\/a>: los sectores complicados<\/h2>\n\n\n\n<p>Puntualmente, el<strong>&nbsp;SMN<\/strong>&nbsp;dijo que &#8220;en la zona norte de la<strong>&nbsp;cordillera patag\u00f3nica<\/strong>&nbsp;continuar\u00e1n las nevadas de variada intensidad, algunas fuertes, con valores acumulados<strong>&nbsp;entre 20 y 40 cent\u00edmetros<\/strong>, pudiendo ser superados puntualmente, sin descartar la ocurrencia de lluvia y nieve mezclada en zonas m\u00e1s bajas&#8221;.<\/p>\n\n\n\n<p>En tanto, sobre<strong>&nbsp;zonas de meseta&nbsp;<\/strong>en la Patagonia, se esperan este s\u00e1bado valores de nieve acumulada&nbsp;<strong>entre 10 y 30 cent\u00edmetros,&nbsp;<\/strong>pudiendo ser superados puntualmente, sin descartar la ocurrencia de lluvia y nieve mezclada. Puede seguir nevando hasta la tarde.<\/p>\n\n\n\n<p>os sectores afectado fueron identificados por el SMN como Cordillera de Alumin\u00e9 &#8211; Cordillera de Chos Malal &#8211; Cordillera de Loncopu\u00e9 &#8211; Cordillera de Minas &#8211; Cordillera de Picunches &#8211; Cordillera de \u00d1orqu\u00edn.<\/p>\n\n\n\n<p><\/p>\n\n\n\n<p>FUENTE DIARIO LA MA\u00d1ANA DEL NEUQUEN <\/p>\n\n\n\n<figure class=\"wp-block-image size-full\"><img loading=\"lazy\" decoding=\"async\" width=\"770\" height=\"435\" src=\"https:\/\/zapala8340.com.ar\/wp-content\/uploads\/2024\/06\/image-102.png\" alt=\"\" class=\"wp-image-34038\" srcset=\"https:\/\/zapala8340.com.ar\/wp-content\/uploads\/2024\/06\/image-102.png 770w, https:\/\/zapala8340.com.ar\/wp-content\/uploads\/2024\/06\/image-102-300x169.png 300w, https:\/\/zapala8340.com.ar\/wp-content\/uploads\/2024\/06\/image-102-768x434.png 768w\" sizes=\"(max-width: 770px) 100vw, 770px\" \/><\/figure>\n\n\n\n<p><\/p>\n\n\n\n<p><a href=\"https:\/\/www.facebook.com\/sharer\/sharer.php?u=https%3A%2F%2Fwww.lmneuquen.com%2Fc1122919\" target=\"_blank\" rel=\"noreferrer noopener\"><\/a><\/p>\n","protected":false},"excerpt":{"rendered":"<p>El tr\u00e1nsito pesado est\u00e1 m\u00e1s que complicado en medio del temporal de nieve. Los camiones&#8230;<\/p>\n","protected":false},"author":1,"featured_media":34038,"comment_status":"open","ping_status":"open","sticky":false,"template":"","format":"standard","meta":{"footnotes":""},"categories":[31],"tags":[],"class_list":["post-34037","post","type-post","status-publish","format-standard","has-post-thumbnail","hentry","category-provincia"],"_links":{"self":[{"href":"https:\/\/zapala8340.com.ar\/index.php?rest_route=\/wp\/v2\/posts\/34037"}],"collection":[{"href":"https:\/\/zapala8340.com.ar\/index.php?rest_route=\/wp\/v2\/posts"}],"about":[{"href":"https:\/\/zapala8340.com.ar\/index.php?rest_route=\/wp\/v2\/types\/post"}],"author":[{"embeddable":true,"href":"https:\/\/zapala8340.com.ar\/index.php?rest_route=\/wp\/v2\/users\/1"}],"replies":[{"embeddable":true,"href":"https:\/\/zapala8340.com.ar\/index.php?rest_route=%2Fwp%2Fv2%2Fcomments&post=34037"}],"version-history":[{"count":1,"href":"https:\/\/zapala8340.com.ar\/index.php?rest_route=\/wp\/v2\/posts\/34037\/revisions"}],"predecessor-version":[{"id":34040,"href":"https:\/\/zapala8340.com.ar\/index.php?rest_route=\/wp\/v2\/posts\/34037\/revisions\/34040"}],"wp:featuredmedia":[{"embeddable":true,"href":"https:\/\/zapala8340.com.ar\/index.php?rest_route=\/wp\/v2\/media\/34038"}],"wp:attachment":[{"href":"https:\/\/zapala8340.com.ar\/index.php?rest_route=%2Fwp%2Fv2%2Fmedia&parent=34037"}],"wp:term":[{"taxonomy":"category","embeddable":true,"href":"https:\/\/zapala8340.com.ar\/index.php?rest_route=%2Fwp%2Fv2%2Fcategories&post=34037"},{"taxonomy":"post_tag","embeddable":true,"href":"https:\/\/zapala8340.com.ar\/index.php?rest_route=%2Fwp%2Fv2%2Ftags&post=34037"}],"curies":[{"name":"wp","href":"https:\/\/api.w.org\/{rel}","templated":true}]}}