{"id":34965,"date":"2024-08-15T12:59:07","date_gmt":"2024-08-15T15:59:07","guid":{"rendered":"https:\/\/zapala8340.com.ar\/?p=34965"},"modified":"2024-08-15T12:59:07","modified_gmt":"2024-08-15T15:59:07","slug":"la-propuesta-de-javier-milei-a-alberto-fernandez-tras-ser-imputado-por-lesiones-graves-contra-fabiola-yanez-dylan-sera-bienvenido","status":"publish","type":"post","link":"https:\/\/zapala8340.com.ar\/?p=34965","title":{"rendered":"La propuesta de Javier Milei a Alberto Fern\u00e1ndez tras ser imputado por lesiones graves contra Fabiola Y\u00e1\u00f1ez: \u201cDylan ser\u00e1 bienvenido\u201d"},"content":{"rendered":"\n<h2 class=\"wp-block-heading\">El presidente Javier Milei volvi\u00f3 a reiterar su propuesta a Alberto Fern\u00e1ndez sobre cuidar a su perro Dylan en la Casa de Olivos.<\/h2>\n\n\n\n<p>Un d\u00eda despu\u00e9s de que se conociera\u00a0la imputaci\u00f3n contra\u00a0<strong>Alberto Fern\u00e1ndez\u00a0<\/strong>por lesiones, abuso de poder y amenzas contra\u00a0<strong>Fabiola Y\u00e1\u00f1ez<\/strong>,\u00a0<strong>Javier Milei<\/strong>\u00a0volvi\u00f3 a reiterar la propuesta que le hab\u00eda hecho al exmandatario sobre<strong>\u00a0cuidar a su perro Dylan<\/strong>, en la Casa de Olivos.<\/p>\n\n\n\n<p><\/p>\n\n\n\n<p>Este mi\u00e9rcoles, el fiscal Ramiro Gonz\u00e1lez imput\u00f3 al\u00a0exjefe de Estado<strong>\u00a0tras la denuncia de su expareja por\u00a0violencia de g\u00e9nero\u00a0ante la Justicia<\/strong>.<\/p>\n\n\n\n<p>En este sentido, el mandatario libertario escribi\u00f3, a trav\u00e9s de su cuenta de\u00a0<em>X<\/em>: \u201cAlberto, del mismo modo como te he ofrecido\u00a0<strong>cuando te fuiste a Espa\u00f1a cuidarte a Dylan<\/strong>, vuelvo a reiterarte que \u00e9l ser\u00e1 bienvenido para que lo cuidemos en la familia de las fuerzas del cielo\u201d.<\/p>\n\n\n\n<figure class=\"wp-block-image size-large\"><img loading=\"lazy\" decoding=\"async\" width=\"1024\" height=\"512\" src=\"https:\/\/zapala8340.com.ar\/wp-content\/uploads\/2024\/08\/image-124-1024x512.png\" alt=\"\" class=\"wp-image-34967\" srcset=\"https:\/\/zapala8340.com.ar\/wp-content\/uploads\/2024\/08\/image-124-1024x512.png 1024w, https:\/\/zapala8340.com.ar\/wp-content\/uploads\/2024\/08\/image-124-300x150.png 300w, https:\/\/zapala8340.com.ar\/wp-content\/uploads\/2024\/08\/image-124-768x384.png 768w, https:\/\/zapala8340.com.ar\/wp-content\/uploads\/2024\/08\/image-124.png 1440w\" sizes=\"(max-width: 1024px) 100vw, 1024px\" \/><\/figure>\n\n\n\n<p>La primera propuesta sobre cuidar a&nbsp;<strong>Dylan<\/strong>&nbsp;se dio durante el traspado presidencial, cuando Javier Milei le dijo a&nbsp;<strong>Alberto Fern\u00e1ndez<\/strong>&nbsp;si no quer\u00eda dejar en la quinta de mandatarios a su perro de raza&nbsp;collie, que vivi\u00f3 all\u00ed en los cuatro a\u00f1os de gesti\u00f3n del Frente de Todos.<\/p>\n\n\n\n<p>Sin dudas, la mascota del ahora expresidente&nbsp;<strong>no pas\u00f3 desapercibido<\/strong>, debido a que la administraci\u00f3n anterior lo mostraba constantemente en las redes sociales, y hasta contaba con&nbsp;<strong>Cecilia Hermoso<\/strong>, como&nbsp;<em>community manager&nbsp;<\/em>para el manejo de una cuenta sobre el animal.<\/p>\n\n\n\n<p>Cabe destacar que la comunicadora ahora es se\u00f1alada como una de las amantes del exjefe de Estado, mientras estaba en pareja con<strong>&nbsp;Fabiola Y\u00e1\u00f1ez<\/strong>, durante&nbsp;<strong>sus a\u00f1os en el Gobierno<\/strong>.<\/p>\n\n\n\n<h2 class=\"wp-block-heading\">La relaci\u00f3n de Alberto Fern\u00e1ndez con Dylan post presidencia<\/h2>\n\n\n\n<p>Tras dejar el mando de la presidencia, y antes de ser denunciado por la mam\u00e1 de su hijo m\u00e1s chico\u00a0<strong>Francisco<\/strong>, el pol\u00edtico y abogado sal\u00eda a pasear con su mascota por el barrio porte\u00f1o donde sigui\u00f3 viviendo desde que estall\u00f3 el esc\u00e1ndalo.<\/p>\n\n\n\n<figure class=\"wp-block-image size-large\"><img loading=\"lazy\" decoding=\"async\" width=\"1024\" height=\"512\" src=\"https:\/\/zapala8340.com.ar\/wp-content\/uploads\/2024\/08\/image-125-1024x512.png\" alt=\"\" class=\"wp-image-34968\" srcset=\"https:\/\/zapala8340.com.ar\/wp-content\/uploads\/2024\/08\/image-125-1024x512.png 1024w, https:\/\/zapala8340.com.ar\/wp-content\/uploads\/2024\/08\/image-125-300x150.png 300w, https:\/\/zapala8340.com.ar\/wp-content\/uploads\/2024\/08\/image-125-768x384.png 768w, https:\/\/zapala8340.com.ar\/wp-content\/uploads\/2024\/08\/image-125.png 1440w\" sizes=\"(max-width: 1024px) 100vw, 1024px\" \/><\/figure>\n\n\n\n<p>Incluso, la cuenta de<em>\u00a0Instagram\u00a0<\/em>del perro gener\u00f3 un cap\u00edtulo de la causa,\u00a0debido a que la ex primera dama dijo que su pareja la enga\u00f1aba con\u00a0<strong>Cecilia Hermoso<\/strong>, la encargada de manejar ese perfil.<\/p>\n\n\n\n<p>Radio MITRE <\/p>\n\n\n\n<p><\/p>\n\n\n\n<figure class=\"wp-block-image size-large\"><img loading=\"lazy\" decoding=\"async\" width=\"1024\" height=\"642\" src=\"https:\/\/zapala8340.com.ar\/wp-content\/uploads\/2024\/08\/image-126-1024x642.png\" alt=\"\" class=\"wp-image-34969\" srcset=\"https:\/\/zapala8340.com.ar\/wp-content\/uploads\/2024\/08\/image-126-1024x642.png 1024w, https:\/\/zapala8340.com.ar\/wp-content\/uploads\/2024\/08\/image-126-300x188.png 300w, https:\/\/zapala8340.com.ar\/wp-content\/uploads\/2024\/08\/image-126-768x482.png 768w, https:\/\/zapala8340.com.ar\/wp-content\/uploads\/2024\/08\/image-126-540x340.png 540w, https:\/\/zapala8340.com.ar\/wp-content\/uploads\/2024\/08\/image-126-400x250.png 400w, https:\/\/zapala8340.com.ar\/wp-content\/uploads\/2024\/08\/image-126.png 1078w\" sizes=\"(max-width: 1024px) 100vw, 1024px\" \/><\/figure>\n\n\n\n<figure class=\"wp-block-image size-large\"><img loading=\"lazy\" decoding=\"async\" width=\"1024\" height=\"512\" src=\"https:\/\/zapala8340.com.ar\/wp-content\/uploads\/2024\/08\/image-123-1024x512.png\" alt=\"\" class=\"wp-image-34966\" srcset=\"https:\/\/zapala8340.com.ar\/wp-content\/uploads\/2024\/08\/image-123-1024x512.png 1024w, https:\/\/zapala8340.com.ar\/wp-content\/uploads\/2024\/08\/image-123-300x150.png 300w, https:\/\/zapala8340.com.ar\/wp-content\/uploads\/2024\/08\/image-123-768x384.png 768w, https:\/\/zapala8340.com.ar\/wp-content\/uploads\/2024\/08\/image-123.png 1440w\" sizes=\"(max-width: 1024px) 100vw, 1024px\" \/><\/figure>\n","protected":false},"excerpt":{"rendered":"<p>El presidente Javier Milei volvi\u00f3 a reiterar su propuesta a Alberto Fern\u00e1ndez sobre cuidar a&#8230;<\/p>\n","protected":false},"author":1,"featured_media":34969,"comment_status":"open","ping_status":"open","sticky":false,"template":"","format":"standard","meta":{"footnotes":""},"categories":[16],"tags":[],"class_list":["post-34965","post","type-post","status-publish","format-standard","has-post-thumbnail","hentry","category-politica"],"_links":{"self":[{"href":"https:\/\/zapala8340.com.ar\/index.php?rest_route=\/wp\/v2\/posts\/34965"}],"collection":[{"href":"https:\/\/zapala8340.com.ar\/index.php?rest_route=\/wp\/v2\/posts"}],"about":[{"href":"https:\/\/zapala8340.com.ar\/index.php?rest_route=\/wp\/v2\/types\/post"}],"author":[{"embeddable":true,"href":"https:\/\/zapala8340.com.ar\/index.php?rest_route=\/wp\/v2\/users\/1"}],"replies":[{"embeddable":true,"href":"https:\/\/zapala8340.com.ar\/index.php?rest_route=%2Fwp%2Fv2%2Fcomments&post=34965"}],"version-history":[{"count":1,"href":"https:\/\/zapala8340.com.ar\/index.php?rest_route=\/wp\/v2\/posts\/34965\/revisions"}],"predecessor-version":[{"id":34970,"href":"https:\/\/zapala8340.com.ar\/index.php?rest_route=\/wp\/v2\/posts\/34965\/revisions\/34970"}],"wp:featuredmedia":[{"embeddable":true,"href":"https:\/\/zapala8340.com.ar\/index.php?rest_route=\/wp\/v2\/media\/34969"}],"wp:attachment":[{"href":"https:\/\/zapala8340.com.ar\/index.php?rest_route=%2Fwp%2Fv2%2Fmedia&parent=34965"}],"wp:term":[{"taxonomy":"category","embeddable":true,"href":"https:\/\/zapala8340.com.ar\/index.php?rest_route=%2Fwp%2Fv2%2Fcategories&post=34965"},{"taxonomy":"post_tag","embeddable":true,"href":"https:\/\/zapala8340.com.ar\/index.php?rest_route=%2Fwp%2Fv2%2Ftags&post=34965"}],"curies":[{"name":"wp","href":"https:\/\/api.w.org\/{rel}","templated":true}]}}