{"id":34971,"date":"2024-08-15T13:06:38","date_gmt":"2024-08-15T16:06:38","guid":{"rendered":"https:\/\/zapala8340.com.ar\/?p=34971"},"modified":"2024-08-15T13:06:39","modified_gmt":"2024-08-15T16:06:39","slug":"cristina-kirchner-rompio-el-silencio-en-el-juicio-por-el-intento-de-asesinato-de-fernando-sabag-montiel-marcaron-mi-despacho","status":"publish","type":"post","link":"https:\/\/zapala8340.com.ar\/?p=34971","title":{"rendered":"Cristina Kirchner rompi\u00f3 el silencio en el juicio por el intento de asesinato de Fernando Sabag Montiel: \u201cMarcaron mi despacho\u201d"},"content":{"rendered":"\n<h2 class=\"wp-block-heading\">Cristina Kirchner asegur\u00f3 que la violencia en su contra comenz\u00f3 a incrementarse a partir de la pandemia. A su vez, habl\u00f3 sobre el accionar de \u201cLos Copitos\u201d.<\/h2>\n\n\n\n<p>\u201c<strong>Es p\u00fablico y notorio, inclusive despu\u00e9s de la pandemia, que los episodios fueron in crescendo<\/strong>\u201d, sostuvo en primer lugar la\u00a0<strong>exvicepresidente de la Naci\u00f3n<\/strong>\u00a0Cristina Kirchneren el juicio contra \u201cLa banda de los copitos\u201d integrada por\u00a0Fernando Sabag Montiel,\u00a0<strong>Brenda Uliarte y Nicol\u00e1s Carrizo.<\/strong><\/p>\n\n\n\n<p>A su vez, mencion\u00f3 las guillotinas en la<strong>&nbsp;Plaza de Mayo<\/strong>, los militantes que iban a su casa y la insultaban antes del intento de magnicidio por parte del principal imputado,&nbsp;<strong>Sabag Montiel<\/strong>&nbsp;y la destrucci\u00f3n de su despacho en el Congreso, al cual \u201c<strong>est\u00e1 probado que antes lanzaron bombas de pintura\u201d,<\/strong>&nbsp;seg\u00fan la expresidente.<\/p>\n\n\n\n<p>Frente a los jueces del&nbsp;<strong>Tribunal Oral Federal N\u00b0 6<\/strong>&nbsp;(TOF 6), la l\u00edder del kirchnerismo lanz\u00f3 una evaluaci\u00f3n pol\u00edtica sobre la Polic\u00eda de la Ciudad de Buenos Aires: \u201cEs muy agresiva con los peronistas y La C\u00e1mpora\u201d. El an\u00e1lisis surge a ra\u00edz de los cordones de seguridad establecidos cerca de su departamento, en septiembre de 2022.<\/p>\n\n\n\n<h2 class=\"wp-block-heading\">Cristina Krichner contra la Justicia<\/h2>\n\n\n\n<p>La exsenadora nacional asegur\u00f3 que \u201c(<strong>Diego<\/strong>)&nbsp;<strong>Luciani contribuy\u00f3 a la violencia pol\u00edtica<\/strong>\u201d en su contra. \u201cTuvo prime-time durante 22 d\u00edas cuando acus\u00f3 de corrupci\u00f3n, no a m\u00ed, al peronismo\u201d, cuestion\u00f3 la exjefe de Estado.<\/p>\n\n\n\n<p>En ese sentido, manifest\u00f3 que dichas palabras motiv\u00f3<strong>\u00a0manifestaciones en la puerta de su casa, la cual \u201cfinalmente concluy\u00f3 con el tiro fallido, con la bala que no sali\u00f3\u201d.\u00a0<\/strong>\u201c<strong>Uno de los autores materiales pidi\u00f3 ser defendido por Luciani<\/strong>\u201d, manifest\u00f3 frente a la querella.<\/p>\n\n\n\n<p><\/p>\n\n\n\n<h2 class=\"wp-block-heading\">La disputa pol\u00edtica de Cristina Krichner<\/h2>\n\n\n\n<p>Luego, habl\u00f3 sobre el vicepresidente del bloque PRO y diputado nacional Gerardo Milman, a quien no conoce personalmente.<\/p>\n\n\n\n<p><strong>\u201cMilman dijo que \u2018cuando la maten, voy a estar camino a la Costa\u2019. Es como un nostradamus contempor\u00e1neo.\u00a0<\/strong>Los celulares de sus secretarias fueron borrados por el director de tecnolog\u00eda informativa del Ministerio de Seguridad que<strong>\u00a0encabeza Patricia Bullrich. Todo tiene que ver con todo<\/strong>\u201d.<\/p>\n\n\n\n<p>RADIO MITRE <\/p>\n\n\n\n<p><\/p>\n\n\n\n<figure class=\"wp-block-image size-full\"><img loading=\"lazy\" decoding=\"async\" width=\"880\" height=\"506\" src=\"https:\/\/zapala8340.com.ar\/wp-content\/uploads\/2024\/08\/image-127.png\" alt=\"\" class=\"wp-image-34972\" srcset=\"https:\/\/zapala8340.com.ar\/wp-content\/uploads\/2024\/08\/image-127.png 880w, https:\/\/zapala8340.com.ar\/wp-content\/uploads\/2024\/08\/image-127-300x173.png 300w, https:\/\/zapala8340.com.ar\/wp-content\/uploads\/2024\/08\/image-127-768x442.png 768w\" sizes=\"(max-width: 880px) 100vw, 880px\" \/><\/figure>\n","protected":false},"excerpt":{"rendered":"<p>Cristina Kirchner asegur\u00f3 que la violencia en su contra comenz\u00f3 a incrementarse a partir de&#8230;<\/p>\n","protected":false},"author":1,"featured_media":34972,"comment_status":"open","ping_status":"open","sticky":false,"template":"","format":"standard","meta":{"footnotes":""},"categories":[16],"tags":[],"class_list":["post-34971","post","type-post","status-publish","format-standard","has-post-thumbnail","hentry","category-politica"],"_links":{"self":[{"href":"https:\/\/zapala8340.com.ar\/index.php?rest_route=\/wp\/v2\/posts\/34971"}],"collection":[{"href":"https:\/\/zapala8340.com.ar\/index.php?rest_route=\/wp\/v2\/posts"}],"about":[{"href":"https:\/\/zapala8340.com.ar\/index.php?rest_route=\/wp\/v2\/types\/post"}],"author":[{"embeddable":true,"href":"https:\/\/zapala8340.com.ar\/index.php?rest_route=\/wp\/v2\/users\/1"}],"replies":[{"embeddable":true,"href":"https:\/\/zapala8340.com.ar\/index.php?rest_route=%2Fwp%2Fv2%2Fcomments&post=34971"}],"version-history":[{"count":1,"href":"https:\/\/zapala8340.com.ar\/index.php?rest_route=\/wp\/v2\/posts\/34971\/revisions"}],"predecessor-version":[{"id":34973,"href":"https:\/\/zapala8340.com.ar\/index.php?rest_route=\/wp\/v2\/posts\/34971\/revisions\/34973"}],"wp:featuredmedia":[{"embeddable":true,"href":"https:\/\/zapala8340.com.ar\/index.php?rest_route=\/wp\/v2\/media\/34972"}],"wp:attachment":[{"href":"https:\/\/zapala8340.com.ar\/index.php?rest_route=%2Fwp%2Fv2%2Fmedia&parent=34971"}],"wp:term":[{"taxonomy":"category","embeddable":true,"href":"https:\/\/zapala8340.com.ar\/index.php?rest_route=%2Fwp%2Fv2%2Fcategories&post=34971"},{"taxonomy":"post_tag","embeddable":true,"href":"https:\/\/zapala8340.com.ar\/index.php?rest_route=%2Fwp%2Fv2%2Ftags&post=34971"}],"curies":[{"name":"wp","href":"https:\/\/api.w.org\/{rel}","templated":true}]}}