{"id":35912,"date":"2024-10-03T12:07:51","date_gmt":"2024-10-03T15:07:51","guid":{"rendered":"https:\/\/zapala8340.com.ar\/?p=35912"},"modified":"2024-10-03T12:07:51","modified_gmt":"2024-10-03T15:07:51","slug":"mas-de-25-mil-personas-participaron-de-la-marcha-universitaria-en-neuquen","status":"publish","type":"post","link":"https:\/\/zapala8340.com.ar\/?p=35912","title":{"rendered":"M\u00e1s de 25 mil personas participaron de la marcha universitaria en Neuqu\u00e9n"},"content":{"rendered":"\n<h2 class=\"wp-block-heading\">Vecinos, alumnos, exalumnos y profesionales marcharon en defensa de la universidad p\u00fablica y para pedir que el presidente no vete la ley de financiamiento.<\/h2>\n\n\n\n<p><strong>Una multitud particip\u00f3 de la\u00a0Marcha Universitaria\u00a0realizada este mi\u00e9rcoles en la ciudad de Neuqu\u00e9n<\/strong>\u00a0para pedir por financiamiento para las universidades nacionales. Vecinos, estudiantes y organizaciones sociales participaron de la movilizaci\u00f3n para dejar en claro la importancia que la educaci\u00f3n p\u00fablica en la regi\u00f3n.<\/p>\n\n\n\n<p>Minutos despu\u00e9s de las 17, las personas comenzaron a acercarse masivamente al play\u00f3n de la sede centras de la\u00a0<strong>Universidad Nacional del Comahue (UNCo)<\/strong>, con carteles, solo, en grupos o en familia, llegaron, donde se saludaban amigablemente con algunos desconocidos, pero que ten\u00edan la certeza de estar all\u00ed con el mismo objetivo: exigir que no se recorte a\u00fan m\u00e1s el presupuesto de la universidad p\u00fablica.<\/p>\n\n\n\n<p><\/p>\n\n\n\n<p>As\u00ed como \u00e9l, Mar\u00eda fue con a marchar junto a su esposo y sus dos hijos, un adolescente y una nena. &#8220;<strong>Yo no fui a la&nbsp;<a href=\"https:\/\/www.lmneuquen.com\/pais\/el-gobierno-nacional-salio-al-cruce-la-marcha-universitaria-n1146253\" target=\"_blank\" rel=\"noreferrer noopener\">universidad<\/a>, no pude<\/strong>, pero mi hijo est\u00e1 en el \u00faltimo a\u00f1o de la escuela secundaria y el a\u00f1o que viene quiere seguir estudiando. Ya sabe que quiere seguir y&nbsp;<strong>para nosotros es importante que nuestros hijos puedan estudiar, porque como pap\u00e1s, adem\u00e1s de los valores, la educaci\u00f3n es lo \u00fanico que les podemos dejar<\/strong>, de la manera en que podemos ayudarlos a que tengan un mejor futuro y la universidad p\u00fablica es donde podemos estudiar todos&#8221;, observ\u00f3.<\/p>\n\n\n\n<p>Pero ellos no eran los \u00fanicos que participaron para defender la formaci\u00f3n profesional de sus hijos, sino que graduados de sus aulas y de otras universidades nacionales tambi\u00e9n dijeron presente. &#8220;Yo soy profesional de Ciencias de la Educaci\u00f3n, no podemos dejar que un gobierno democr\u00e1tico vaya contra las universidades p\u00fablicas, que es la raz\u00f3n que permite poder formar personas que puedan buscar un mejor futuro&#8221;, se\u00f1al\u00f3.<\/p>\n\n\n\n<figure class=\"wp-block-image size-full\"><img loading=\"lazy\" decoding=\"async\" width=\"770\" height=\"513\" src=\"https:\/\/zapala8340.com.ar\/wp-content\/uploads\/2024\/10\/image-13.png\" alt=\"\" class=\"wp-image-35915\" srcset=\"https:\/\/zapala8340.com.ar\/wp-content\/uploads\/2024\/10\/image-13.png 770w, https:\/\/zapala8340.com.ar\/wp-content\/uploads\/2024\/10\/image-13-300x200.png 300w, https:\/\/zapala8340.com.ar\/wp-content\/uploads\/2024\/10\/image-13-768x512.png 768w\" sizes=\"(max-width: 770px) 100vw, 770px\" \/><\/figure>\n\n\n\n<p>As\u00ed como ella Nora, una neuquina por adopci\u00f3n, ya que naci\u00f3 en la ciudad de La Plata y estudi\u00f3 en su universidad emblema, pero desde 1988 vive en Neuqu\u00e9n. &#8220;Hoy nadie pod\u00eda estar ausente. Yo soy profe graduada en la Universidad Nacional de La Plata y un d\u00eda como hoy no pod\u00edamos faltar a esta marcha, nadie pod\u00eda estar ausente porque estamos en manos de una ultraderecha demencial que busca llevarnos a un escenario de guerra civil por medio de la pelea, mientras que la educaci\u00f3n representa la salida de la oscuridad&#8221;, analiz\u00f3.<\/p>\n\n\n\n<figure class=\"wp-block-image size-full\"><img loading=\"lazy\" decoding=\"async\" width=\"770\" height=\"513\" src=\"https:\/\/zapala8340.com.ar\/wp-content\/uploads\/2024\/10\/image-12.png\" alt=\"\" class=\"wp-image-35914\" srcset=\"https:\/\/zapala8340.com.ar\/wp-content\/uploads\/2024\/10\/image-12.png 770w, https:\/\/zapala8340.com.ar\/wp-content\/uploads\/2024\/10\/image-12-300x200.png 300w, https:\/\/zapala8340.com.ar\/wp-content\/uploads\/2024\/10\/image-12-768x512.png 768w\" sizes=\"(max-width: 770px) 100vw, 770px\" \/><\/figure>\n\n\n\n<p><\/p>\n\n\n\n<p>&#8220;Yo soy jubilado, pero estoy ac\u00e1 por lo importante que es defender a la universidad. Mis hijos estudiaron ah\u00ed, hoy uno de ellos es m\u00e9dico y las otras dos egresaron de la Facultad de Ciencias Sociales.<strong>\u00a0Son la primera generaci\u00f3n de profesionales, de personas que fueron a la universidad<\/strong>, \u00bfC\u00f3mo no la vamos a defender si es una conquista de los trabajadores y nos ha ayudado a darle un futuro mejor a nuestros hijos?&#8221;, dijo en di\u00e1logo con\u00a0<strong>LMNeuqu\u00e9n\u00a0<\/strong>Juan Ib\u00e1\u00f1ez, uno de los concurrentes.<\/p>\n\n\n\n<p><\/p>\n\n\n\n<p><\/p>\n\n\n\n<h2 class=\"wp-block-heading\">La UNCo, la universidad de los trabajadores<\/h2>\n\n\n\n<p>El vicerrector de la&nbsp;<strong><a href=\"https:\/\/www.lmneuquen.com\/neuquen\/marcha-federal-educativa-neuquen-la-unco-y-aten-paro-contra-la-politica-javier-milei-n1146272\" target=\"_blank\" rel=\"noreferrer noopener\">Universidad Nacional del Comahue<\/a><\/strong>, Fernando Paul Osovnikar, fue el orador encargado de abrir la ronda de discursos una vez concluida la multitudinaria marcha y en su discurso recalc\u00f3 que todo fue en defensa del financiamiento universitario. Adem\u00e1s de agradecer a cada persona de las distintas localidades del Alto Valle que participaron de la masiva movilizaci\u00f3n.<\/p>\n\n\n\n<p>&#8220;Desfinanciar la universidad p\u00fablica es renunciar a un mejor futuro y hoy el pueblo mostr\u00f3 en las calles que defiende a la educaci\u00f3n&#8221;, asegur\u00f3. A lo que sum\u00f3: &#8220;Nos movilizamos para decirle no al veto presidencial y s\u00ed, a la universidad p\u00fablica, gratuita y de calidad&#8221;.<\/p>\n\n\n\n<p>Tambi\u00e9n indic\u00f3 que&nbsp;<strong>el presupuesto debe cubrir las necesidades b\u00e1sicas de la UNCo<\/strong>, debido a que en el \u00faltimo tiempo se limitaron becas y programas fundamentales para los estudiantes, por lo que muchos chicos del interior han tenido que volver a sus localidades por no poder sostenerse econ\u00f3micamente. &#8220;Estamos siendo amenazados cuando dicen que la universidad tiene que provincializarse o cuando dicen que la universidad debe arancelarse. La realidad es que la universidad p\u00fablica debe ser reconocida como un derecho&#8221;, cuestion\u00f3.<\/p>\n\n\n\n<figure class=\"wp-block-image size-full\"><img loading=\"lazy\" decoding=\"async\" width=\"770\" height=\"356\" src=\"https:\/\/zapala8340.com.ar\/wp-content\/uploads\/2024\/10\/image-11.png\" alt=\"\" class=\"wp-image-35913\" srcset=\"https:\/\/zapala8340.com.ar\/wp-content\/uploads\/2024\/10\/image-11.png 770w, https:\/\/zapala8340.com.ar\/wp-content\/uploads\/2024\/10\/image-11-300x139.png 300w, https:\/\/zapala8340.com.ar\/wp-content\/uploads\/2024\/10\/image-11-768x355.png 768w\" sizes=\"(max-width: 770px) 100vw, 770px\" \/><\/figure>\n\n\n\n<ul class=\"wp-block-list\">\n<li>Por \u00faltimo, observ\u00f3 que la multitudinaria marcha de hoy es el reflejo de la exigencia que se encuentra haciendo la comunidad que: no al veto del presupuesto universitario y que se promulgue la ley. &#8220;Le exigimos a los diputados que si el presidente veta la ley, como dicen que va a hacer, que voten conscientemente y que escuches a la sociedad que pidi\u00f3 que no se apruebe ese veto. La universidad no es un gasto, es una inversi\u00f3n&#8221;; concluy\u00f3 Osovnikar.<\/li>\n<\/ul>\n\n\n\n<p>NOTA DIARIO LA MA\u00d1ANA DEL NEUQUEN <\/p>\n\n\n\n<ul class=\"wp-block-list\">\n<li><a href=\"https:\/\/www.facebook.com\/sharer\/sharer.php?u=https%3A%2F%2Fwww.lmneuquen.com%2Fc1146630\" target=\"_blank\" rel=\"noreferrer noopener\"><\/a><\/li>\n<\/ul>\n","protected":false},"excerpt":{"rendered":"<p>Vecinos, alumnos, exalumnos y profesionales marcharon en defensa de la universidad p\u00fablica y para pedir&#8230;<\/p>\n","protected":false},"author":1,"featured_media":35913,"comment_status":"open","ping_status":"open","sticky":false,"template":"","format":"standard","meta":{"footnotes":""},"categories":[31],"tags":[],"class_list":["post-35912","post","type-post","status-publish","format-standard","has-post-thumbnail","hentry","category-provincia"],"_links":{"self":[{"href":"https:\/\/zapala8340.com.ar\/index.php?rest_route=\/wp\/v2\/posts\/35912"}],"collection":[{"href":"https:\/\/zapala8340.com.ar\/index.php?rest_route=\/wp\/v2\/posts"}],"about":[{"href":"https:\/\/zapala8340.com.ar\/index.php?rest_route=\/wp\/v2\/types\/post"}],"author":[{"embeddable":true,"href":"https:\/\/zapala8340.com.ar\/index.php?rest_route=\/wp\/v2\/users\/1"}],"replies":[{"embeddable":true,"href":"https:\/\/zapala8340.com.ar\/index.php?rest_route=%2Fwp%2Fv2%2Fcomments&post=35912"}],"version-history":[{"count":1,"href":"https:\/\/zapala8340.com.ar\/index.php?rest_route=\/wp\/v2\/posts\/35912\/revisions"}],"predecessor-version":[{"id":35916,"href":"https:\/\/zapala8340.com.ar\/index.php?rest_route=\/wp\/v2\/posts\/35912\/revisions\/35916"}],"wp:featuredmedia":[{"embeddable":true,"href":"https:\/\/zapala8340.com.ar\/index.php?rest_route=\/wp\/v2\/media\/35913"}],"wp:attachment":[{"href":"https:\/\/zapala8340.com.ar\/index.php?rest_route=%2Fwp%2Fv2%2Fmedia&parent=35912"}],"wp:term":[{"taxonomy":"category","embeddable":true,"href":"https:\/\/zapala8340.com.ar\/index.php?rest_route=%2Fwp%2Fv2%2Fcategories&post=35912"},{"taxonomy":"post_tag","embeddable":true,"href":"https:\/\/zapala8340.com.ar\/index.php?rest_route=%2Fwp%2Fv2%2Ftags&post=35912"}],"curies":[{"name":"wp","href":"https:\/\/api.w.org\/{rel}","templated":true}]}}