{"id":37269,"date":"2024-12-05T10:26:37","date_gmt":"2024-12-05T13:26:37","guid":{"rendered":"https:\/\/zapala8340.com.ar\/?p=37269"},"modified":"2024-12-05T10:26:37","modified_gmt":"2024-12-05T13:26:37","slug":"generacion-z-despidio-el-ano-con-color-fiesta-y-muchos-premios","status":"publish","type":"post","link":"https:\/\/zapala8340.com.ar\/?p=37269","title":{"rendered":"Generaci\u00f3n Z despidi\u00f3 el a\u00f1o con color, fiesta y muchos premios"},"content":{"rendered":"\n<p><\/p>\n\n\n\n<h2 class=\"wp-block-heading\">Los pr\u00f3ximos egresados de las escuelas secundarias de Zapala vivieron una jornada inolvidable de la mano del cierre y coronaci\u00f3n de los mejores cursos en \u00e9sta cuarta edici\u00f3n. La propuesta es impulsada por el Municipio a trav\u00e9s de la Direcci\u00f3n de Juventud.<\/h2>\n\n\n\n<p>El pasado viernes el Bosque Comunal volvi\u00f3 a llenarse de vida, c\u00e1nticos, baile y diversi\u00f3n para culminar este a\u00f1o que fue intenso pero divertido para cada uno de los cursos que participaron para llegar hasta el final.<\/p>\n\n\n\n<p>Desaf\u00edos de habilidad, deportivos, culturales, ambientales y de aprendizaje fueron algunas de las \u201cbarreras\u201d que los cursos tuvieron que ir superando hasta llegar a la fecha final. La misma se desarroll\u00f3 en el Bosque Comunal con una tarde muy agradable desde lo clim\u00e1tico, donde cada adolescente puso todo de s\u00ed para disfrutar y sumar los \u00faltimos puntos que derivaron en una definici\u00f3n muy ajustada.<\/p>\n\n\n\n<p>Esa tarde, la jornada estuvo signada por la Carrera Espartana, el Baile Haka, el concurso por la bandera, el \u201cEasy Test\u201d, Paintball, relevo de balde con agua y carrera de embolsados. En el cierre se llev\u00f3 adelante la presentaci\u00f3n de DJ Erik Morales y la Fiesta de la Espuma.<\/p>\n\n\n\n<p>Finalmente, y tras la sumatoria, se defini\u00f3 que el primer premio fue para la E.P.E.T&nbsp; N\u00b015 curso 6\u00b0 2\u00b0 con el nombre \u201cLa Electroneta\u201d. Ellos fueron seguidos por el C.P.E.M N\u00b036 curso 5\u00b0 A,&nbsp; con el nombre \u201cAlfa buena maravilla\u201d. El podio lo complet\u00f3 la E.P.E.T N\u00b011 curso 6\u00b0 2\u00b0 con el nombre \u201cLos 5 de Defensa\u201d.<\/p>\n\n\n\n<figure class=\"wp-block-image\"><img decoding=\"async\" src=\"https:\/\/www.zapala.gob.ar\/wp-content\/uploads\/2024\/12\/Cierre-Generacion-Z-3-1024x640.jpg\" alt=\"\" class=\"wp-image-28620\"\/><\/figure>\n\n\n\n<p>El primer premio entregado por el Municipio ser\u00e1 es un viaje de egresados, el segundo lugar disfrutar\u00e1 de una cena de gala para todo el curso, y el tercer puesto del podio, un asado para todos los alumnos y alumnas.<\/p>\n\n\n\n<p>La intensa y extensa jornada de viernes culmin\u00f3 cuando el sol empezaba a esconderse, y el Intendente Carlos Koopmann no dud\u00f3 en acercarse a compartir y anunciar a los ganadores. All\u00ed se refiri\u00f3 al \u201chermoso d\u00eda de encuentro y recreaci\u00f3n en el Bosque, premiando a los ganadores 2024\u201d y aprovech\u00f3 para felicitar a todos los participantes. Adem\u00e1s dijo: \u201cespero que esta experiencia haya dejado buenos momentos compartidos con sus compa\u00f1eros de curso y de otros colegios. Les deseo todo el \u00e9xito y a perseguir sue\u00f1os\u201d.<\/p>\n\n\n\n<p>\u201cGeneraci\u00f3n Z\u201d en sus diferentes ramificaciones se ha transformado en un evento con gran participaci\u00f3n, aprendizaje, momentos de diversi\u00f3n y sobre todo, un espacio donde ni\u00f1os y adolescentes comparten sus \u00faltimos meses juntos previo al cierre del a\u00f1o.<\/p>\n\n\n\n<figure class=\"wp-block-image size-large\"><img loading=\"lazy\" decoding=\"async\" width=\"1024\" height=\"640\" src=\"https:\/\/zapala8340.com.ar\/wp-content\/uploads\/2024\/12\/image-23-1024x640.png\" alt=\"\" class=\"wp-image-37270\" srcset=\"https:\/\/zapala8340.com.ar\/wp-content\/uploads\/2024\/12\/image-23-1024x640.png 1024w, https:\/\/zapala8340.com.ar\/wp-content\/uploads\/2024\/12\/image-23-300x188.png 300w, https:\/\/zapala8340.com.ar\/wp-content\/uploads\/2024\/12\/image-23-768x480.png 768w, https:\/\/zapala8340.com.ar\/wp-content\/uploads\/2024\/12\/image-23.png 1536w, https:\/\/zapala8340.com.ar\/wp-content\/uploads\/2024\/12\/image-23-800x500.png 800w, https:\/\/zapala8340.com.ar\/wp-content\/uploads\/2024\/12\/image-23-400x250.png 400w\" sizes=\"(max-width: 1024px) 100vw, 1024px\" \/><\/figure>\n","protected":false},"excerpt":{"rendered":"<p>Los pr\u00f3ximos egresados de las escuelas secundarias de Zapala vivieron una jornada inolvidable de la&#8230;<\/p>\n","protected":false},"author":1,"featured_media":37270,"comment_status":"open","ping_status":"open","sticky":false,"template":"","format":"standard","meta":{"footnotes":""},"categories":[8],"tags":[],"class_list":["post-37269","post","type-post","status-publish","format-standard","has-post-thumbnail","hentry","category-zapala"],"_links":{"self":[{"href":"https:\/\/zapala8340.com.ar\/index.php?rest_route=\/wp\/v2\/posts\/37269"}],"collection":[{"href":"https:\/\/zapala8340.com.ar\/index.php?rest_route=\/wp\/v2\/posts"}],"about":[{"href":"https:\/\/zapala8340.com.ar\/index.php?rest_route=\/wp\/v2\/types\/post"}],"author":[{"embeddable":true,"href":"https:\/\/zapala8340.com.ar\/index.php?rest_route=\/wp\/v2\/users\/1"}],"replies":[{"embeddable":true,"href":"https:\/\/zapala8340.com.ar\/index.php?rest_route=%2Fwp%2Fv2%2Fcomments&post=37269"}],"version-history":[{"count":1,"href":"https:\/\/zapala8340.com.ar\/index.php?rest_route=\/wp\/v2\/posts\/37269\/revisions"}],"predecessor-version":[{"id":37271,"href":"https:\/\/zapala8340.com.ar\/index.php?rest_route=\/wp\/v2\/posts\/37269\/revisions\/37271"}],"wp:featuredmedia":[{"embeddable":true,"href":"https:\/\/zapala8340.com.ar\/index.php?rest_route=\/wp\/v2\/media\/37270"}],"wp:attachment":[{"href":"https:\/\/zapala8340.com.ar\/index.php?rest_route=%2Fwp%2Fv2%2Fmedia&parent=37269"}],"wp:term":[{"taxonomy":"category","embeddable":true,"href":"https:\/\/zapala8340.com.ar\/index.php?rest_route=%2Fwp%2Fv2%2Fcategories&post=37269"},{"taxonomy":"post_tag","embeddable":true,"href":"https:\/\/zapala8340.com.ar\/index.php?rest_route=%2Fwp%2Fv2%2Ftags&post=37269"}],"curies":[{"name":"wp","href":"https:\/\/api.w.org\/{rel}","templated":true}]}}