{"id":37288,"date":"2024-12-06T21:50:38","date_gmt":"2024-12-07T00:50:38","guid":{"rendered":"https:\/\/zapala8340.com.ar\/?p=37288"},"modified":"2024-12-06T21:50:38","modified_gmt":"2024-12-07T00:50:38","slug":"el-domingo-se-realizara-el-encendido-del-paseo-navideno","status":"publish","type":"post","link":"https:\/\/zapala8340.com.ar\/?p=37288","title":{"rendered":"El domingo se realizar\u00e1 el encendido del Paseo Navide\u00f1o"},"content":{"rendered":"\n<p>Este domingo 8 de diciembre, la Explanada Municipal ser\u00e1 el epicentro de una noche m\u00e1gica para grandes y chicos, con actividades pensadas para disfrutar en familia y dar la bienvenida a las Fiestas de Fin de A\u00f1o.<\/p>\n\n\n\n<p>La velada comenzar\u00e1 a las 20.30 hs con un espect\u00e1culo de circo y fantas\u00eda que promete deslumbrar a todos los presentes con su creatividad y encanto. M\u00e1s tarde, a las 21.00 hs, los tradicionales villancicos llenar\u00e1n el ambiente de m\u00fasica y alegr\u00eda, evocando el verdadero esp\u00edritu de la Navidad.<\/p>\n\n\n\n<figure class=\"wp-block-image size-full\"><img loading=\"lazy\" decoding=\"async\" width=\"1024\" height=\"640\" src=\"https:\/\/zapala8340.com.ar\/wp-content\/uploads\/2024\/12\/image-30.png\" alt=\"\" class=\"wp-image-37290\" srcset=\"https:\/\/zapala8340.com.ar\/wp-content\/uploads\/2024\/12\/image-30.png 1024w, https:\/\/zapala8340.com.ar\/wp-content\/uploads\/2024\/12\/image-30-300x188.png 300w, https:\/\/zapala8340.com.ar\/wp-content\/uploads\/2024\/12\/image-30-768x480.png 768w, https:\/\/zapala8340.com.ar\/wp-content\/uploads\/2024\/12\/image-30-800x500.png 800w, https:\/\/zapala8340.com.ar\/wp-content\/uploads\/2024\/12\/image-30-400x250.png 400w\" sizes=\"(max-width: 1024px) 100vw, 1024px\" \/><\/figure>\n\n\n\n<p>El momento m\u00e1s esperado ser\u00e1 a las 22.00 hs, con el encendido oficial del Paseo Navide\u00f1o, que contar\u00e1 con el imponente \u201cpinito\u201d como protagonista, rodeado de una decoraci\u00f3n m\u00e1gica y detalles que transformar\u00e1n la zona c\u00e9ntrica en un espacio lleno de color y encanto festivo.<\/p>\n\n\n\n<p>Adem\u00e1s, este evento marca el inicio de un mes lleno de actividades que incluye grandes propuestas como la Fiesta de los Food Trucks, donde la gastronom\u00eda ser\u00e1 la estrella, y una nueva edici\u00f3n de Zapala Emprende, que reunir\u00e1 a emprendedores locales para ofrecer sus mejores productos.<\/p>\n\n\n\n<p>La Municipalidad de Zapala invita a todos los vecinos y vecinas a sumarse a esta gran celebraci\u00f3n, pensada para reunir a la comunidad en un espacio donde la magia y la alegr\u00eda ser\u00e1n los protagonistas.<\/p>\n\n\n\n<figure class=\"wp-block-image size-large\"><img loading=\"lazy\" decoding=\"async\" width=\"1024\" height=\"640\" src=\"https:\/\/zapala8340.com.ar\/wp-content\/uploads\/2024\/12\/image-29-1024x640.png\" alt=\"\" class=\"wp-image-37289\" srcset=\"https:\/\/zapala8340.com.ar\/wp-content\/uploads\/2024\/12\/image-29-1024x640.png 1024w, https:\/\/zapala8340.com.ar\/wp-content\/uploads\/2024\/12\/image-29-300x188.png 300w, https:\/\/zapala8340.com.ar\/wp-content\/uploads\/2024\/12\/image-29-768x480.png 768w, https:\/\/zapala8340.com.ar\/wp-content\/uploads\/2024\/12\/image-29.png 1536w, https:\/\/zapala8340.com.ar\/wp-content\/uploads\/2024\/12\/image-29-800x500.png 800w, https:\/\/zapala8340.com.ar\/wp-content\/uploads\/2024\/12\/image-29-400x250.png 400w\" sizes=\"(max-width: 1024px) 100vw, 1024px\" \/><\/figure>\n","protected":false},"excerpt":{"rendered":"<p>Este domingo 8 de diciembre, la Explanada Municipal ser\u00e1 el epicentro de una noche m\u00e1gica&#8230;<\/p>\n","protected":false},"author":1,"featured_media":37289,"comment_status":"open","ping_status":"open","sticky":false,"template":"","format":"standard","meta":{"footnotes":""},"categories":[8],"tags":[],"class_list":["post-37288","post","type-post","status-publish","format-standard","has-post-thumbnail","hentry","category-zapala"],"_links":{"self":[{"href":"https:\/\/zapala8340.com.ar\/index.php?rest_route=\/wp\/v2\/posts\/37288"}],"collection":[{"href":"https:\/\/zapala8340.com.ar\/index.php?rest_route=\/wp\/v2\/posts"}],"about":[{"href":"https:\/\/zapala8340.com.ar\/index.php?rest_route=\/wp\/v2\/types\/post"}],"author":[{"embeddable":true,"href":"https:\/\/zapala8340.com.ar\/index.php?rest_route=\/wp\/v2\/users\/1"}],"replies":[{"embeddable":true,"href":"https:\/\/zapala8340.com.ar\/index.php?rest_route=%2Fwp%2Fv2%2Fcomments&post=37288"}],"version-history":[{"count":1,"href":"https:\/\/zapala8340.com.ar\/index.php?rest_route=\/wp\/v2\/posts\/37288\/revisions"}],"predecessor-version":[{"id":37291,"href":"https:\/\/zapala8340.com.ar\/index.php?rest_route=\/wp\/v2\/posts\/37288\/revisions\/37291"}],"wp:featuredmedia":[{"embeddable":true,"href":"https:\/\/zapala8340.com.ar\/index.php?rest_route=\/wp\/v2\/media\/37289"}],"wp:attachment":[{"href":"https:\/\/zapala8340.com.ar\/index.php?rest_route=%2Fwp%2Fv2%2Fmedia&parent=37288"}],"wp:term":[{"taxonomy":"category","embeddable":true,"href":"https:\/\/zapala8340.com.ar\/index.php?rest_route=%2Fwp%2Fv2%2Fcategories&post=37288"},{"taxonomy":"post_tag","embeddable":true,"href":"https:\/\/zapala8340.com.ar\/index.php?rest_route=%2Fwp%2Fv2%2Ftags&post=37288"}],"curies":[{"name":"wp","href":"https:\/\/api.w.org\/{rel}","templated":true}]}}