{"id":37305,"date":"2024-12-08T13:35:41","date_gmt":"2024-12-08T16:35:41","guid":{"rendered":"https:\/\/zapala8340.com.ar\/?p=37305"},"modified":"2024-12-08T13:35:41","modified_gmt":"2024-12-08T16:35:41","slug":"zapala-participo-del-xii-encuentro-nacional-de-rafting-inclusivo-en-alumine","status":"publish","type":"post","link":"https:\/\/zapala8340.com.ar\/?p=37305","title":{"rendered":"Zapala particip\u00f3 del XII Encuentro Nacional de Rafting Inclusivo en Alumin\u00e9"},"content":{"rendered":"\n<h2 class=\"wp-block-heading\">Como es habitual cada a\u00f1o, la regi\u00f3n del r\u00edo Alumin\u00e9 recibi\u00f3 a cientos de visitantes con la premisa de brindar pr\u00e1cticas reales de inclusi\u00f3n, garantizando el derecho de todas las personas a la actividad deportiva y tur\u00edstica. Como suele ocurrir hace cuatro a\u00f1os, integrantes de la Direcci\u00f3n de Atenci\u00f3n a Personas con Discapacidad de la Municipalidad, y \u201cCasa de la Alegr\u00eda\u201d, asistieron a disfrutar de la primera jornada.<\/h2>\n\n\n\n<figure class=\"wp-block-image size-full\"><img loading=\"lazy\" decoding=\"async\" width=\"1024\" height=\"640\" src=\"https:\/\/zapala8340.com.ar\/wp-content\/uploads\/2024\/12\/image-36.png\" alt=\"\" class=\"wp-image-37307\" srcset=\"https:\/\/zapala8340.com.ar\/wp-content\/uploads\/2024\/12\/image-36.png 1024w, https:\/\/zapala8340.com.ar\/wp-content\/uploads\/2024\/12\/image-36-300x188.png 300w, https:\/\/zapala8340.com.ar\/wp-content\/uploads\/2024\/12\/image-36-768x480.png 768w, https:\/\/zapala8340.com.ar\/wp-content\/uploads\/2024\/12\/image-36-800x500.png 800w, https:\/\/zapala8340.com.ar\/wp-content\/uploads\/2024\/12\/image-36-400x250.png 400w\" sizes=\"(max-width: 1024px) 100vw, 1024px\" \/><\/figure>\n\n\n\n<p>Los d\u00edas 4, 5 y 6 de diciembre se realiza una nueva edici\u00f3n del Encuentro Nacional de Rafting Inclusivo en la localidad de Alumin\u00e9, un evento \u00fanico que celebra la diversidad y el deporte en contacto con la naturaleza.<\/p>\n\n\n\n<p>Ayer temprano, los representantes de nuestra ciudad, partieron rumbo a la zona donde se desarrollar\u00e1 el atractivo evento que a\u00f1o tras a\u00f1o re\u00fane a cientas de personas que disfrutan del contacto con la naturaleza, y en muchos casos, la primera oportunidad de vivir dicha pr\u00e1ctica recreativa. Este a\u00f1o, se estimaron m\u00e1s de 200 participantes de instituciones educativas, municipios, asociaciones civiles y particulares.<\/p>\n\n\n\n<p>Por la ma\u00f1ana se realiz\u00f3 la caravana de delegaciones para luego dar inicio al rafting desde el Complejo Piedras Verdes. En horas del mediod\u00eda arribaron al Balneario Municipal, para luego poder compartiero un rico almuerzo, baile, canciones, juegos y karaoke. M\u00e1s tarde fue el momento de darle paso al Festival Inclusivo en el Centro de Visitantes.<\/p>\n\n\n\n<p>Con \u00e9sta participaci\u00f3n, Zapala vuelve a decir presente por cuarto a\u00f1o consecutivo. Con la particularidad que tambi\u00e9n estuvieron presentes alumnos, alumnas y docentes de la Escuela N\u00b05 Suyai.<\/p>\n\n\n\n<p>Desde el Municipio agradecieron por la convocatoria, el recibimiento y la organizaci\u00f3n y consideraron a este evento \u201cuna gran oportunidad para que las personas con discapacidad puedan participar y experimentar estas actividades\u201d.<\/p>\n\n\n\n<p><\/p>\n\n\n\n<figure class=\"wp-block-image size-large\"><img loading=\"lazy\" decoding=\"async\" width=\"1024\" height=\"640\" src=\"https:\/\/zapala8340.com.ar\/wp-content\/uploads\/2024\/12\/image-35-1024x640.png\" alt=\"\" class=\"wp-image-37306\" srcset=\"https:\/\/zapala8340.com.ar\/wp-content\/uploads\/2024\/12\/image-35-1024x640.png 1024w, https:\/\/zapala8340.com.ar\/wp-content\/uploads\/2024\/12\/image-35-300x188.png 300w, https:\/\/zapala8340.com.ar\/wp-content\/uploads\/2024\/12\/image-35-768x480.png 768w, https:\/\/zapala8340.com.ar\/wp-content\/uploads\/2024\/12\/image-35.png 1536w, https:\/\/zapala8340.com.ar\/wp-content\/uploads\/2024\/12\/image-35-800x500.png 800w, https:\/\/zapala8340.com.ar\/wp-content\/uploads\/2024\/12\/image-35-400x250.png 400w\" sizes=\"(max-width: 1024px) 100vw, 1024px\" \/><\/figure>\n","protected":false},"excerpt":{"rendered":"<p>Como es habitual cada a\u00f1o, la regi\u00f3n del r\u00edo Alumin\u00e9 recibi\u00f3 a cientos de visitantes&#8230;<\/p>\n","protected":false},"author":1,"featured_media":37306,"comment_status":"open","ping_status":"open","sticky":false,"template":"","format":"standard","meta":{"footnotes":""},"categories":[8],"tags":[],"class_list":["post-37305","post","type-post","status-publish","format-standard","has-post-thumbnail","hentry","category-zapala"],"_links":{"self":[{"href":"https:\/\/zapala8340.com.ar\/index.php?rest_route=\/wp\/v2\/posts\/37305"}],"collection":[{"href":"https:\/\/zapala8340.com.ar\/index.php?rest_route=\/wp\/v2\/posts"}],"about":[{"href":"https:\/\/zapala8340.com.ar\/index.php?rest_route=\/wp\/v2\/types\/post"}],"author":[{"embeddable":true,"href":"https:\/\/zapala8340.com.ar\/index.php?rest_route=\/wp\/v2\/users\/1"}],"replies":[{"embeddable":true,"href":"https:\/\/zapala8340.com.ar\/index.php?rest_route=%2Fwp%2Fv2%2Fcomments&post=37305"}],"version-history":[{"count":1,"href":"https:\/\/zapala8340.com.ar\/index.php?rest_route=\/wp\/v2\/posts\/37305\/revisions"}],"predecessor-version":[{"id":37308,"href":"https:\/\/zapala8340.com.ar\/index.php?rest_route=\/wp\/v2\/posts\/37305\/revisions\/37308"}],"wp:featuredmedia":[{"embeddable":true,"href":"https:\/\/zapala8340.com.ar\/index.php?rest_route=\/wp\/v2\/media\/37306"}],"wp:attachment":[{"href":"https:\/\/zapala8340.com.ar\/index.php?rest_route=%2Fwp%2Fv2%2Fmedia&parent=37305"}],"wp:term":[{"taxonomy":"category","embeddable":true,"href":"https:\/\/zapala8340.com.ar\/index.php?rest_route=%2Fwp%2Fv2%2Fcategories&post=37305"},{"taxonomy":"post_tag","embeddable":true,"href":"https:\/\/zapala8340.com.ar\/index.php?rest_route=%2Fwp%2Fv2%2Ftags&post=37305"}],"curies":[{"name":"wp","href":"https:\/\/api.w.org\/{rel}","templated":true}]}}