{"id":41244,"date":"2025-08-01T20:20:22","date_gmt":"2025-08-01T23:20:22","guid":{"rendered":"https:\/\/zapala8340.com.ar\/?p=41244"},"modified":"2025-08-01T20:20:24","modified_gmt":"2025-08-01T23:20:24","slug":"absolvieron-a-comerciante-acusado-de-disparar-a-un-adolescente-durante-un-robo-en-neuquen","status":"publish","type":"post","link":"https:\/\/zapala8340.com.ar\/?p=41244","title":{"rendered":"Absolvieron a comerciante acusado de disparar a un adolescente durante un robo en Neuqu\u00e9n"},"content":{"rendered":"\n<h2 class=\"wp-block-heading\">Ocurri\u00f3 en agosto de 2023. La fiscal\u00eda hab\u00eda requerido su responsabilidad penal por haber disparado desde la planta alta de una vivienda lindera, hiriendo gravemente al joven.<\/h2>\n\n\n\n<p><img loading=\"lazy\" decoding=\"async\" height=\"16\" width=\"16\" alt=\"\u2696\ufe0f\" src=\"https:\/\/static.xx.fbcdn.net\/images\/emoji.php\/v9\/ta\/1\/16\/2696.png\"> Los jueces resolvieron que no se pudo probar que \u00e9l fuera quien efectu\u00f3 el disparo, y por el beneficio de la duda lo absolvieron.<\/p>\n\n\n\n<p>Un tribunal colegiado de Neuqu\u00e9n resolvi\u00f3 absolver a un comerciante que hab\u00eda sido acusado de disparar por la espalda a un adolescente durante un robo en el kiosco \u201c24 Horas\u201d, ubicado en la esquina de Cayasta y Avenida del Trabajador. La decisi\u00f3n fue tomada por unanimidad por los jueces Marco Lupica Cristo y Mauricio Macagno, y la jueza Natalia Pelosso.<\/p>\n\n\n\n<p><img loading=\"lazy\" decoding=\"async\" height=\"16\" width=\"16\" alt=\"\ud83d\udd0d\" src=\"https:\/\/static.xx.fbcdn.net\/images\/emoji.php\/v9\/tc1\/1\/16\/1f50d.png\"> El caso<\/p>\n\n\n\n<p>El hecho ocurri\u00f3 el 21 de agosto de 2023, cerca de la medianoche, cuando un grupo de siete adolescentes forz\u00f3 la entrada del local y comenz\u00f3 a llevarse mercader\u00eda. Seg\u00fan la acusaci\u00f3n del Ministerio P\u00fablico Fiscal (MPF), la v\u00edctima recogi\u00f3 una caja de zapatillas que hab\u00eda quedado en la vereda, momento en el que el comerciante, desde la planta alta de la vivienda lindante, le habr\u00eda disparado por la espalda. La bala ingres\u00f3 por la regi\u00f3n escapular izquierda, afect\u00f3 el canal medular y provoc\u00f3 una par\u00e1lisis.<\/p>\n\n\n\n<p><img loading=\"lazy\" decoding=\"async\" height=\"16\" width=\"16\" alt=\"\u2696\ufe0f\" src=\"https:\/\/static.xx.fbcdn.net\/images\/emoji.php\/v9\/ta\/1\/16\/2696.png\"> La acusaci\u00f3n y el fallo<\/p>\n\n\n\n<p>El MPF imput\u00f3 al comerciante el delito de homicidio agravado por el uso de arma de fuego, en grado de tentativa, en calidad de autor (art\u00edculos 79, 41 bis, 42 y 45 del C\u00f3digo Penal). Argumentaron que el adolescente no muri\u00f3 gracias a la intervenci\u00f3n de terceros y la r\u00e1pida asistencia m\u00e9dica y policial.<\/p>\n\n\n\n<p>Sin embargo, el tribunal consider\u00f3 que las pruebas presentadas \u2014testimonios, pericias y documentaci\u00f3n\u2014 no fueron suficientes para acreditar que el acusado fue quien dispar\u00f3 el arma. Por el principio de beneficio de la duda, resolvieron absolverlo.<\/p>\n\n\n\n<p><img loading=\"lazy\" decoding=\"async\" height=\"16\" width=\"16\" alt=\"\ud83d\udd75\ufe0f\u200d\u2642\ufe0f\" src=\"https:\/\/static.xx.fbcdn.net\/images\/emoji.php\/v9\/tdb\/1\/16\/1f575_200d_2642.png\"> El juicio<\/p>\n\n\n\n<p>El debate se extendi\u00f3 durante cuatro jornadas, en las que se escucharon declaraciones de testigos, efectivos policiales y peritos.<\/p>\n\n\n\n<p>La fiscal del caso sostuvo su teor\u00eda durante el alegato de clausura, pero no logr\u00f3 convencer al tribunal de la responsabilidad penal del imputado.<\/p>\n\n\n\n<p>inform\u00f3 Ministerio P\u00fablico Fiscal de Neuqu\u00e9n (MPF)<\/p>\n\n\n\n<p><\/p>\n\n\n\n<figure class=\"wp-block-image size-full\"><img loading=\"lazy\" decoding=\"async\" width=\"1024\" height=\"576\" src=\"https:\/\/zapala8340.com.ar\/wp-content\/uploads\/2025\/08\/image-4.png\" alt=\"\" class=\"wp-image-41245\" srcset=\"https:\/\/zapala8340.com.ar\/wp-content\/uploads\/2025\/08\/image-4.png 1024w, https:\/\/zapala8340.com.ar\/wp-content\/uploads\/2025\/08\/image-4-300x169.png 300w, https:\/\/zapala8340.com.ar\/wp-content\/uploads\/2025\/08\/image-4-768x432.png 768w\" sizes=\"(max-width: 1024px) 100vw, 1024px\" \/><\/figure>\n","protected":false},"excerpt":{"rendered":"<p>Ocurri\u00f3 en agosto de 2023. La fiscal\u00eda hab\u00eda requerido su responsabilidad penal por haber disparado&#8230;<\/p>\n","protected":false},"author":1,"featured_media":41245,"comment_status":"open","ping_status":"open","sticky":false,"template":"","format":"standard","meta":{"footnotes":""},"categories":[31],"tags":[],"class_list":["post-41244","post","type-post","status-publish","format-standard","has-post-thumbnail","hentry","category-provincia"],"_links":{"self":[{"href":"https:\/\/zapala8340.com.ar\/index.php?rest_route=\/wp\/v2\/posts\/41244"}],"collection":[{"href":"https:\/\/zapala8340.com.ar\/index.php?rest_route=\/wp\/v2\/posts"}],"about":[{"href":"https:\/\/zapala8340.com.ar\/index.php?rest_route=\/wp\/v2\/types\/post"}],"author":[{"embeddable":true,"href":"https:\/\/zapala8340.com.ar\/index.php?rest_route=\/wp\/v2\/users\/1"}],"replies":[{"embeddable":true,"href":"https:\/\/zapala8340.com.ar\/index.php?rest_route=%2Fwp%2Fv2%2Fcomments&post=41244"}],"version-history":[{"count":1,"href":"https:\/\/zapala8340.com.ar\/index.php?rest_route=\/wp\/v2\/posts\/41244\/revisions"}],"predecessor-version":[{"id":41246,"href":"https:\/\/zapala8340.com.ar\/index.php?rest_route=\/wp\/v2\/posts\/41244\/revisions\/41246"}],"wp:featuredmedia":[{"embeddable":true,"href":"https:\/\/zapala8340.com.ar\/index.php?rest_route=\/wp\/v2\/media\/41245"}],"wp:attachment":[{"href":"https:\/\/zapala8340.com.ar\/index.php?rest_route=%2Fwp%2Fv2%2Fmedia&parent=41244"}],"wp:term":[{"taxonomy":"category","embeddable":true,"href":"https:\/\/zapala8340.com.ar\/index.php?rest_route=%2Fwp%2Fv2%2Fcategories&post=41244"},{"taxonomy":"post_tag","embeddable":true,"href":"https:\/\/zapala8340.com.ar\/index.php?rest_route=%2Fwp%2Fv2%2Ftags&post=41244"}],"curies":[{"name":"wp","href":"https:\/\/api.w.org\/{rel}","templated":true}]}}