{"id":41271,"date":"2025-08-02T22:25:03","date_gmt":"2025-08-03T01:25:03","guid":{"rendered":"https:\/\/zapala8340.com.ar\/?p=41271"},"modified":"2025-08-02T22:25:04","modified_gmt":"2025-08-03T01:25:04","slug":"neuquen-implementara-controles-estrictos-en-la-ruta-7-tras-el-siniestro-fatal","status":"publish","type":"post","link":"https:\/\/zapala8340.com.ar\/?p=41271","title":{"rendered":"Neuqu\u00e9n implementar\u00e1 controles estrictos en la Ruta 7 tras el siniestro fatal"},"content":{"rendered":"\n<h2 class=\"wp-block-heading\">En respuesta al \u00faltimo siniestro fatal ocurrido este viernes sobre la Ruta Provincial 7, a la altura de Picada 16, que cobr\u00f3 la vida de dos personas, el gobierno de Neuqu\u00e9n anunci\u00f3 la implementaci\u00f3n inmediata de un plan de mitigaci\u00f3n de riesgos viales en ese tramo clave del corredor petrolero. <\/h2>\n\n\n\n<p><\/p>\n\n\n\n<p>En respuesta al \u00faltimo siniestro fatal ocurrido este viernes sobre la&nbsp;<strong>Ruta Provincial 7<\/strong>, a la altura de Picada 16, que cobr\u00f3 la vida de dos personas, el gobierno de Neuqu\u00e9n anunci\u00f3 la&nbsp;<strong>implementaci\u00f3n inmediata de un plan de mitigaci\u00f3n de riesgos viales<\/strong>&nbsp;en ese tramo clave del corredor petrolero.<\/p>\n\n\n\n<p>La&nbsp;<strong>secretaria de Emergencias, Luciana Ortiz Luna<\/strong>, asegur\u00f3 que las medidas comenzar\u00e1n a aplicarse desde esta semana, con&nbsp;<strong>restricciones horarias al tr\u00e1nsito pesado y liviano, radarizaci\u00f3n, presencia policial y reducci\u00f3n de velocidad m\u00e1xima<\/strong>.<\/p>\n\n\n\n<blockquote class=\"wp-block-quote is-layout-flow wp-block-quote-is-layout-flow\">\n<p>\u201cNueve muertes en esta ruta es una masacre. Vamos a actuar con firmeza. Esta semana empieza el operativo\u201d, declar\u00f3 Ortiz Luna en di\u00e1logo con Radio 7.<\/p>\n\n\n\n<figure class=\"wp-block-image size-full\"><img loading=\"lazy\" decoding=\"async\" width=\"576\" height=\"384\" src=\"https:\/\/zapala8340.com.ar\/wp-content\/uploads\/2025\/08\/image-16.png\" alt=\"\" class=\"wp-image-41273\" srcset=\"https:\/\/zapala8340.com.ar\/wp-content\/uploads\/2025\/08\/image-16.png 576w, https:\/\/zapala8340.com.ar\/wp-content\/uploads\/2025\/08\/image-16-300x200.png 300w\" sizes=\"(max-width: 576px) 100vw, 576px\" \/><\/figure>\n<\/blockquote>\n\n\n\n<p>La funcionaria advirti\u00f3 que las colisiones en la Ruta 7 se producen mayoritariamente en tramos rectos, sin fallas estructurales visibles, y que el&nbsp;<strong>95% de los siniestros viales tienen origen en fallas humanas<\/strong>. \u00abLa infraestructura no decide una maniobra de sobrepaso. La decide una persona\u00bb, enfatiz\u00f3.<\/p>\n\n\n\n<figure class=\"wp-block-image size-full\"><img loading=\"lazy\" decoding=\"async\" width=\"1024\" height=\"676\" src=\"https:\/\/zapala8340.com.ar\/wp-content\/uploads\/2025\/08\/image-15.png\" alt=\"\" class=\"wp-image-41272\" srcset=\"https:\/\/zapala8340.com.ar\/wp-content\/uploads\/2025\/08\/image-15.png 1024w, https:\/\/zapala8340.com.ar\/wp-content\/uploads\/2025\/08\/image-15-300x198.png 300w, https:\/\/zapala8340.com.ar\/wp-content\/uploads\/2025\/08\/image-15-768x507.png 768w\" sizes=\"(max-width: 1024px) 100vw, 1024px\" \/><\/figure>\n\n\n\n<p><a class=\"\" href=\"https:\/\/api.whatsapp.com\/send?text=Mir%C3%A1%20esta%20noticia%20en%20Noticias7.com%20https:\/\/www.noticias7.com\/neuquen-implementara-controles-estrictos-en-la-ruta-7-tras-el-siniestro-fatal\/\" target=\"_blank\" rel=\"noreferrer noopener\"><\/a><\/p>\n\n\n\n<h3 class=\"wp-block-heading\">Medidas a corto plazo<\/h3>\n\n\n\n<ul class=\"wp-block-list\">\n<li><strong>Presencia humana a lo largo de 50 km del tramo cr\u00edtico<\/strong>\u00a0con personal de la Polic\u00eda de Neuqu\u00e9n, la Secretar\u00eda de Emergencias y otras \u00e1reas del gobierno, especialmente durante las franjas horarias de mayor siniestralidad:\u00a0<strong>entre las 6 y las 9 hs, y entre las 17 y las 21 hs<\/strong>.<\/li>\n\n\n\n<li><strong>Radarizaci\u00f3n con cinem\u00f3metros port\u00e1tiles<\/strong>\u00a0para controlar la velocidad.<\/li>\n\n\n\n<li><strong>L\u00edmite de velocidad m\u00e1xima de 60 u 80 km\/h<\/strong>, a\u00fan en evaluaci\u00f3n.<\/li>\n\n\n\n<li><strong>Restricci\u00f3n horaria voluntaria al tr\u00e1nsito pesado<\/strong>, que pasar\u00e1 a ser obligatoria en 2 a 4 semanas. Se habilitar\u00e1n\u00a0<strong>playas de detenci\u00f3n<\/strong>\u00a0para camiones fuera del horario permitido.<\/li>\n\n\n\n<li><strong>Controles de alcoholemia sorpresivos y rotativos<\/strong>\u00a0en puntos estrat\u00e9gicos.<\/li>\n<\/ul>\n\n\n\n<h3 class=\"wp-block-heading\">Medidas a mediano y largo plazo<\/h3>\n\n\n\n<ul class=\"wp-block-list\">\n<li><strong>Construcci\u00f3n de sobrepasos en sectores cr\u00edticos<\/strong>\u00a0donde se registran colisiones reiteradas, en coordinaci\u00f3n con\u00a0<strong>Vialidad Provincial<\/strong>.<\/li>\n\n\n\n<li><strong>Pintura reflectiva, carteler\u00eda y se\u00f1alizaci\u00f3n reforzada<\/strong>.<\/li>\n\n\n\n<li>Coordinaci\u00f3n con\u00a0<strong>R\u00edo Negro<\/strong>\u00a0para implementar controles en accesos compartidos.<\/li>\n<\/ul>\n\n\n\n<blockquote class=\"wp-block-quote is-layout-flow wp-block-quote-is-layout-flow\">\n<p>\u201cNo vamos a esquivar la responsabilidad. Si esta es la oportunidad de cambiar, bienvenidos sean los cambios, aunque no sean simp\u00e1ticos\u201d, sostuvo Ortiz Luna.<\/p>\n<\/blockquote>\n\n\n\n<p>Adem\u00e1s, se trabajar\u00e1 con operadoras petroleras y sindicatos para reordenar los horarios de circulaci\u00f3n de personal y camiones. Seg\u00fan la funcionaria, el 70% de los veh\u00edculos involucrados en accidentes son de menor porte, muchos de ellos pertenecientes a trabajadores petroleros que&nbsp;<strong>optan por trasladarse en sus autos particulares<\/strong>&nbsp;debido a exigencias horarias.<\/p>\n\n\n\n<blockquote class=\"wp-block-quote is-layout-flow wp-block-quote-is-layout-flow\">\n<p>\u201cDecidir conducir ebrio o realizar un sobrepaso imprudente es una decisi\u00f3n humana. No se puede justificar m\u00e1s\u201d.<\/p>\n<\/blockquote>\n\n\n\n<p>Finalmente, Ortiz Luna no descart\u00f3&nbsp;<strong>sanciones a operadoras<\/strong>&nbsp;por incumplimientos en compromisos asumidos sobre tramos viales.<\/p>\n\n\n\n<figure class=\"wp-block-image size-full is-resized\"><img loading=\"lazy\" decoding=\"async\" width=\"205\" height=\"83\" src=\"https:\/\/zapala8340.com.ar\/wp-content\/uploads\/2025\/08\/image-17.png\" alt=\"\" class=\"wp-image-41274\" style=\"width:171px;height:auto\"\/><\/figure>\n\n\n\n<p><\/p>\n","protected":false},"excerpt":{"rendered":"<p>En respuesta al \u00faltimo siniestro fatal ocurrido este viernes sobre la Ruta Provincial 7, a&#8230;<\/p>\n","protected":false},"author":1,"featured_media":41272,"comment_status":"open","ping_status":"open","sticky":false,"template":"","format":"standard","meta":{"footnotes":""},"categories":[31],"tags":[],"class_list":["post-41271","post","type-post","status-publish","format-standard","has-post-thumbnail","hentry","category-provincia"],"_links":{"self":[{"href":"https:\/\/zapala8340.com.ar\/index.php?rest_route=\/wp\/v2\/posts\/41271"}],"collection":[{"href":"https:\/\/zapala8340.com.ar\/index.php?rest_route=\/wp\/v2\/posts"}],"about":[{"href":"https:\/\/zapala8340.com.ar\/index.php?rest_route=\/wp\/v2\/types\/post"}],"author":[{"embeddable":true,"href":"https:\/\/zapala8340.com.ar\/index.php?rest_route=\/wp\/v2\/users\/1"}],"replies":[{"embeddable":true,"href":"https:\/\/zapala8340.com.ar\/index.php?rest_route=%2Fwp%2Fv2%2Fcomments&post=41271"}],"version-history":[{"count":1,"href":"https:\/\/zapala8340.com.ar\/index.php?rest_route=\/wp\/v2\/posts\/41271\/revisions"}],"predecessor-version":[{"id":41275,"href":"https:\/\/zapala8340.com.ar\/index.php?rest_route=\/wp\/v2\/posts\/41271\/revisions\/41275"}],"wp:featuredmedia":[{"embeddable":true,"href":"https:\/\/zapala8340.com.ar\/index.php?rest_route=\/wp\/v2\/media\/41272"}],"wp:attachment":[{"href":"https:\/\/zapala8340.com.ar\/index.php?rest_route=%2Fwp%2Fv2%2Fmedia&parent=41271"}],"wp:term":[{"taxonomy":"category","embeddable":true,"href":"https:\/\/zapala8340.com.ar\/index.php?rest_route=%2Fwp%2Fv2%2Fcategories&post=41271"},{"taxonomy":"post_tag","embeddable":true,"href":"https:\/\/zapala8340.com.ar\/index.php?rest_route=%2Fwp%2Fv2%2Ftags&post=41271"}],"curies":[{"name":"wp","href":"https:\/\/api.w.org\/{rel}","templated":true}]}}