{"id":41475,"date":"2025-08-15T11:24:59","date_gmt":"2025-08-15T14:24:59","guid":{"rendered":"https:\/\/zapala8340.com.ar\/?p=41475"},"modified":"2025-08-15T11:25:00","modified_gmt":"2025-08-15T14:25:00","slug":"se-aproxima-una-nevada-en-la-cordillera-pero-no-alcanza","status":"publish","type":"post","link":"https:\/\/zapala8340.com.ar\/?p=41475","title":{"rendered":"Se aproxima una nevada en la cordillera, pero no alcanza"},"content":{"rendered":"\n<p>La cordillera neuquina se prepara para recibir una nevada esperada, aunque insuficiente. El ingreso de aire polar previsto para el mi\u00e9rcoles promete jornadas fr\u00edas, lluvias y nieve en zonas como San Mart\u00edn de los Andes y Villa La Angostura. Pero los especialistas advierten: no ser\u00e1 el milagro que todos esperan.<\/p>\n\n\n\n<p>\ud83e\uddca <em>\u201cVa a haber una nevada, pero no cambia nada del d\u00e9ficit. Es para ver nieve, no para modificar la situaci\u00f3n\u201d<\/em>, explic\u00f3 Fernando Frasetto, meteor\u00f3logo de la Autoridad Interjurisdiccional de Cuencas (AIC).<\/p>\n\n\n\n<h3 class=\"wp-block-heading\">\ud83d\udcc9 Temporada en jaque<\/h3>\n\n\n\n<p>La falta de nieve encendi\u00f3 las alarmas en los centros tur\u00edsticos cordilleranos. Alejandro Apaolaza, secretario de Turismo de San Mart\u00edn de los Andes, compar\u00f3 esta temporada con la de 2021, marcada por escasa nieve y bajo movimiento tur\u00edstico. El dato que preocupa: solo el 30,4% de las plazas hoteleras est\u00e1n ocupadas.<\/p>\n\n\n\n<h3 class=\"wp-block-heading\">\ud83c\udfd4\ufe0f Cerros abiertos, con esperanza<\/h3>\n\n\n\n<p>A pesar del panorama, los centros de esqu\u00ed siguen funcionando. Chapelco y Lago Hermoso confirmaron que mantienen todos sus servicios activos, con nieve natural y de producci\u00f3n propia. Desde Chapelco destacaron que las cotas superiores tienen buena acumulaci\u00f3n, y que el trabajo de los ca\u00f1ones de nieve permite mantener habilitadas varias pistas.<\/p>\n\n\n\n<figure class=\"wp-block-image size-large is-resized\"><img loading=\"lazy\" decoding=\"async\" width=\"819\" height=\"1024\" src=\"https:\/\/zapala8340.com.ar\/wp-content\/uploads\/2025\/08\/image-91-819x1024.png\" alt=\"El equipo de ca\u00f1ones de Chapelco trabaja de d\u00eda y noche fabricando nieve para que disfrutes de tu d\u00eda de esqu\u00ed al m\u00e1ximo \u2744\ufe0f\u2728\" class=\"wp-image-41476\" style=\"width:740px;height:auto\" srcset=\"https:\/\/zapala8340.com.ar\/wp-content\/uploads\/2025\/08\/image-91.png 819w, https:\/\/zapala8340.com.ar\/wp-content\/uploads\/2025\/08\/image-91-240x300.png 240w, https:\/\/zapala8340.com.ar\/wp-content\/uploads\/2025\/08\/image-91-768x960.png 768w, https:\/\/zapala8340.com.ar\/wp-content\/uploads\/2025\/08\/image-91-1229x1536.png 1229w, https:\/\/zapala8340.com.ar\/wp-content\/uploads\/2025\/08\/image-91-1024x1280.png 1024w\" sizes=\"(max-width: 819px) 100vw, 819px\" \/><figcaption class=\"wp-element-caption\">El equipo de ca\u00f1ones de Chapelco trabaja de d\u00eda y noche fabricando nieve para que disfrutes de tu d\u00eda de esqu\u00ed al m\u00e1ximo <img loading=\"lazy\" decoding=\"async\" height=\"16\" width=\"16\" src=\"https:\/\/static.xx.fbcdn.net\/images\/emoji.php\/v9\/t2e\/1\/16\/2744.png\" alt=\"\u2744\ufe0f\"><img loading=\"lazy\" decoding=\"async\" height=\"16\" width=\"16\" src=\"https:\/\/static.xx.fbcdn.net\/images\/emoji.php\/v9\/tf4\/1\/16\/2728.png\" alt=\"\u2728\"><\/figcaption><\/figure>\n\n\n\n<p>\ud83c\udfbf <em>\u201cEl cerro funciona con todos sus servicios: escuela de esqu\u00ed, alquiler de equipos, paradores y refugios\u201d<\/em>, informaron desde Chapelco. Lago Hermoso, por su parte, se mostr\u00f3 optimista: <em>\u201cTenemos muchas reservas, ayer tuvimos casi 500 esquiadores y hoy esperamos una cantidad similar\u201d<\/em>, dijo Roich Oriolo, director de la firma.<\/p>\n\n\n\n<h3 class=\"wp-block-heading\">\ud83c\udf21\ufe0f \u00bfY despu\u00e9s?<\/h3>\n\n\n\n<p>El fen\u00f3meno previsto para el 20 de agosto podr\u00eda extenderse por algunos d\u00edas, pero hacia fin de mes se espera un nuevo ascenso de temperaturas. Una tregua blanca, s\u00ed, pero no un salvataje.<\/p>\n","protected":false},"excerpt":{"rendered":"<p>La cordillera neuquina se prepara para recibir una nevada esperada, aunque insuficiente. El ingreso de&#8230;<\/p>\n","protected":false},"author":1,"featured_media":41478,"comment_status":"open","ping_status":"open","sticky":false,"template":"","format":"standard","meta":{"footnotes":""},"categories":[31],"tags":[],"class_list":["post-41475","post","type-post","status-publish","format-standard","has-post-thumbnail","hentry","category-provincia"],"_links":{"self":[{"href":"https:\/\/zapala8340.com.ar\/index.php?rest_route=\/wp\/v2\/posts\/41475"}],"collection":[{"href":"https:\/\/zapala8340.com.ar\/index.php?rest_route=\/wp\/v2\/posts"}],"about":[{"href":"https:\/\/zapala8340.com.ar\/index.php?rest_route=\/wp\/v2\/types\/post"}],"author":[{"embeddable":true,"href":"https:\/\/zapala8340.com.ar\/index.php?rest_route=\/wp\/v2\/users\/1"}],"replies":[{"embeddable":true,"href":"https:\/\/zapala8340.com.ar\/index.php?rest_route=%2Fwp%2Fv2%2Fcomments&post=41475"}],"version-history":[{"count":1,"href":"https:\/\/zapala8340.com.ar\/index.php?rest_route=\/wp\/v2\/posts\/41475\/revisions"}],"predecessor-version":[{"id":41479,"href":"https:\/\/zapala8340.com.ar\/index.php?rest_route=\/wp\/v2\/posts\/41475\/revisions\/41479"}],"wp:featuredmedia":[{"embeddable":true,"href":"https:\/\/zapala8340.com.ar\/index.php?rest_route=\/wp\/v2\/media\/41478"}],"wp:attachment":[{"href":"https:\/\/zapala8340.com.ar\/index.php?rest_route=%2Fwp%2Fv2%2Fmedia&parent=41475"}],"wp:term":[{"taxonomy":"category","embeddable":true,"href":"https:\/\/zapala8340.com.ar\/index.php?rest_route=%2Fwp%2Fv2%2Fcategories&post=41475"},{"taxonomy":"post_tag","embeddable":true,"href":"https:\/\/zapala8340.com.ar\/index.php?rest_route=%2Fwp%2Fv2%2Ftags&post=41475"}],"curies":[{"name":"wp","href":"https:\/\/api.w.org\/{rel}","templated":true}]}}