{"id":41513,"date":"2025-08-18T10:54:51","date_gmt":"2025-08-18T13:54:51","guid":{"rendered":"https:\/\/zapala8340.com.ar\/?p=41513"},"modified":"2025-08-18T10:54:52","modified_gmt":"2025-08-18T13:54:52","slug":"el-municipio-avanza-con-obras-y-tareas-de-embellecimiento-en-la-ciudad","status":"publish","type":"post","link":"https:\/\/zapala8340.com.ar\/?p=41513","title":{"rendered":"El Municipio avanza con obras y tareas de embellecimiento en la ciudad"},"content":{"rendered":"\n<p>La \u00faltima semana se trabaj\u00f3 en trabajos de bacheo sobre calle Avellaneda y se realiz\u00f3 una nueva plantaci\u00f3n de \u00e1rboles en el \u201cPaseo de la Paz\u201d, frente al Cementerio local.<\/p>\n\n\n\n<p>El \u201cPlan de Bacheo\u201d contin\u00faa a buen ritmo en diversos sectores de la localidad, y aprovechando el buen tiempo, el Municipio defini\u00f3 concretar mejoras en calle Avellaneda, entre Belgrano y Garayta. Por eso, la circulaci\u00f3n vehicular se ver\u00e1 reducida a media calzada durante los pr\u00f3ximos 21 d\u00edas. Se solicita a los transe\u00fantes y automovilistas transitar con precauci\u00f3n.<\/p>\n\n\n\n<figure class=\"wp-block-image size-full\"><img loading=\"lazy\" decoding=\"async\" width=\"1024\" height=\"640\" src=\"https:\/\/zapala8340.com.ar\/wp-content\/uploads\/2025\/08\/image-106.png\" alt=\"\" class=\"wp-image-41515\" srcset=\"https:\/\/zapala8340.com.ar\/wp-content\/uploads\/2025\/08\/image-106.png 1024w, https:\/\/zapala8340.com.ar\/wp-content\/uploads\/2025\/08\/image-106-300x188.png 300w, https:\/\/zapala8340.com.ar\/wp-content\/uploads\/2025\/08\/image-106-768x480.png 768w, https:\/\/zapala8340.com.ar\/wp-content\/uploads\/2025\/08\/image-106-800x500.png 800w, https:\/\/zapala8340.com.ar\/wp-content\/uploads\/2025\/08\/image-106-400x250.png 400w\" sizes=\"(max-width: 1024px) 100vw, 1024px\" \/><\/figure>\n\n\n\n<p>Esta iniciativa se realiza en espacios donde el pavimento ya cumpli\u00f3 su vida \u00fatil y se ha visto deteriorado generando deformaciones y roturas.<\/p>\n\n\n\n<p>La ic\u00f3nica calle Avellaneda tambi\u00e9n es testigo de trabajos de embellecimiento debido a la plantaci\u00f3n de nuevos \u00e1rboles sobre uno de los ingresos al Cementerio local. El nuevo \u201cPaseo de La Paz\u201d avanza a buen ritmo y cada semana los cambios se hacen notar. Semanas atr\u00e1s finaliz\u00f3 en dicha zona la construcci\u00f3n de nuevas veredas.<\/p>\n\n\n\n<p>Atentiendo a la accesibilidad contin\u00faa la elaboraci\u00f3n de una nueva vereda sobre calle Riobamba, la cual permitir\u00e1 conectar la rotonda de Los Primeros Pobladores con el casco c\u00e9ntrico de la localidad.<\/p>\n\n\n\n<p>Todas estas tareas y el recorrido diario en los barrios, permiten hacer de Zapala un lugar mucho m\u00e1s ameno para vivir, y sobre todo, poder trasladarse.<\/p>\n\n\n\n<p><em>Subsecretar\u00eda de Prensa<\/em><\/p>\n\n\n\n<figure class=\"wp-block-image size-large\"><img loading=\"lazy\" decoding=\"async\" width=\"1024\" height=\"640\" src=\"https:\/\/zapala8340.com.ar\/wp-content\/uploads\/2025\/08\/image-105-1024x640.png\" alt=\"\" class=\"wp-image-41514\" srcset=\"https:\/\/zapala8340.com.ar\/wp-content\/uploads\/2025\/08\/image-105-1024x640.png 1024w, https:\/\/zapala8340.com.ar\/wp-content\/uploads\/2025\/08\/image-105-300x188.png 300w, https:\/\/zapala8340.com.ar\/wp-content\/uploads\/2025\/08\/image-105-768x480.png 768w, https:\/\/zapala8340.com.ar\/wp-content\/uploads\/2025\/08\/image-105.png 1536w, https:\/\/zapala8340.com.ar\/wp-content\/uploads\/2025\/08\/image-105-800x500.png 800w, https:\/\/zapala8340.com.ar\/wp-content\/uploads\/2025\/08\/image-105-400x250.png 400w\" sizes=\"(max-width: 1024px) 100vw, 1024px\" \/><\/figure>\n","protected":false},"excerpt":{"rendered":"<p>La \u00faltima semana se trabaj\u00f3 en trabajos de bacheo sobre calle Avellaneda y se realiz\u00f3&#8230;<\/p>\n","protected":false},"author":1,"featured_media":41514,"comment_status":"open","ping_status":"open","sticky":false,"template":"","format":"standard","meta":{"footnotes":""},"categories":[8],"tags":[],"class_list":["post-41513","post","type-post","status-publish","format-standard","has-post-thumbnail","hentry","category-zapala"],"_links":{"self":[{"href":"https:\/\/zapala8340.com.ar\/index.php?rest_route=\/wp\/v2\/posts\/41513"}],"collection":[{"href":"https:\/\/zapala8340.com.ar\/index.php?rest_route=\/wp\/v2\/posts"}],"about":[{"href":"https:\/\/zapala8340.com.ar\/index.php?rest_route=\/wp\/v2\/types\/post"}],"author":[{"embeddable":true,"href":"https:\/\/zapala8340.com.ar\/index.php?rest_route=\/wp\/v2\/users\/1"}],"replies":[{"embeddable":true,"href":"https:\/\/zapala8340.com.ar\/index.php?rest_route=%2Fwp%2Fv2%2Fcomments&post=41513"}],"version-history":[{"count":1,"href":"https:\/\/zapala8340.com.ar\/index.php?rest_route=\/wp\/v2\/posts\/41513\/revisions"}],"predecessor-version":[{"id":41516,"href":"https:\/\/zapala8340.com.ar\/index.php?rest_route=\/wp\/v2\/posts\/41513\/revisions\/41516"}],"wp:featuredmedia":[{"embeddable":true,"href":"https:\/\/zapala8340.com.ar\/index.php?rest_route=\/wp\/v2\/media\/41514"}],"wp:attachment":[{"href":"https:\/\/zapala8340.com.ar\/index.php?rest_route=%2Fwp%2Fv2%2Fmedia&parent=41513"}],"wp:term":[{"taxonomy":"category","embeddable":true,"href":"https:\/\/zapala8340.com.ar\/index.php?rest_route=%2Fwp%2Fv2%2Fcategories&post=41513"},{"taxonomy":"post_tag","embeddable":true,"href":"https:\/\/zapala8340.com.ar\/index.php?rest_route=%2Fwp%2Fv2%2Ftags&post=41513"}],"curies":[{"name":"wp","href":"https:\/\/api.w.org\/{rel}","templated":true}]}}