{"id":41517,"date":"2025-08-18T11:02:38","date_gmt":"2025-08-18T14:02:38","guid":{"rendered":"https:\/\/zapala8340.com.ar\/?p=41517"},"modified":"2025-08-18T11:02:39","modified_gmt":"2025-08-18T14:02:39","slug":"generacion-z-la-etapa-ambiental-arranco-con-todo-y-se-recolectaron-miles-de-reciclables","status":"publish","type":"post","link":"https:\/\/zapala8340.com.ar\/?p=41517","title":{"rendered":"Generaci\u00f3n Z: La etapa ambiental arranc\u00f3 con todo y se recolectaron miles de reciclables"},"content":{"rendered":"\n<p>Los cursos de las escuelas secundarias que participan de la actividad demostraron su compromiso con el ambiente y con el anhelo de terminar primeros en la competencia organizada por la Direcci\u00f3n de Juventud, dependiente de la Municipalidad de Zapala.<\/p>\n\n\n\n<p>D\u00edas atr\u00e1s se desarroll\u00f3 la etapa ambiental de \u201cGeneraci\u00f3n Z\u201d, en la que participaron 13 cursos de los \u00faltimos a\u00f1os de las escuelas secundarias de la ciudad. A lo largo de las \u00faltimas semanas, se encargaron de recolectar botellas de vidrio y latas de aluminio. La misi\u00f3n era clara: quien presente la mayor cantidad no s\u00f3lo estar\u00eda sumando importantes puntos para quedarse con el primer lugar, sino que tambi\u00e9n estar\u00eda ayudando seriamente a hacer de Zapala una ciudad m\u00e1s amigable con el ambiente.<\/p>\n\n\n\n<figure class=\"wp-block-image size-full\"><img loading=\"lazy\" decoding=\"async\" width=\"1024\" height=\"640\" src=\"https:\/\/zapala8340.com.ar\/wp-content\/uploads\/2025\/08\/image-108.png\" alt=\"\" class=\"wp-image-41519\" srcset=\"https:\/\/zapala8340.com.ar\/wp-content\/uploads\/2025\/08\/image-108.png 1024w, https:\/\/zapala8340.com.ar\/wp-content\/uploads\/2025\/08\/image-108-300x188.png 300w, https:\/\/zapala8340.com.ar\/wp-content\/uploads\/2025\/08\/image-108-768x480.png 768w, https:\/\/zapala8340.com.ar\/wp-content\/uploads\/2025\/08\/image-108-800x500.png 800w, https:\/\/zapala8340.com.ar\/wp-content\/uploads\/2025\/08\/image-108-400x250.png 400w\" sizes=\"(max-width: 1024px) 100vw, 1024px\" \/><\/figure>\n\n\n\n<p>El Parque del Bicentenario se llen\u00f3 de color, alegr\u00eda y mucha expectativa para conocer qu\u00e9 curso hab\u00eda recolectado la mayor cantidad. En total, se contabilizaron m\u00e1s de 2300 cajas con botellas y aproximadamente 530 bolsas con latas. El n\u00famero impact\u00f3 positivamente en la competencia y sin dudas lo har\u00e1 en la comunidad, ya que la Cooperativa \u201cManos a la Obra\u201d se encargar\u00e1 de reciclar y darle una nueva utilidad a todo ese material que no terminar\u00e1 convirti\u00e9ndose en basura.<\/p>\n\n\n\n<figure class=\"wp-block-image\"><img decoding=\"async\" src=\"https:\/\/www.zapala.gob.ar\/wp-content\/uploads\/2025\/08\/Generacion-Z-Etapa-ambiental-1-1-1024x640.jpg\" alt=\"\" class=\"wp-image-32006\"\/><\/figure>\n\n\n\n<p>Sin embargo, la labor no fue realizada en solitario por cada curso. Sino que all\u00ed entr\u00f3 en juego la comunidad zapalina, debido a que amigos, padres y conocidos de cada curso colaboraron con su escuela favorita para ayudarlos a sumar esos primeros puntos de&nbsp; la competencia.<\/p>\n\n\n\n<p>La etapa ambiental fue un \u00e9xito rotundo, y los j\u00f3venes se preparan para continuar con la escena cultural, deportiva y educativa. Los premios para este a\u00f1o son: el curso ganador recibir\u00e1 un viaje de egresados a cualquier locaci\u00f3n de la provincia, el segundo puesto una cena de gala para todo el curso, y el tercer lugar; un asado para todos los alumnos y alumnas.<\/p>\n\n\n\n<p><em>Subsecretar\u00eda de Prensa<\/em><\/p>\n\n\n\n<figure class=\"wp-block-image size-large\"><img loading=\"lazy\" decoding=\"async\" width=\"1024\" height=\"641\" src=\"https:\/\/zapala8340.com.ar\/wp-content\/uploads\/2025\/08\/image-107-1024x641.png\" alt=\"\" class=\"wp-image-41518\" srcset=\"https:\/\/zapala8340.com.ar\/wp-content\/uploads\/2025\/08\/image-107-1024x641.png 1024w, https:\/\/zapala8340.com.ar\/wp-content\/uploads\/2025\/08\/image-107-300x188.png 300w, https:\/\/zapala8340.com.ar\/wp-content\/uploads\/2025\/08\/image-107-768x480.png 768w, https:\/\/zapala8340.com.ar\/wp-content\/uploads\/2025\/08\/image-107.png 1536w, https:\/\/zapala8340.com.ar\/wp-content\/uploads\/2025\/08\/image-107-800x500.png 800w, https:\/\/zapala8340.com.ar\/wp-content\/uploads\/2025\/08\/image-107-400x250.png 400w\" sizes=\"(max-width: 1024px) 100vw, 1024px\" \/><\/figure>\n","protected":false},"excerpt":{"rendered":"<p>Los cursos de las escuelas secundarias que participan de la actividad demostraron su compromiso con&#8230;<\/p>\n","protected":false},"author":1,"featured_media":41518,"comment_status":"open","ping_status":"open","sticky":false,"template":"","format":"standard","meta":{"footnotes":""},"categories":[8],"tags":[],"class_list":["post-41517","post","type-post","status-publish","format-standard","has-post-thumbnail","hentry","category-zapala"],"_links":{"self":[{"href":"https:\/\/zapala8340.com.ar\/index.php?rest_route=\/wp\/v2\/posts\/41517"}],"collection":[{"href":"https:\/\/zapala8340.com.ar\/index.php?rest_route=\/wp\/v2\/posts"}],"about":[{"href":"https:\/\/zapala8340.com.ar\/index.php?rest_route=\/wp\/v2\/types\/post"}],"author":[{"embeddable":true,"href":"https:\/\/zapala8340.com.ar\/index.php?rest_route=\/wp\/v2\/users\/1"}],"replies":[{"embeddable":true,"href":"https:\/\/zapala8340.com.ar\/index.php?rest_route=%2Fwp%2Fv2%2Fcomments&post=41517"}],"version-history":[{"count":1,"href":"https:\/\/zapala8340.com.ar\/index.php?rest_route=\/wp\/v2\/posts\/41517\/revisions"}],"predecessor-version":[{"id":41520,"href":"https:\/\/zapala8340.com.ar\/index.php?rest_route=\/wp\/v2\/posts\/41517\/revisions\/41520"}],"wp:featuredmedia":[{"embeddable":true,"href":"https:\/\/zapala8340.com.ar\/index.php?rest_route=\/wp\/v2\/media\/41518"}],"wp:attachment":[{"href":"https:\/\/zapala8340.com.ar\/index.php?rest_route=%2Fwp%2Fv2%2Fmedia&parent=41517"}],"wp:term":[{"taxonomy":"category","embeddable":true,"href":"https:\/\/zapala8340.com.ar\/index.php?rest_route=%2Fwp%2Fv2%2Fcategories&post=41517"},{"taxonomy":"post_tag","embeddable":true,"href":"https:\/\/zapala8340.com.ar\/index.php?rest_route=%2Fwp%2Fv2%2Ftags&post=41517"}],"curies":[{"name":"wp","href":"https:\/\/api.w.org\/{rel}","templated":true}]}}