{"id":41533,"date":"2025-08-14T11:15:26","date_gmt":"2025-08-14T14:15:26","guid":{"rendered":"https:\/\/zapala8340.com.ar\/?p=41533"},"modified":"2025-08-18T11:19:19","modified_gmt":"2025-08-18T14:19:19","slug":"las-localidades-del-pehuen-continuan-preparandose-para-el-encuentro-cultural-en-zapala","status":"publish","type":"post","link":"https:\/\/zapala8340.com.ar\/?p=41533","title":{"rendered":"Las localidades del Pehu\u00e9n contin\u00faan prepar\u00e1ndose para el Encuentro Cultural en Zapala"},"content":{"rendered":"\n<h2 class=\"wp-block-heading\">El Encuentro Cultural del Pehu\u00e9n, que se desarrollar\u00e1 el s\u00e1bado 30 y domingo 31 de agosto en Zapala, avanza a paso firme en su etapa de preparaci\u00f3n, con distintas localidades ultimando detalles y seleccionando a sus representantes para la gran cita.<\/h2>\n\n\n\n<p>Durante el \u00faltimo fin de semana, la Secretar\u00eda de Cultura estuvo presente en Piedra del \u00c1guila, acompa\u00f1ando la instancia local que tambi\u00e9n cont\u00f3 con la participaci\u00f3n de artistas de Pic\u00fan Leuf\u00fa. Estas instancias previas permiten que cada comunidad muestre su talento y elija a quienes tendr\u00e1n la responsabilidad de representar su identidad en el evento central.<\/p>\n\n\n\n<figure class=\"wp-block-image size-full\"><img loading=\"lazy\" decoding=\"async\" width=\"1024\" height=\"640\" src=\"https:\/\/zapala8340.com.ar\/wp-content\/uploads\/2025\/08\/image-114.png\" alt=\"\" class=\"wp-image-41535\" srcset=\"https:\/\/zapala8340.com.ar\/wp-content\/uploads\/2025\/08\/image-114.png 1024w, https:\/\/zapala8340.com.ar\/wp-content\/uploads\/2025\/08\/image-114-300x188.png 300w, https:\/\/zapala8340.com.ar\/wp-content\/uploads\/2025\/08\/image-114-768x480.png 768w, https:\/\/zapala8340.com.ar\/wp-content\/uploads\/2025\/08\/image-114-800x500.png 800w, https:\/\/zapala8340.com.ar\/wp-content\/uploads\/2025\/08\/image-114-400x250.png 400w\" sizes=\"(max-width: 1024px) 100vw, 1024px\" \/><\/figure>\n\n\n\n<p>Bajo el lema \u201cEste es mi lugar\u201d, el Encuentro busca poner en valor las ra\u00edces culturales de cada localidad, promoviendo la expresi\u00f3n art\u00edstica a trav\u00e9s de disciplinas como dibujo y pintura, danzas folkl\u00f3ricas, danza libre, conjuntos musicales, canto solista, poes\u00eda y cuento. Cada presentaci\u00f3n ser\u00e1 una oportunidad para narrar, con arte y emoci\u00f3n, la historia, paisajes, personajes y tradiciones propias de cada rinc\u00f3n del Pehu\u00e9n.<\/p>\n\n\n\n<p>El Cine Teatro Municipal de Zapala ser\u00e1 sede de esta celebraci\u00f3n que reunir\u00e1 a representantes de Puente Pic\u00fan Leuf\u00fa, Los Catutos, Las Lajas, Las Coloradas, Loncopu\u00e9, Alumin\u00e9, Piedra del \u00c1guila, Mariano Moreno, Paso Aguerre, Pic\u00fan Leuf\u00fa y Zapala.<\/p>\n\n\n\n<p>Este encuentro no solo busca fortalecer los lazos culturales entre las comunidades, sino tambi\u00e9n ofrecer un espacio de intercambio, aprendizaje y orgullo por las tradiciones que identifican a la regi\u00f3n.<\/p>\n\n\n\n<p><em>Subsecretar\u00eda de Prensa<\/em><\/p>\n\n\n\n<figure class=\"wp-block-image size-large\"><img loading=\"lazy\" decoding=\"async\" width=\"1024\" height=\"640\" src=\"https:\/\/zapala8340.com.ar\/wp-content\/uploads\/2025\/08\/image-113-1024x640.png\" alt=\"\" class=\"wp-image-41534\" srcset=\"https:\/\/zapala8340.com.ar\/wp-content\/uploads\/2025\/08\/image-113-1024x640.png 1024w, https:\/\/zapala8340.com.ar\/wp-content\/uploads\/2025\/08\/image-113-300x188.png 300w, https:\/\/zapala8340.com.ar\/wp-content\/uploads\/2025\/08\/image-113-768x480.png 768w, https:\/\/zapala8340.com.ar\/wp-content\/uploads\/2025\/08\/image-113.png 1536w, https:\/\/zapala8340.com.ar\/wp-content\/uploads\/2025\/08\/image-113-800x500.png 800w, https:\/\/zapala8340.com.ar\/wp-content\/uploads\/2025\/08\/image-113-400x250.png 400w\" sizes=\"(max-width: 1024px) 100vw, 1024px\" \/><\/figure>\n","protected":false},"excerpt":{"rendered":"<p>El Encuentro Cultural del Pehu\u00e9n, que se desarrollar\u00e1 el s\u00e1bado 30 y domingo 31 de&#8230;<\/p>\n","protected":false},"author":1,"featured_media":41534,"comment_status":"open","ping_status":"open","sticky":false,"template":"","format":"standard","meta":{"footnotes":""},"categories":[8],"tags":[],"class_list":["post-41533","post","type-post","status-publish","format-standard","has-post-thumbnail","hentry","category-zapala"],"_links":{"self":[{"href":"https:\/\/zapala8340.com.ar\/index.php?rest_route=\/wp\/v2\/posts\/41533"}],"collection":[{"href":"https:\/\/zapala8340.com.ar\/index.php?rest_route=\/wp\/v2\/posts"}],"about":[{"href":"https:\/\/zapala8340.com.ar\/index.php?rest_route=\/wp\/v2\/types\/post"}],"author":[{"embeddable":true,"href":"https:\/\/zapala8340.com.ar\/index.php?rest_route=\/wp\/v2\/users\/1"}],"replies":[{"embeddable":true,"href":"https:\/\/zapala8340.com.ar\/index.php?rest_route=%2Fwp%2Fv2%2Fcomments&post=41533"}],"version-history":[{"count":1,"href":"https:\/\/zapala8340.com.ar\/index.php?rest_route=\/wp\/v2\/posts\/41533\/revisions"}],"predecessor-version":[{"id":41536,"href":"https:\/\/zapala8340.com.ar\/index.php?rest_route=\/wp\/v2\/posts\/41533\/revisions\/41536"}],"wp:featuredmedia":[{"embeddable":true,"href":"https:\/\/zapala8340.com.ar\/index.php?rest_route=\/wp\/v2\/media\/41534"}],"wp:attachment":[{"href":"https:\/\/zapala8340.com.ar\/index.php?rest_route=%2Fwp%2Fv2%2Fmedia&parent=41533"}],"wp:term":[{"taxonomy":"category","embeddable":true,"href":"https:\/\/zapala8340.com.ar\/index.php?rest_route=%2Fwp%2Fv2%2Fcategories&post=41533"},{"taxonomy":"post_tag","embeddable":true,"href":"https:\/\/zapala8340.com.ar\/index.php?rest_route=%2Fwp%2Fv2%2Ftags&post=41533"}],"curies":[{"name":"wp","href":"https:\/\/api.w.org\/{rel}","templated":true}]}}