{"id":41545,"date":"2025-08-15T11:33:49","date_gmt":"2025-08-15T14:33:49","guid":{"rendered":"https:\/\/zapala8340.com.ar\/?p=41545"},"modified":"2025-08-18T11:34:37","modified_gmt":"2025-08-18T14:34:37","slug":"la-bandera-oficial-de-la-ciudad-en-detalle","status":"publish","type":"post","link":"https:\/\/zapala8340.com.ar\/?p=41545","title":{"rendered":"La bandera oficial de la Ciudad, en detalle"},"content":{"rendered":"\n<h2 class=\"wp-block-heading\">Zapala ya cuenta con su bandera oficial. Celeste, marr\u00f3n y blanco son los colores que identifican este nuevo pabell\u00f3n, que ser\u00e1 orgullo de todos los zapalinos y, de ahora en m\u00e1s, flamear\u00e1 junto a las banderas nacional y provincial.<\/h2>\n\n\n\n<p>El 13 de agosto de 2025 quedar\u00e1 marcado en la historia local como el d\u00eda en que la ciudad sum\u00f3 un nuevo motivo de orgullo para quienes nacieron, crecieron y se desarrollaron aqu\u00ed, as\u00ed como para quienes eligieron ser zapalinos por adopci\u00f3n.<\/p>\n\n\n\n<p>La elecci\u00f3n de los colores para una bandera debe tener un profundo significado, ya que estos no solo representan una identidad visual, sino tambi\u00e9n valores, historia y cultura de una regi\u00f3n.<\/p>\n\n\n\n<p>El dise\u00f1o no es casual: el celeste y el blanco evocan los colores patrios, estos colores est\u00e1n profundamente arraigados en la identidad nacional y remiten al legado hist\u00f3rico y cultural de la patria. El celeste simboliza el cielo limpio y el anhelo de libertad, mientras que el blanco representa pureza, paz y esperanza. En este contexto, estos colores reflejan la conexi\u00f3n de la comunidad con los valores patri\u00f3ticos y su integraci\u00f3n en el marco nacional.<\/p>\n\n\n\n<figure class=\"wp-block-image\"><img decoding=\"async\" src=\"https:\/\/www.zapala.gob.ar\/wp-content\/uploads\/2025\/08\/Bandera-de-Zapala-1-1024x640.jpg\" alt=\"\" class=\"wp-image-32059\"\/><\/figure>\n\n\n\n<p>Por su parte, el marr\u00f3n evoca a la tierra zapalina. Este tono hace un homenaje a la tierra caracter\u00edstica de la ciudad, destacando su importancia geogr\u00e1fica, hist\u00f3rica y cultural. Con sus caracter\u00edsticas geol\u00f3gicas \u00fanicas, ha sido fuente de trabajo y progreso para Zapala, y representa las ra\u00edces de la comunidad, su riqueza cultural y su respeto por el entorno natural que la sustenta. Este color nos recuerda la conexi\u00f3n profunda entre la comunidad y la tierra que la rodea, y simboliza la esperanza de un futuro pr\u00f3spero y sostenible.<\/p>\n\n\n\n<p>Adem\u00e1s, el emblema incorpora tres referencias visuales clave:<\/p>\n\n\n\n<ul class=\"wp-block-list\">\n<li>Las rotondas de la ciudad, que simbolizan la conexi\u00f3n y convergencia en el n\u00facleo de la regi\u00f3n.<\/li>\n\n\n\n<li>El Cerro Michacheo, \u00edcono y puerta de entrada a Zapala.<\/li>\n\n\n\n<li>La araucaria, s\u00edmbolo de la identidad cultural y natural de la ciudad como Portal de la Ruta del Pehu\u00e9n.<\/li>\n<\/ul>\n\n\n\n<p>La creaci\u00f3n lleva la firma de Mat\u00edas Germ\u00e1n Su\u00e1rez Caminaur, autor del dise\u00f1o ganador, quien se llev\u00f3 tambi\u00e9n un premio de $2.000.000.<\/p>\n\n\n\n<p>Zapala es una ciudad que avanza y se transforma, motivo de orgullo para quienes la recorren d\u00eda a d\u00eda y para quienes, a\u00fan lejos, la llevan en el coraz\u00f3n. Ahora, todo ese sentimiento tiene su s\u00edmbolo: celeste, marr\u00f3n y blanco; rotondas, Michacheo y araucaria\u2026 En resumen, Zapala hecha bandera.<\/p>\n\n\n\n<p><em>Subsecretar\u00eda de Prensa&nbsp;<\/em><\/p>\n\n\n\n<figure class=\"wp-block-image\"><img decoding=\"async\" src=\"https:\/\/www.zapala.gob.ar\/wp-content\/uploads\/2025\/08\/Bandera-de-Zapala-5-1024x640.jpg\" alt=\"\" class=\"wp-image-32060\"\/><\/figure>\n\n\n\n<figure class=\"wp-block-image size-large\"><img loading=\"lazy\" decoding=\"async\" width=\"1024\" height=\"640\" src=\"https:\/\/zapala8340.com.ar\/wp-content\/uploads\/2025\/08\/image-119-1024x640.png\" alt=\"\" class=\"wp-image-41546\" srcset=\"https:\/\/zapala8340.com.ar\/wp-content\/uploads\/2025\/08\/image-119-1024x640.png 1024w, https:\/\/zapala8340.com.ar\/wp-content\/uploads\/2025\/08\/image-119-300x188.png 300w, https:\/\/zapala8340.com.ar\/wp-content\/uploads\/2025\/08\/image-119-768x480.png 768w, https:\/\/zapala8340.com.ar\/wp-content\/uploads\/2025\/08\/image-119.png 1536w, https:\/\/zapala8340.com.ar\/wp-content\/uploads\/2025\/08\/image-119-800x500.png 800w, https:\/\/zapala8340.com.ar\/wp-content\/uploads\/2025\/08\/image-119-400x250.png 400w\" sizes=\"(max-width: 1024px) 100vw, 1024px\" \/><\/figure>\n","protected":false},"excerpt":{"rendered":"<p>Zapala ya cuenta con su bandera oficial. Celeste, marr\u00f3n y blanco son los colores que&#8230;<\/p>\n","protected":false},"author":1,"featured_media":41546,"comment_status":"open","ping_status":"open","sticky":false,"template":"","format":"standard","meta":{"footnotes":""},"categories":[8],"tags":[],"class_list":["post-41545","post","type-post","status-publish","format-standard","has-post-thumbnail","hentry","category-zapala"],"_links":{"self":[{"href":"https:\/\/zapala8340.com.ar\/index.php?rest_route=\/wp\/v2\/posts\/41545"}],"collection":[{"href":"https:\/\/zapala8340.com.ar\/index.php?rest_route=\/wp\/v2\/posts"}],"about":[{"href":"https:\/\/zapala8340.com.ar\/index.php?rest_route=\/wp\/v2\/types\/post"}],"author":[{"embeddable":true,"href":"https:\/\/zapala8340.com.ar\/index.php?rest_route=\/wp\/v2\/users\/1"}],"replies":[{"embeddable":true,"href":"https:\/\/zapala8340.com.ar\/index.php?rest_route=%2Fwp%2Fv2%2Fcomments&post=41545"}],"version-history":[{"count":1,"href":"https:\/\/zapala8340.com.ar\/index.php?rest_route=\/wp\/v2\/posts\/41545\/revisions"}],"predecessor-version":[{"id":41547,"href":"https:\/\/zapala8340.com.ar\/index.php?rest_route=\/wp\/v2\/posts\/41545\/revisions\/41547"}],"wp:featuredmedia":[{"embeddable":true,"href":"https:\/\/zapala8340.com.ar\/index.php?rest_route=\/wp\/v2\/media\/41546"}],"wp:attachment":[{"href":"https:\/\/zapala8340.com.ar\/index.php?rest_route=%2Fwp%2Fv2%2Fmedia&parent=41545"}],"wp:term":[{"taxonomy":"category","embeddable":true,"href":"https:\/\/zapala8340.com.ar\/index.php?rest_route=%2Fwp%2Fv2%2Fcategories&post=41545"},{"taxonomy":"post_tag","embeddable":true,"href":"https:\/\/zapala8340.com.ar\/index.php?rest_route=%2Fwp%2Fv2%2Ftags&post=41545"}],"curies":[{"name":"wp","href":"https:\/\/api.w.org\/{rel}","templated":true}]}}