{"id":41552,"date":"2025-08-18T11:40:17","date_gmt":"2025-08-18T14:40:17","guid":{"rendered":"https:\/\/zapala8340.com.ar\/?p=41552"},"modified":"2025-08-18T11:40:17","modified_gmt":"2025-08-18T14:40:17","slug":"el-parque-industrial-zapala-sigue-recibiendo-buenas-noticias","status":"publish","type":"post","link":"https:\/\/zapala8340.com.ar\/?p=41552","title":{"rendered":"El Parque Industrial Zapala sigue recibiendo buenas noticias"},"content":{"rendered":"\n<p>Mediante publicaci\u00f3n en el Bolet\u00edn Oficial se aprobaron las delimitaciones del Parque Industrial provincial de la ciudad, lo cual ratifica el convenio suscripto entre el Municipio y la Provincia, aprobando la redefinici\u00f3n de los l\u00edmites entre ambos sectores.<\/p>\n\n\n\n<p>El decreto 2025-0845 ratific\u00f3 lo acordado entre las autoridades municipales y provinciales, recordando que a fines de Octubre del 2024 el intendente Carlos Koopmann y el gobernador Rolando Figueroa hab\u00edan formalizado en Zapala la llegada de la primera usuaria indirecta a Zona Franca. En aquella oportunidad tambi\u00e9n firmaron un convenio de incentivo a la producci\u00f3n en la ciudad, que se trat\u00f3 de un acuerdo de colaboraci\u00f3n que buscaba impulsar el progreso industrial competitivo, aumentar la capacidad y el crecimiento de la actividad industrial en esa ciudad de la regi\u00f3n del Pehu\u00e9n.<\/p>\n\n\n\n<p>En este acuerdo estaba incluida la delimitaci\u00f3n del Parque Industrial. \u201cEste acuerdo permitir\u00e1 coordinar la ejecuci\u00f3n de obras de infraestructura, como el tanque de agua, mantenimiento de calles y redes, entre los sectores provinciales y municipales\u201d, explicaron desde la Subsecretar\u00eda de Industria.<\/p>\n\n\n\n<p>\u201cCon este decreto se regulariza la delimitaci\u00f3n de los predios y de esa manera podr\u00e1 iniciar las gestiones tendientes a regularizar las tierras que ha otorgado a empresas, dado que hasta que saliera este decreto no era factible transferir la titularidad de las mismas. Lo mismo para el lado del parque provincial\u201d, agregaron.<\/p>\n\n\n\n<p>El Parque Industrial de Zapala, se ubica sobre la ruta 40 y Avenida Fortabat, a corta distancia de la Ruta 22, frente al predio de la Zona Franca, y a poco m\u00e1s de 100 kil\u00f3metros del Paso Pino Hachado, siendo un lugar de paso obligado en el corredor bioce\u00e1nico del sur.<\/p>\n\n\n\n<p><em>Subsecretar\u00eda de Prensa<\/em><\/p>\n\n\n\n<figure class=\"wp-block-image size-large\"><img loading=\"lazy\" decoding=\"async\" width=\"1024\" height=\"640\" src=\"https:\/\/zapala8340.com.ar\/wp-content\/uploads\/2025\/08\/image-122-1024x640.png\" alt=\"\" class=\"wp-image-41553\" srcset=\"https:\/\/zapala8340.com.ar\/wp-content\/uploads\/2025\/08\/image-122-1024x640.png 1024w, https:\/\/zapala8340.com.ar\/wp-content\/uploads\/2025\/08\/image-122-300x188.png 300w, https:\/\/zapala8340.com.ar\/wp-content\/uploads\/2025\/08\/image-122-768x480.png 768w, https:\/\/zapala8340.com.ar\/wp-content\/uploads\/2025\/08\/image-122.png 1536w, https:\/\/zapala8340.com.ar\/wp-content\/uploads\/2025\/08\/image-122-800x500.png 800w, https:\/\/zapala8340.com.ar\/wp-content\/uploads\/2025\/08\/image-122-400x250.png 400w\" sizes=\"(max-width: 1024px) 100vw, 1024px\" \/><\/figure>\n","protected":false},"excerpt":{"rendered":"<p>Mediante publicaci\u00f3n en el Bolet\u00edn Oficial se aprobaron las delimitaciones del Parque Industrial provincial de&#8230;<\/p>\n","protected":false},"author":1,"featured_media":41553,"comment_status":"open","ping_status":"open","sticky":false,"template":"","format":"standard","meta":{"footnotes":""},"categories":[8],"tags":[],"class_list":["post-41552","post","type-post","status-publish","format-standard","has-post-thumbnail","hentry","category-zapala"],"_links":{"self":[{"href":"https:\/\/zapala8340.com.ar\/index.php?rest_route=\/wp\/v2\/posts\/41552"}],"collection":[{"href":"https:\/\/zapala8340.com.ar\/index.php?rest_route=\/wp\/v2\/posts"}],"about":[{"href":"https:\/\/zapala8340.com.ar\/index.php?rest_route=\/wp\/v2\/types\/post"}],"author":[{"embeddable":true,"href":"https:\/\/zapala8340.com.ar\/index.php?rest_route=\/wp\/v2\/users\/1"}],"replies":[{"embeddable":true,"href":"https:\/\/zapala8340.com.ar\/index.php?rest_route=%2Fwp%2Fv2%2Fcomments&post=41552"}],"version-history":[{"count":1,"href":"https:\/\/zapala8340.com.ar\/index.php?rest_route=\/wp\/v2\/posts\/41552\/revisions"}],"predecessor-version":[{"id":41554,"href":"https:\/\/zapala8340.com.ar\/index.php?rest_route=\/wp\/v2\/posts\/41552\/revisions\/41554"}],"wp:featuredmedia":[{"embeddable":true,"href":"https:\/\/zapala8340.com.ar\/index.php?rest_route=\/wp\/v2\/media\/41553"}],"wp:attachment":[{"href":"https:\/\/zapala8340.com.ar\/index.php?rest_route=%2Fwp%2Fv2%2Fmedia&parent=41552"}],"wp:term":[{"taxonomy":"category","embeddable":true,"href":"https:\/\/zapala8340.com.ar\/index.php?rest_route=%2Fwp%2Fv2%2Fcategories&post=41552"},{"taxonomy":"post_tag","embeddable":true,"href":"https:\/\/zapala8340.com.ar\/index.php?rest_route=%2Fwp%2Fv2%2Ftags&post=41552"}],"curies":[{"name":"wp","href":"https:\/\/api.w.org\/{rel}","templated":true}]}}