{"id":41555,"date":"2025-08-18T11:45:37","date_gmt":"2025-08-18T14:45:37","guid":{"rendered":"https:\/\/zapala8340.com.ar\/?p=41555"},"modified":"2025-08-18T11:45:38","modified_gmt":"2025-08-18T14:45:38","slug":"bandera-de-zapala-conoce-a-los-protagonistas-del-video-presentacion","status":"publish","type":"post","link":"https:\/\/zapala8340.com.ar\/?p=41555","title":{"rendered":"Bandera de Zapala: conoc\u00e9 a los protagonistas del video presentaci\u00f3n"},"content":{"rendered":"\n<h2 class=\"wp-block-heading\">El nuevo pabell\u00f3n de la ciudad ya comienza a flamear en distintos edificios, convirti\u00e9ndose en un motivo de orgullo para todos los zapalinos.<\/h2>\n\n\n\n<p>Durante el acto realizado en un Cine Teatro Municipal colmado de p\u00fablico (y seguido tambi\u00e9n por streaming a trav\u00e9s del canal oficial de YouTube del Municipio) se present\u00f3, por primera vez, la creaci\u00f3n que ahora forma parte del patrimonio de toda la comunidad, mediante un emotivo video. El material audiovisual, de tres minutos de duraci\u00f3n, comenz\u00f3 a rodarse en junio en distintas locaciones ic\u00f3nicas de la ciudad, como la Rotonda de los Primeros Pobladores, el Cerro Michacheo y Primeros Pinos.<\/p>\n\n\n\n<figure class=\"wp-block-image size-full\"><img loading=\"lazy\" decoding=\"async\" width=\"1024\" height=\"640\" src=\"https:\/\/zapala8340.com.ar\/wp-content\/uploads\/2025\/08\/image-124.png\" alt=\"\" class=\"wp-image-41557\" srcset=\"https:\/\/zapala8340.com.ar\/wp-content\/uploads\/2025\/08\/image-124.png 1024w, https:\/\/zapala8340.com.ar\/wp-content\/uploads\/2025\/08\/image-124-300x188.png 300w, https:\/\/zapala8340.com.ar\/wp-content\/uploads\/2025\/08\/image-124-768x480.png 768w, https:\/\/zapala8340.com.ar\/wp-content\/uploads\/2025\/08\/image-124-800x500.png 800w, https:\/\/zapala8340.com.ar\/wp-content\/uploads\/2025\/08\/image-124-400x250.png 400w\" sizes=\"(max-width: 1024px) 100vw, 1024px\" \/><\/figure>\n\n\n\n<p>La magnitud de la producci\u00f3n fue posible gracias al trabajo conjunto de un gran equipo: bailarines, actores, m\u00fasicos, locutores, guionistas, productores, asistentes y el personal t\u00e9cnico de la Subsecretar\u00eda de Prensa del Municipio, responsable de la filmaci\u00f3n y edici\u00f3n final.<\/p>\n\n\n\n<figure class=\"wp-block-image\"><img decoding=\"async\" src=\"https:\/\/www.zapala.gob.ar\/wp-content\/uploads\/2025\/08\/Bandera-de-Zapala-10-1024x640.jpg\" alt=\"\" class=\"wp-image-32069\"\/><\/figure>\n\n\n\n<p>A continuaci\u00f3n, el reconocimiento a todos los que dejaron su huella en esta pieza que ya forma parte de la historia zapalina:<\/p>\n\n\n\n<p>GROOVE \u2013 Estudio de Danza y Arte<br>Alarc\u00f3n Navarrete Paula, Aguilera Fernanda, Albornoz Victoria Epulef, Carrasco Tamara, Cardozo Cecilia, Claleo Agustina, Fuentes Mat\u00edas, Fuentes Martina, Gastaldon Ornela, Jara Romina, Lievana Luciana, Mercerat Aixa, Otazo \u00c1gata, Piamonte Maia, Parra Maru, Salazar Ana Luz, Su\u00e1rez \u00c9rica, Yezzi Daiana y Yezzi Maximiliano.<\/p>\n\n\n\n<p>Compa\u00f1\u00eda de Danzas Folcl\u00f3ricas Zapala<br>Rodrigo Alfaro, Juan Cariman, Walter Cariman, Joel D\u00edaz, Neyen D\u00edaz Roa, Julieta Figueroa, Celeste Fuentes, Tob\u00edas Gedoz Sosa, Daiana G\u00f3mez, Agostina Gonz\u00e1lez, Roc\u00edo Huenul, Daniela Mu\u00f1oz, Mercedes Ramid\u00e1n, Carina Ram\u00edrez, Jairo Riffo, Franco Sovarzo y Celeste Zu\u00f1ina.<\/p>\n\n\n\n<p>Actriz\/Actor<br>Alicia Trannack y Felipe Huenulao.<\/p>\n\n\n\n<p>M\u00fasica original<br>Mat\u00edas Hermosilla.<\/p>\n\n\n\n<p>Voz en off<br>Alejandro Quiroz.<\/p>\n\n\n\n<p>Gui\u00f3n y producci\u00f3n<br>Jos\u00e9 Luis Pacheco y V\u00edctor Busnadiego.<\/p>\n\n\n\n<p>Subsecretar\u00eda de Prensa<br>Javier Arregui (drone), Sergio Antilef (c\u00e1mara y backstage), Dulce Berruezo (c\u00e1mara), Bel\u00e9n Garrido (c\u00e1mara y backstage), Mat\u00edas Nougu\u00e9s (drone y edici\u00f3n) y Maximiliano Varela (c\u00e1mara y edici\u00f3n).<\/p>\n\n\n\n<p>Asistentes de producci\u00f3n<br>Joaqu\u00edn Costa, Rafael Huentecol, Bruno Rojas, Franco Valenzuela y Ramiro Valenzuela.<\/p>\n\n\n\n<p>A todos ellos, el reconocimiento y agradecimiento por haber hecho posible este trabajo que ya es parte de la memoria colectiva de Zapala.<\/p>\n\n\n\n<p><em>Subsecretar\u00eda de Prensa<\/em><\/p>\n\n\n\n<figure class=\"wp-block-image size-large\"><img loading=\"lazy\" decoding=\"async\" width=\"1024\" height=\"640\" src=\"https:\/\/zapala8340.com.ar\/wp-content\/uploads\/2025\/08\/image-123-1024x640.png\" alt=\"\" class=\"wp-image-41556\" srcset=\"https:\/\/zapala8340.com.ar\/wp-content\/uploads\/2025\/08\/image-123-1024x640.png 1024w, https:\/\/zapala8340.com.ar\/wp-content\/uploads\/2025\/08\/image-123-300x188.png 300w, https:\/\/zapala8340.com.ar\/wp-content\/uploads\/2025\/08\/image-123-768x480.png 768w, https:\/\/zapala8340.com.ar\/wp-content\/uploads\/2025\/08\/image-123.png 1536w, https:\/\/zapala8340.com.ar\/wp-content\/uploads\/2025\/08\/image-123-800x500.png 800w, https:\/\/zapala8340.com.ar\/wp-content\/uploads\/2025\/08\/image-123-400x250.png 400w\" sizes=\"(max-width: 1024px) 100vw, 1024px\" \/><\/figure>\n","protected":false},"excerpt":{"rendered":"<p>El nuevo pabell\u00f3n de la ciudad ya comienza a flamear en distintos edificios, convirti\u00e9ndose en&#8230;<\/p>\n","protected":false},"author":1,"featured_media":41556,"comment_status":"open","ping_status":"open","sticky":false,"template":"","format":"standard","meta":{"footnotes":""},"categories":[8],"tags":[],"class_list":["post-41555","post","type-post","status-publish","format-standard","has-post-thumbnail","hentry","category-zapala"],"_links":{"self":[{"href":"https:\/\/zapala8340.com.ar\/index.php?rest_route=\/wp\/v2\/posts\/41555"}],"collection":[{"href":"https:\/\/zapala8340.com.ar\/index.php?rest_route=\/wp\/v2\/posts"}],"about":[{"href":"https:\/\/zapala8340.com.ar\/index.php?rest_route=\/wp\/v2\/types\/post"}],"author":[{"embeddable":true,"href":"https:\/\/zapala8340.com.ar\/index.php?rest_route=\/wp\/v2\/users\/1"}],"replies":[{"embeddable":true,"href":"https:\/\/zapala8340.com.ar\/index.php?rest_route=%2Fwp%2Fv2%2Fcomments&post=41555"}],"version-history":[{"count":1,"href":"https:\/\/zapala8340.com.ar\/index.php?rest_route=\/wp\/v2\/posts\/41555\/revisions"}],"predecessor-version":[{"id":41558,"href":"https:\/\/zapala8340.com.ar\/index.php?rest_route=\/wp\/v2\/posts\/41555\/revisions\/41558"}],"wp:featuredmedia":[{"embeddable":true,"href":"https:\/\/zapala8340.com.ar\/index.php?rest_route=\/wp\/v2\/media\/41556"}],"wp:attachment":[{"href":"https:\/\/zapala8340.com.ar\/index.php?rest_route=%2Fwp%2Fv2%2Fmedia&parent=41555"}],"wp:term":[{"taxonomy":"category","embeddable":true,"href":"https:\/\/zapala8340.com.ar\/index.php?rest_route=%2Fwp%2Fv2%2Fcategories&post=41555"},{"taxonomy":"post_tag","embeddable":true,"href":"https:\/\/zapala8340.com.ar\/index.php?rest_route=%2Fwp%2Fv2%2Ftags&post=41555"}],"curies":[{"name":"wp","href":"https:\/\/api.w.org\/{rel}","templated":true}]}}