{"id":41559,"date":"2025-08-18T11:49:43","date_gmt":"2025-08-18T14:49:43","guid":{"rendered":"https:\/\/zapala8340.com.ar\/?p=41559"},"modified":"2025-08-18T11:49:43","modified_gmt":"2025-08-18T14:49:43","slug":"el-dia-del-nino-se-vivio-a-lo-grande-en-zapala","status":"publish","type":"post","link":"https:\/\/zapala8340.com.ar\/?p=41559","title":{"rendered":"El D\u00eda del Ni\u00f1o se vivi\u00f3 a lo grande en Zapala"},"content":{"rendered":"\n<h2 class=\"wp-block-heading\">Durante dos jornadas colmadas de alegr\u00eda, el Paseo La Estaci\u00f3n fue el escenario elegido para celebrar el D\u00eda del Ni\u00f1o en Zapala. El viernes 15 y s\u00e1bado 16, cientos de ni\u00f1as y ni\u00f1os junto a sus familias disfrutaron de la amplia propuesta impulsada por el Municipio, pensada especialmente para garantizar entretenimiento, recreaci\u00f3n y momentos de encuentro comunitario.<\/h2>\n\n\n\n<p>Las actividades incluyeron multijuegos, juegos inflables, sorteos, m\u00fasica, espect\u00e1culos, sorpresas y un sinf\u00edn de propuestas que lograron captar la atenci\u00f3n de los m\u00e1s peque\u00f1os. Adem\u00e1s, la feria Zapala Emprende acompa\u00f1\u00f3 con su tradicional despliegue de stands, sumando color y dinamismo al paseo.<\/p>\n\n\n\n<figure class=\"wp-block-image\"><img decoding=\"async\" src=\"https:\/\/www.zapala.gob.ar\/wp-content\/uploads\/2025\/08\/Dia-del-Nino-1-1024x640.jpg\" alt=\"\" class=\"wp-image-32077\"\/><\/figure>\n\n\n\n<p>El balance result\u00f3 sumamente positivo, no solo por la importante convocatoria registrada, sino tambi\u00e9n por el clima festivo y familiar que se vivi\u00f3 durante ambas jornadas. Las familias encontraron un espacio para compartir y disfrutar, mientras los m\u00e1s chicos fueron protagonistas de un fin de semana dise\u00f1ado especialmente para ellos.<\/p>\n\n\n\n<p><\/p>\n\n\n\n<figure class=\"wp-block-image size-full\"><img loading=\"lazy\" decoding=\"async\" width=\"1024\" height=\"640\" src=\"https:\/\/zapala8340.com.ar\/wp-content\/uploads\/2025\/08\/image-126.png\" alt=\"\" class=\"wp-image-41561\" srcset=\"https:\/\/zapala8340.com.ar\/wp-content\/uploads\/2025\/08\/image-126.png 1024w, https:\/\/zapala8340.com.ar\/wp-content\/uploads\/2025\/08\/image-126-300x188.png 300w, https:\/\/zapala8340.com.ar\/wp-content\/uploads\/2025\/08\/image-126-768x480.png 768w, https:\/\/zapala8340.com.ar\/wp-content\/uploads\/2025\/08\/image-126-800x500.png 800w, https:\/\/zapala8340.com.ar\/wp-content\/uploads\/2025\/08\/image-126-400x250.png 400w\" sizes=\"(max-width: 1024px) 100vw, 1024px\" \/><\/figure>\n\n\n\n<p>Desde la organizaci\u00f3n se destac\u00f3 la relevancia de generar estas instancias que promuevan la integraci\u00f3n social, el fortalecimiento de los v\u00ednculos comunitarios y el reconocimiento de la ni\u00f1ez como una prioridad en la agenda local.<br>De esta manera, Zapala celebr\u00f3 a lo grande el D\u00eda del Ni\u00f1o, dejando como principal resultado la sonrisa y la felicidad de quienes inspiran cada una de estas propuestas: los ni\u00f1os y ni\u00f1as de la ciudad.<\/p>\n\n\n\n<p><em>Subsecretar\u00eda de Prensa<\/em><\/p>\n\n\n\n<figure class=\"wp-block-image size-large\"><img loading=\"lazy\" decoding=\"async\" width=\"1024\" height=\"640\" src=\"https:\/\/zapala8340.com.ar\/wp-content\/uploads\/2025\/08\/image-125-1024x640.png\" alt=\"\" class=\"wp-image-41560\" srcset=\"https:\/\/zapala8340.com.ar\/wp-content\/uploads\/2025\/08\/image-125-1024x640.png 1024w, https:\/\/zapala8340.com.ar\/wp-content\/uploads\/2025\/08\/image-125-300x188.png 300w, https:\/\/zapala8340.com.ar\/wp-content\/uploads\/2025\/08\/image-125-768x480.png 768w, https:\/\/zapala8340.com.ar\/wp-content\/uploads\/2025\/08\/image-125.png 1536w, https:\/\/zapala8340.com.ar\/wp-content\/uploads\/2025\/08\/image-125-800x500.png 800w, https:\/\/zapala8340.com.ar\/wp-content\/uploads\/2025\/08\/image-125-400x250.png 400w\" sizes=\"(max-width: 1024px) 100vw, 1024px\" \/><\/figure>\n","protected":false},"excerpt":{"rendered":"<p>Durante dos jornadas colmadas de alegr\u00eda, el Paseo La Estaci\u00f3n fue el escenario elegido para&#8230;<\/p>\n","protected":false},"author":1,"featured_media":41560,"comment_status":"open","ping_status":"open","sticky":false,"template":"","format":"standard","meta":{"footnotes":""},"categories":[8],"tags":[],"class_list":["post-41559","post","type-post","status-publish","format-standard","has-post-thumbnail","hentry","category-zapala"],"_links":{"self":[{"href":"https:\/\/zapala8340.com.ar\/index.php?rest_route=\/wp\/v2\/posts\/41559"}],"collection":[{"href":"https:\/\/zapala8340.com.ar\/index.php?rest_route=\/wp\/v2\/posts"}],"about":[{"href":"https:\/\/zapala8340.com.ar\/index.php?rest_route=\/wp\/v2\/types\/post"}],"author":[{"embeddable":true,"href":"https:\/\/zapala8340.com.ar\/index.php?rest_route=\/wp\/v2\/users\/1"}],"replies":[{"embeddable":true,"href":"https:\/\/zapala8340.com.ar\/index.php?rest_route=%2Fwp%2Fv2%2Fcomments&post=41559"}],"version-history":[{"count":1,"href":"https:\/\/zapala8340.com.ar\/index.php?rest_route=\/wp\/v2\/posts\/41559\/revisions"}],"predecessor-version":[{"id":41562,"href":"https:\/\/zapala8340.com.ar\/index.php?rest_route=\/wp\/v2\/posts\/41559\/revisions\/41562"}],"wp:featuredmedia":[{"embeddable":true,"href":"https:\/\/zapala8340.com.ar\/index.php?rest_route=\/wp\/v2\/media\/41560"}],"wp:attachment":[{"href":"https:\/\/zapala8340.com.ar\/index.php?rest_route=%2Fwp%2Fv2%2Fmedia&parent=41559"}],"wp:term":[{"taxonomy":"category","embeddable":true,"href":"https:\/\/zapala8340.com.ar\/index.php?rest_route=%2Fwp%2Fv2%2Fcategories&post=41559"},{"taxonomy":"post_tag","embeddable":true,"href":"https:\/\/zapala8340.com.ar\/index.php?rest_route=%2Fwp%2Fv2%2Ftags&post=41559"}],"curies":[{"name":"wp","href":"https:\/\/api.w.org\/{rel}","templated":true}]}}