{"id":41563,"date":"2025-08-18T11:55:27","date_gmt":"2025-08-18T14:55:27","guid":{"rendered":"https:\/\/zapala8340.com.ar\/?p=41563"},"modified":"2025-08-18T11:55:27","modified_gmt":"2025-08-18T14:55:27","slug":"buscan-a-un-delincuente-profugo-en-neuquen","status":"publish","type":"post","link":"https:\/\/zapala8340.com.ar\/?p=41563","title":{"rendered":"Buscan a un delincuente pr\u00f3fugo en Neuqu\u00e9n"},"content":{"rendered":"\n<p><\/p>\n\n\n\n<h2 class=\"wp-block-heading\">La Polic\u00eda de la provincia emiti\u00f3 una orden de b\u00fasqueda y aprehensi\u00f3n de un hombre de 25 a\u00f1os con un largo historial delictivo y conductas violentas. En 2019, con 18 a\u00f1os el\u00a0<strong>delincuente<\/strong>\u00a0noque\u00f3 a un polic\u00eda en un supermercado del barrio Gran Neuqu\u00e9n Sur mientras un c\u00f3mplice intentaba robarse una barra de chocolate.<\/h2>\n\n\n\n<p>La solicitud fue dispuesta por la&nbsp;<strong>Comisar\u00eda Segunda<\/strong>&nbsp;que difundi\u00f3 un cartel oficial con su fotograf\u00eda y datos personales solicitando la colaboraci\u00f3n de la comunidad para dar con su paradero. Seg\u00fan el parte oficial, Sandoval mide 1,70 metros, es de contextura delgada, tez trigue\u00f1a, cabello corto negro y ojos marrones. Ante cualquier informaci\u00f3n, pidieron comunicarse al&nbsp;<strong>(299) 4424063<\/strong>.<\/p>\n\n\n\n<p>El 5 de agosto fue condenado a cuatro meses de prisi\u00f3n efectiva por dos intentos de<strong>&nbsp;robo y reincidencia<\/strong>. La orden judicial actual es de localizaci\u00f3n y aprehensi\u00f3n inmediata, pero las autoridades no brindaron detalles del motivo y circunstancias de su b\u00fasqueda.<\/p>\n\n\n\n<p>534416550_1196465379178697_5192538729072341543_n<\/p>\n\n\n\n<figure class=\"wp-block-image\"><img decoding=\"async\" src=\"https:\/\/www.lmneuquen.com\/css-custom\/195\/lazy.svg\" alt=\"La Polic\u00eda lanz\u00f3 por segunda vez una orden judicial actual de localizaci\u00f3n y aprehensi\u00f3n inmediata de Kevin Sandoval.\" title=\"La Polic\u00eda lanz\u00f3 por segunda vez una orden judicial actual de localizaci\u00f3n y aprehensi\u00f3n inmediata de Kevin Sandoval.\"\/><\/figure>\n\n\n\n<p>La Polic\u00eda lanz\u00f3 por segunda vez una orden judicial actual de localizaci\u00f3n y aprehensi\u00f3n inmediata de Kevin Sandoval.<\/p>\n\n\n\n<h2 class=\"wp-block-heading\">Un delincuente con amplio historial de robos, violencia y fuga<\/h2>\n\n\n\n<p>La historia de Kevin Nahuel Sandoval est\u00e1 marcada por episodios de violencia que lo pusieron en la mira de la Justicia desde muy joven. En 2019, cuando ten\u00eda apenas 18 a\u00f1os, protagoniz\u00f3 un brutal ataque en un supermercado del barrio Gran Neuqu\u00e9n Sur. All\u00ed, un polic\u00eda que hac\u00eda adicionales intent\u00f3 detener a un c\u00f3mplice suyo que intentaba llevarse una barra de chocolate sin pagar. Sandoval intervino con un golpe que dej\u00f3 al uniformado inconsciente en el piso. La agresi\u00f3n fue tan violenta que el efectivo sufri\u00f3 un traumatismo de cr\u00e1neo y, como consecuencia, amnesia del hecho.<\/p>\n\n\n\n<p>El 2 de abril, la jueza Estefan\u00eda Sauli aval\u00f3 el pedido de la fiscal\u00eda y acus\u00f3 a Kevin Sandoval de atentado y resistencia a la autoridad y lesiones agravadas por la calidad de sujeto pasivo.<\/p>\n\n\n\n<p>A\u00f1os m\u00e1s tarde, en diciembre de 2024, ya bajo el r\u00e9gimen de prisi\u00f3n domiciliaria, condenado por robo con lesiones graves, en el barrio Cuenca XVI, volvi\u00f3 a desafiar a las autoridades: da\u00f1\u00f3 el dispositivo de tobillera electr\u00f3nica que deb\u00eda portar y se fug\u00f3. Esto motiv\u00f3 la intervenci\u00f3n del Comando de Operaciones Policiales y qued\u00f3 registrado como un incumplimiento grave en sus antecedentes.<\/p>\n\n\n\n<p>comisaria 18 gran neuquen<\/p>\n\n\n\n<figure class=\"wp-block-image\"><img decoding=\"async\" src=\"https:\/\/www.lmneuquen.com\/css-custom\/195\/lazy.svg\" alt=\"Personal de la Comisar\u00eda 18 realiz\u00f3 la primera intervenci\u00f3n en Cuenca XV.\" title=\"Personal de la Comisar\u00eda 18 realiz\u00f3 la primera intervenci\u00f3n en Cuenca XV.\"\/><\/figure>\n\n\n\n<p>Personal de la Comisar\u00eda 18 realiz\u00f3 la primera intervenci\u00f3n en Cuenca XV.<\/p>\n\n\n\n<p>En el lugar se entrevist\u00f3 a la familia que indic\u00f3 que el detenido abandon\u00f3 la vivienda y que el sujeto era un agresivo constante. A ra\u00edz del hecho, se dispuso la emisi\u00f3n de una orden de b\u00fasqueda y retenci\u00f3n del sujeto, adem\u00e1s de iniciar una causa judicial por el da\u00f1o al equipo de monitoreo.<\/p>\n\n\n\n<p>Finalmente, fue detenido cuando se present\u00f3 de manera espont\u00e1nea y voluntaria en la Comisar\u00eda 19, del Barrio Confluencia, donde inform\u00f3 que hab\u00eda dejado la vivienda tras da\u00f1ar el dispositivo. Finalmente, fue r\u00e1pidamente demorado y puesto a disposici\u00f3n de la Justicia.<\/p>\n\n\n\n<h2 class=\"wp-block-heading\">Furia por falta de detergente y mot\u00edn en la Comisar\u00eda Quinta<\/h2>\n\n\n\n<p>El \u00faltimo hecho conocido lo tuvo como protagonista en enero de 2025 dentro de la&nbsp;<strong>Comisar\u00eda Quinta<\/strong>&nbsp;de Centenario. Seg\u00fan fuentes policiales, todo comenz\u00f3 cuando Sandoval reclam\u00f3 un elemento de higiene y, al no recibirlo, deton\u00f3 un reclamo que termin\u00f3 en quema de colchones.<\/p>\n\n\n\n<p>El eje del incidente fue la falta de suministro de&nbsp;<strong>detergente<\/strong>, solicitado por uno de los reclusos, Kevin Nahuel Sandoval, condenado por robo y lesiones graves. La negativa del personal para entregar el producto, debido a que no hab\u00eda, desencaden\u00f3 una fuerte reacci\u00f3n por parte de Sandoval, quien amenaz\u00f3 a un cabo y comenz\u00f3 a lanzar objetos desde el interior de su celda.<\/p>\n\n\n\n<p>Su actitud sirvi\u00f3 como catalizador para que otros dos detenidos, Javier Maximiliano Sep\u00falveda y Sebasti\u00e1n Rogelio Orellana, se unieran al reclamo. En cuesti\u00f3n de minutos, la escalada de destrozos deriv\u00f3 en la&nbsp;<strong>quema de colchones y mot\u00edn<\/strong>&nbsp;carcelario. Esta situaci\u00f3n oblig\u00f3 la intervenci\u00f3n del personal penitenciario, bomberos y unidades especiales. Adem\u00e1s, los internos rompieron una pared de ladrillos con el fin de obtener escombros y piedras para atacar al personal policial.<\/p>\n\n\n\n<p>Comisaria quinta centenario<\/p>\n\n\n\n<figure class=\"wp-block-image size-full\"><img loading=\"lazy\" decoding=\"async\" width=\"770\" height=\"435\" src=\"https:\/\/zapala8340.com.ar\/wp-content\/uploads\/2025\/08\/image-127.png\" alt=\"\" class=\"wp-image-41564\" srcset=\"https:\/\/zapala8340.com.ar\/wp-content\/uploads\/2025\/08\/image-127.png 770w, https:\/\/zapala8340.com.ar\/wp-content\/uploads\/2025\/08\/image-127-300x169.png 300w, https:\/\/zapala8340.com.ar\/wp-content\/uploads\/2025\/08\/image-127-768x434.png 768w\" sizes=\"(max-width: 770px) 100vw, 770px\" \/><\/figure>\n\n\n\n<figure class=\"wp-block-image size-full is-resized\"><img loading=\"lazy\" decoding=\"async\" width=\"306\" height=\"57\" src=\"https:\/\/zapala8340.com.ar\/wp-content\/uploads\/2025\/08\/image-128.png\" alt=\"\" class=\"wp-image-41565\" style=\"width:192px;height:auto\" srcset=\"https:\/\/zapala8340.com.ar\/wp-content\/uploads\/2025\/08\/image-128.png 306w, https:\/\/zapala8340.com.ar\/wp-content\/uploads\/2025\/08\/image-128-300x56.png 300w\" sizes=\"(max-width: 306px) 100vw, 306px\" \/><\/figure>\n\n\n\n<p><\/p>\n","protected":false},"excerpt":{"rendered":"<p>La Polic\u00eda de la provincia emiti\u00f3 una orden de b\u00fasqueda y aprehensi\u00f3n de un hombre&#8230;<\/p>\n","protected":false},"author":1,"featured_media":41564,"comment_status":"open","ping_status":"open","sticky":false,"template":"","format":"standard","meta":{"footnotes":""},"categories":[31],"tags":[],"class_list":["post-41563","post","type-post","status-publish","format-standard","has-post-thumbnail","hentry","category-provincia"],"_links":{"self":[{"href":"https:\/\/zapala8340.com.ar\/index.php?rest_route=\/wp\/v2\/posts\/41563"}],"collection":[{"href":"https:\/\/zapala8340.com.ar\/index.php?rest_route=\/wp\/v2\/posts"}],"about":[{"href":"https:\/\/zapala8340.com.ar\/index.php?rest_route=\/wp\/v2\/types\/post"}],"author":[{"embeddable":true,"href":"https:\/\/zapala8340.com.ar\/index.php?rest_route=\/wp\/v2\/users\/1"}],"replies":[{"embeddable":true,"href":"https:\/\/zapala8340.com.ar\/index.php?rest_route=%2Fwp%2Fv2%2Fcomments&post=41563"}],"version-history":[{"count":1,"href":"https:\/\/zapala8340.com.ar\/index.php?rest_route=\/wp\/v2\/posts\/41563\/revisions"}],"predecessor-version":[{"id":41566,"href":"https:\/\/zapala8340.com.ar\/index.php?rest_route=\/wp\/v2\/posts\/41563\/revisions\/41566"}],"wp:featuredmedia":[{"embeddable":true,"href":"https:\/\/zapala8340.com.ar\/index.php?rest_route=\/wp\/v2\/media\/41564"}],"wp:attachment":[{"href":"https:\/\/zapala8340.com.ar\/index.php?rest_route=%2Fwp%2Fv2%2Fmedia&parent=41563"}],"wp:term":[{"taxonomy":"category","embeddable":true,"href":"https:\/\/zapala8340.com.ar\/index.php?rest_route=%2Fwp%2Fv2%2Fcategories&post=41563"},{"taxonomy":"post_tag","embeddable":true,"href":"https:\/\/zapala8340.com.ar\/index.php?rest_route=%2Fwp%2Fv2%2Ftags&post=41563"}],"curies":[{"name":"wp","href":"https:\/\/api.w.org\/{rel}","templated":true}]}}