{"id":41567,"date":"2025-08-18T13:56:37","date_gmt":"2025-08-18T16:56:37","guid":{"rendered":"https:\/\/zapala8340.com.ar\/?p=41567"},"modified":"2025-08-18T14:23:39","modified_gmt":"2025-08-18T17:23:39","slug":"alerta-en-zapala-psicologos-advierten-sobre-terapias-alternativas-en-casos-de-suicidio","status":"publish","type":"post","link":"https:\/\/zapala8340.com.ar\/?p=41567","title":{"rendered":"Alerta en Zapala: psic\u00f3logos advierten sobre terapias alternativas en casos de suicidio"},"content":{"rendered":"\n<h2 class=\"wp-block-heading\"><\/h2>\n\n\n\n<p>Una reciente publicaci\u00f3n en redes sociales encendi\u00f3 las alarmas entre profesionales de la salud mental en Zapala. El Colegio de Psic\u00f3logos de Neuqu\u00e9n emiti\u00f3 un comunicado en el que advierte sobre el uso de terapias alternativas para abordar situaciones de suicidio, calificando esta pr\u00e1ctica como \u201cintrusismo profesional\u201d y se\u00f1alando que se trata de tratamientos \u201cno avalados cient\u00edficamente\u201d.<\/p>\n\n\n\n<p>La preocupaci\u00f3n se intensific\u00f3 tras el intento de suicidio de una adolescente en la vieja antena de Radio Nacional Zapala. En este contexto, la presidenta del Colegio, Sabrina Contreras, expres\u00f3 en di\u00e1logo con LU5 que \u201cestos discursos suelen confundir a personas que atraviesan momentos de vulnerabilidad y sufrimiento profundo\u201d.<\/p>\n\n\n\n<p>Contreras aclar\u00f3 que el comunicado no busca desacreditar las terapias alternativas en general, sino advertir que los casos de alta complejidad deben ser abordados por profesionales matriculados. \u201cNo podemos oponernos a las decisiones personales, como si un paciente eligiera ir a la iglesia. Pero s\u00ed debemos alertar sobre los riesgos de que alguien sin formaci\u00f3n se sienta autorizado para intervenir en situaciones cr\u00edticas\u201d, explic\u00f3.<\/p>\n\n\n\n<p><\/p>\n\n\n\n<figure class=\"wp-block-gallery has-nested-images columns-default is-cropped wp-block-gallery-1 is-layout-flex wp-block-gallery-is-layout-flex\">\n<figure class=\"wp-block-image size-large\"><img loading=\"lazy\" decoding=\"async\" width=\"448\" height=\"584\" data-id=\"41570\" src=\"https:\/\/zapala8340.com.ar\/wp-content\/uploads\/2025\/08\/Captura-de-pantalla-2025-08-18-142240.jpg\" alt=\"\" class=\"wp-image-41570\" srcset=\"https:\/\/zapala8340.com.ar\/wp-content\/uploads\/2025\/08\/Captura-de-pantalla-2025-08-18-142240.jpg 448w, https:\/\/zapala8340.com.ar\/wp-content\/uploads\/2025\/08\/Captura-de-pantalla-2025-08-18-142240-230x300.jpg 230w\" sizes=\"(max-width: 448px) 100vw, 448px\" \/><\/figure>\n<\/figure>\n\n\n\n<p><\/p>\n\n\n\n<p>Desde el Colegio subrayan que el problema no radica en que los pacientes busquen ayuda alternativa, sino en la falta de regulaci\u00f3n y formaci\u00f3n de quienes ofrecen estas terapias. \u201cHay colegas que han recibido pacientes con cuadros agravados por intervenciones no profesionales. Lo que se les dice puede ser muy delicado y generar m\u00e1s sufrimiento\u201d, advirti\u00f3 Contreras.<\/p>\n\n\n\n<p>Adem\u00e1s, remarc\u00f3 que el abordaje de la salud mental no es exclusivo de los psic\u00f3logos, sino que debe ser interdisciplinario. \u201cNo somos los \u00fanicos que atendemos el sufrimiento, pero s\u00ed tenemos la responsabilidad de orientar a la comunidad sobre d\u00f3nde recurrir en momentos cr\u00edticos\u201d.<\/p>\n\n\n\n<p>\ud83d\udce2 En su publicaci\u00f3n, el Colegio invita a denunciar cualquier terapia que aborde el suicidio sin estar debidamente autorizada. Las denuncias pueden realizarse en su sede de Alderete 656, Neuqu\u00e9n capital, o por correo electr\u00f3nico a info@psicoquen.org.ar.<\/p>\n","protected":false},"excerpt":{"rendered":"<p>Una reciente publicaci\u00f3n en redes sociales encendi\u00f3 las alarmas entre profesionales de la salud mental&#8230;<\/p>\n","protected":false},"author":1,"featured_media":41568,"comment_status":"open","ping_status":"open","sticky":false,"template":"","format":"standard","meta":{"footnotes":""},"categories":[8],"tags":[],"class_list":["post-41567","post","type-post","status-publish","format-standard","has-post-thumbnail","hentry","category-zapala"],"_links":{"self":[{"href":"https:\/\/zapala8340.com.ar\/index.php?rest_route=\/wp\/v2\/posts\/41567"}],"collection":[{"href":"https:\/\/zapala8340.com.ar\/index.php?rest_route=\/wp\/v2\/posts"}],"about":[{"href":"https:\/\/zapala8340.com.ar\/index.php?rest_route=\/wp\/v2\/types\/post"}],"author":[{"embeddable":true,"href":"https:\/\/zapala8340.com.ar\/index.php?rest_route=\/wp\/v2\/users\/1"}],"replies":[{"embeddable":true,"href":"https:\/\/zapala8340.com.ar\/index.php?rest_route=%2Fwp%2Fv2%2Fcomments&post=41567"}],"version-history":[{"count":2,"href":"https:\/\/zapala8340.com.ar\/index.php?rest_route=\/wp\/v2\/posts\/41567\/revisions"}],"predecessor-version":[{"id":41571,"href":"https:\/\/zapala8340.com.ar\/index.php?rest_route=\/wp\/v2\/posts\/41567\/revisions\/41571"}],"wp:featuredmedia":[{"embeddable":true,"href":"https:\/\/zapala8340.com.ar\/index.php?rest_route=\/wp\/v2\/media\/41568"}],"wp:attachment":[{"href":"https:\/\/zapala8340.com.ar\/index.php?rest_route=%2Fwp%2Fv2%2Fmedia&parent=41567"}],"wp:term":[{"taxonomy":"category","embeddable":true,"href":"https:\/\/zapala8340.com.ar\/index.php?rest_route=%2Fwp%2Fv2%2Fcategories&post=41567"},{"taxonomy":"post_tag","embeddable":true,"href":"https:\/\/zapala8340.com.ar\/index.php?rest_route=%2Fwp%2Fv2%2Ftags&post=41567"}],"curies":[{"name":"wp","href":"https:\/\/api.w.org\/{rel}","templated":true}]}}