{"id":41579,"date":"2025-08-20T21:37:22","date_gmt":"2025-08-21T00:37:22","guid":{"rendered":"https:\/\/zapala8340.com.ar\/?p=41579"},"modified":"2025-08-20T21:37:22","modified_gmt":"2025-08-21T00:37:22","slug":"la-escuela-99-llego-a-su-centenario-y-lo-celebro-con-la-comunidad-zapalina","status":"publish","type":"post","link":"https:\/\/zapala8340.com.ar\/?p=41579","title":{"rendered":"La Escuela 99 lleg\u00f3 a su Centenario y lo celebr\u00f3 con la comunidad zapalina"},"content":{"rendered":"\n<h2 class=\"wp-block-heading\">El pasado domingo 17 de agosto, el intendente Carlos Koopmann particip\u00f3 del acto por los 100 de la instituci\u00f3n educativa, y estuvo a cargo de una de las cien campanadas en los festejos.<\/h2>\n\n\n\n<p>Fundada en el a\u00f1o 1925, celebr\u00f3 su fecha hist\u00f3rica el domingo por la ma\u00f1ana, en una jornada en donde el clima acompa\u00f1\u00f3, y eso, m\u00e1s la emoci\u00f3n por ser parte, gener\u00f3 la presencia de ex alumnos, docentes y vecinos de la localidad.<\/p>\n\n\n\n<figure class=\"wp-block-image size-full\"><img loading=\"lazy\" decoding=\"async\" width=\"1024\" height=\"640\" src=\"https:\/\/zapala8340.com.ar\/wp-content\/uploads\/2025\/08\/image-132.png\" alt=\"\" class=\"wp-image-41581\" srcset=\"https:\/\/zapala8340.com.ar\/wp-content\/uploads\/2025\/08\/image-132.png 1024w, https:\/\/zapala8340.com.ar\/wp-content\/uploads\/2025\/08\/image-132-300x188.png 300w, https:\/\/zapala8340.com.ar\/wp-content\/uploads\/2025\/08\/image-132-768x480.png 768w, https:\/\/zapala8340.com.ar\/wp-content\/uploads\/2025\/08\/image-132-800x500.png 800w, https:\/\/zapala8340.com.ar\/wp-content\/uploads\/2025\/08\/image-132-400x250.png 400w\" sizes=\"(max-width: 1024px) 100vw, 1024px\" \/><\/figure>\n\n\n\n<p>All\u00ed estuvo el jefe comunal, quien se mostr\u00f3 feliz por celebrar \u201cun siglo de historias, aprendizajes y abrazos compartidos. Las 100 campanadas que resonaron llenaron de emoci\u00f3n el patio y cada rinc\u00f3n de la escuela. Mi reconocimiento y gratitud a cada estudiante, docente, familia y vecino, que hicieron y hacen de esta instituci\u00f3n, un orgullo para toda la comunidad\u201d, se expres\u00f3 en redes sociales.<\/p>\n\n\n\n<p>La Escuela N\u00b099 se ubica en calle Brown 1651 de la ciudad de Zapala, y se fund\u00f3 en el a\u00f1o 1925. Actualmente su directora es Silvia Fuentes y su vice es M\u00f3nica P\u00e9rez.<\/p>\n\n\n\n<p>Los festejos no culminar\u00e1n all\u00ed, ya que hoy martes 19 de agosto en horas de la ma\u00f1ana, el Cine Teatro Municipal ser\u00e1 sede del acto oficial. M\u00e1s tarde, se realizar\u00e1 un agape como un gesto m\u00e1s \u00edntimo y familiar para los integrantes actuales de la escuela.<\/p>\n\n\n\n<p><em>Subsecretar\u00eda de Prensa<\/em><\/p>\n\n\n\n<figure class=\"wp-block-image size-large\"><img loading=\"lazy\" decoding=\"async\" width=\"1024\" height=\"640\" src=\"https:\/\/zapala8340.com.ar\/wp-content\/uploads\/2025\/08\/image-131-1024x640.png\" alt=\"\" class=\"wp-image-41580\" srcset=\"https:\/\/zapala8340.com.ar\/wp-content\/uploads\/2025\/08\/image-131-1024x640.png 1024w, https:\/\/zapala8340.com.ar\/wp-content\/uploads\/2025\/08\/image-131-300x188.png 300w, https:\/\/zapala8340.com.ar\/wp-content\/uploads\/2025\/08\/image-131-768x480.png 768w, https:\/\/zapala8340.com.ar\/wp-content\/uploads\/2025\/08\/image-131.png 1536w, https:\/\/zapala8340.com.ar\/wp-content\/uploads\/2025\/08\/image-131-800x500.png 800w, https:\/\/zapala8340.com.ar\/wp-content\/uploads\/2025\/08\/image-131-400x250.png 400w\" sizes=\"(max-width: 1024px) 100vw, 1024px\" \/><\/figure>\n","protected":false},"excerpt":{"rendered":"<p>El pasado domingo 17 de agosto, el intendente Carlos Koopmann particip\u00f3 del acto por los&#8230;<\/p>\n","protected":false},"author":1,"featured_media":41580,"comment_status":"open","ping_status":"open","sticky":false,"template":"","format":"standard","meta":{"footnotes":""},"categories":[8],"tags":[],"class_list":["post-41579","post","type-post","status-publish","format-standard","has-post-thumbnail","hentry","category-zapala"],"_links":{"self":[{"href":"https:\/\/zapala8340.com.ar\/index.php?rest_route=\/wp\/v2\/posts\/41579"}],"collection":[{"href":"https:\/\/zapala8340.com.ar\/index.php?rest_route=\/wp\/v2\/posts"}],"about":[{"href":"https:\/\/zapala8340.com.ar\/index.php?rest_route=\/wp\/v2\/types\/post"}],"author":[{"embeddable":true,"href":"https:\/\/zapala8340.com.ar\/index.php?rest_route=\/wp\/v2\/users\/1"}],"replies":[{"embeddable":true,"href":"https:\/\/zapala8340.com.ar\/index.php?rest_route=%2Fwp%2Fv2%2Fcomments&post=41579"}],"version-history":[{"count":1,"href":"https:\/\/zapala8340.com.ar\/index.php?rest_route=\/wp\/v2\/posts\/41579\/revisions"}],"predecessor-version":[{"id":41582,"href":"https:\/\/zapala8340.com.ar\/index.php?rest_route=\/wp\/v2\/posts\/41579\/revisions\/41582"}],"wp:featuredmedia":[{"embeddable":true,"href":"https:\/\/zapala8340.com.ar\/index.php?rest_route=\/wp\/v2\/media\/41580"}],"wp:attachment":[{"href":"https:\/\/zapala8340.com.ar\/index.php?rest_route=%2Fwp%2Fv2%2Fmedia&parent=41579"}],"wp:term":[{"taxonomy":"category","embeddable":true,"href":"https:\/\/zapala8340.com.ar\/index.php?rest_route=%2Fwp%2Fv2%2Fcategories&post=41579"},{"taxonomy":"post_tag","embeddable":true,"href":"https:\/\/zapala8340.com.ar\/index.php?rest_route=%2Fwp%2Fv2%2Ftags&post=41579"}],"curies":[{"name":"wp","href":"https:\/\/api.w.org\/{rel}","templated":true}]}}