{"id":41602,"date":"2025-08-21T18:36:02","date_gmt":"2025-08-21T21:36:02","guid":{"rendered":"https:\/\/zapala8340.com.ar\/?p=41602"},"modified":"2025-08-21T18:36:04","modified_gmt":"2025-08-21T21:36:04","slug":"reunion-clave-para-el-futuro-del-edificio-propio-del-jardin-n8","status":"publish","type":"post","link":"https:\/\/zapala8340.com.ar\/?p=41602","title":{"rendered":"Reuni\u00f3n clave para el futuro del edificio propio del Jardin N\u00b08"},"content":{"rendered":"\n<h2 class=\"wp-block-heading\">El intendente Carlos Koopmann brind\u00f3 detalles del terreno destinado para la construcci\u00f3n del espacio que actualmente tiene una matricula de 210 infancias.<\/h2>\n\n\n\n<p>El terreno disponible desde hace algunos a\u00f1os, est\u00e1 instalado sobre calles El\u00edas Sapag y Estanislao Zeballos. Consta de 1949 m2 y es el sitio que el Municipio le cedi\u00f3 al Jard\u00edn que ya tiene medio siglo de vida. Durante el encuentro, el cuerpo directivo de la instituci\u00f3n encabezado por Silvia Rebolledo como Directora, y Laura Arias, como Vice, consultaron sobre el estado de las tierras, posibles aperturas de calles y servicios esenciales.<\/p>\n\n\n\n<p>La reuni\u00f3n fue un paso clave para avanzar y poder determinar el futuro del edificio y las obras posteriores. Cabe recordar, que actualmente el jard\u00edn funciona en dos lugares: la sede central en Avda San Mart\u00edn y el anexo de la Escuela N\u00b03. La intenci\u00f3n de los directivos es poder coexistir en un solo edificio para evitar las demandas edilicias de forma paralela. Pese a que la solicitud de \u00e9sta obra viene de hace varios a\u00f1os, en el \u00faltimo tiempo se fueron gestando una serie de ampliaciones y mejoras que impactaron positivamente en la comunidad educativa: se procedi\u00f3 a reubicar la cocina e incorporar un sanitario para personas con discapacidad.<\/p>\n\n\n\n<figure class=\"wp-block-image size-large\"><img loading=\"lazy\" decoding=\"async\" width=\"1024\" height=\"640\" src=\"https:\/\/zapala8340.com.ar\/wp-content\/uploads\/2025\/08\/image-142-1024x640.png\" alt=\"\" class=\"wp-image-41604\" srcset=\"https:\/\/zapala8340.com.ar\/wp-content\/uploads\/2025\/08\/image-142-1024x640.png 1024w, https:\/\/zapala8340.com.ar\/wp-content\/uploads\/2025\/08\/image-142-300x188.png 300w, https:\/\/zapala8340.com.ar\/wp-content\/uploads\/2025\/08\/image-142-768x480.png 768w, https:\/\/zapala8340.com.ar\/wp-content\/uploads\/2025\/08\/image-142-800x500.png 800w, https:\/\/zapala8340.com.ar\/wp-content\/uploads\/2025\/08\/image-142-400x250.png 400w, https:\/\/zapala8340.com.ar\/wp-content\/uploads\/2025\/08\/image-142.png 1536w\" sizes=\"(max-width: 1024px) 100vw, 1024px\" \/><\/figure>\n\n\n\n<p>Este nuevo terreno, le podr\u00e1 dar la posibilidad de tener su propio edificio, trabajar c\u00f3modamente y en un sitio tambi\u00e9n c\u00e9ntrico. Cabe destacar que los integrantes del Jard\u00edn han trabajo activamente en cada actividad propuesta por el Municipio, como es el caso de \u201cGeneraci\u00f3n Z Kids\u201d, y cada evento ligado a la conservaci\u00f3n del medio ambiente.<\/p>\n\n\n\n<p>Del encuentro tambi\u00e9n particip\u00f3 el Jefe de Gabinete, Jorge C\u00e1ceres y el Secretario de Planificaci\u00f3n Urbana y Obras P\u00fablicas, Gustavo Caviasso.<\/p>\n\n\n\n<p><em>Subsecretar\u00eda de Prensa<\/em><\/p>\n\n\n\n<figure class=\"wp-block-image size-large\"><img loading=\"lazy\" decoding=\"async\" width=\"1024\" height=\"640\" src=\"https:\/\/zapala8340.com.ar\/wp-content\/uploads\/2025\/08\/image-141-1024x640.png\" alt=\"\" class=\"wp-image-41603\" srcset=\"https:\/\/zapala8340.com.ar\/wp-content\/uploads\/2025\/08\/image-141-1024x640.png 1024w, https:\/\/zapala8340.com.ar\/wp-content\/uploads\/2025\/08\/image-141-300x188.png 300w, https:\/\/zapala8340.com.ar\/wp-content\/uploads\/2025\/08\/image-141-768x480.png 768w, https:\/\/zapala8340.com.ar\/wp-content\/uploads\/2025\/08\/image-141.png 1536w, https:\/\/zapala8340.com.ar\/wp-content\/uploads\/2025\/08\/image-141-800x500.png 800w, https:\/\/zapala8340.com.ar\/wp-content\/uploads\/2025\/08\/image-141-400x250.png 400w\" sizes=\"(max-width: 1024px) 100vw, 1024px\" \/><\/figure>\n","protected":false},"excerpt":{"rendered":"<p>El intendente Carlos Koopmann brind\u00f3 detalles del terreno destinado para la construcci\u00f3n del espacio que&#8230;<\/p>\n","protected":false},"author":1,"featured_media":41603,"comment_status":"open","ping_status":"open","sticky":false,"template":"","format":"standard","meta":{"footnotes":""},"categories":[8],"tags":[],"class_list":["post-41602","post","type-post","status-publish","format-standard","has-post-thumbnail","hentry","category-zapala"],"_links":{"self":[{"href":"https:\/\/zapala8340.com.ar\/index.php?rest_route=\/wp\/v2\/posts\/41602"}],"collection":[{"href":"https:\/\/zapala8340.com.ar\/index.php?rest_route=\/wp\/v2\/posts"}],"about":[{"href":"https:\/\/zapala8340.com.ar\/index.php?rest_route=\/wp\/v2\/types\/post"}],"author":[{"embeddable":true,"href":"https:\/\/zapala8340.com.ar\/index.php?rest_route=\/wp\/v2\/users\/1"}],"replies":[{"embeddable":true,"href":"https:\/\/zapala8340.com.ar\/index.php?rest_route=%2Fwp%2Fv2%2Fcomments&post=41602"}],"version-history":[{"count":1,"href":"https:\/\/zapala8340.com.ar\/index.php?rest_route=\/wp\/v2\/posts\/41602\/revisions"}],"predecessor-version":[{"id":41605,"href":"https:\/\/zapala8340.com.ar\/index.php?rest_route=\/wp\/v2\/posts\/41602\/revisions\/41605"}],"wp:featuredmedia":[{"embeddable":true,"href":"https:\/\/zapala8340.com.ar\/index.php?rest_route=\/wp\/v2\/media\/41603"}],"wp:attachment":[{"href":"https:\/\/zapala8340.com.ar\/index.php?rest_route=%2Fwp%2Fv2%2Fmedia&parent=41602"}],"wp:term":[{"taxonomy":"category","embeddable":true,"href":"https:\/\/zapala8340.com.ar\/index.php?rest_route=%2Fwp%2Fv2%2Fcategories&post=41602"},{"taxonomy":"post_tag","embeddable":true,"href":"https:\/\/zapala8340.com.ar\/index.php?rest_route=%2Fwp%2Fv2%2Ftags&post=41602"}],"curies":[{"name":"wp","href":"https:\/\/api.w.org\/{rel}","templated":true}]}}