{"id":41609,"date":"2025-08-21T19:23:56","date_gmt":"2025-08-21T22:23:56","guid":{"rendered":"https:\/\/zapala8340.com.ar\/?p=41609"},"modified":"2025-08-21T19:23:57","modified_gmt":"2025-08-21T22:23:57","slug":"fuertes-nevadas-en-la-cordillera-pasos-fronterizos-cerrados-y-precaucion-en-las-rutas","status":"publish","type":"post","link":"https:\/\/zapala8340.com.ar\/?p=41609","title":{"rendered":"Fuertes nevadas en la cordillera: pasos fronterizos cerrados y precauci\u00f3n en las rutas"},"content":{"rendered":"\n<h2 class=\"wp-block-heading\">Por las intensas nevadas y r\u00e1fagas de viento en la cordillera, Vialidad Nacional cerr\u00f3 dos de los pasos fronterizos m\u00e1s elegidos para cruzar a Chile.<\/h2>\n\n\n\n<p>La llegada de fuertes nevadas a la zona cordillerana afect\u00f3 a los principales\u00a0<strong>pasos fronterizos\u00a0<\/strong>que conectan la provincia de\u00a0<strong>Neuqu\u00e9n\u00a0<\/strong>con\u00a0<strong>Chile<\/strong>. Seg\u00fan inform\u00f3\u00a0<strong>Vialidad Nacional,\u00a0<\/strong>los cruces<strong>\u00a0Pino Hachado y Cardenal Antonio Samor\u00e9\u00a0<\/strong>permanecen cerrados.<\/p>\n\n\n\n<p>Seg\u00fan indica el informe meteorol\u00f3gico, las temperaturas en localidades de la cordillera \u2014como San Mart\u00edn de los Andes, Villa La Angostura, Chapelco y Jun\u00edn de los Andes\u2014 rondar\u00e1n los 0\u00b0C o incluso bajo cero, con posibilidad de nevadas intensas. Adem\u00e1s, las r\u00e1fagas de viento podr\u00edan alcanzar los 78km\/h.<\/p>\n\n\n\n<p>En las \u00faltimas horas, se registraron nevadas a lo largo de todo el corredor de la&nbsp;<strong>ruta 43 Norte<\/strong>, desde Huinganco hasta Varvaco. En sectores del llano, incluyendo&nbsp;<strong>Andacollo y Las Ovejas,<\/strong>&nbsp;la nieve se hizo sentir con mayor intensidad.<\/p>\n\n\n\n<p>&#8220;Por el momento las rutas se encuentran transitables, pero con extrema precauci\u00f3n. Estas condiciones, seg\u00fan el servicio meteorol\u00f3gico van a permanecer hoy y parte de ma\u00f1ana&#8221;, expres\u00f3 el&nbsp;<strong>director provincial de Defensa Civil, Carlos Cruz.&nbsp;<\/strong>En cuanto al viento, precis\u00f3 que las r\u00e1fagas m\u00e1s fuertes registradas hasta el momento fueron de 77 km\/hs a las 11:20 de la ma\u00f1ana, en la ciudad de Zapala.<\/p>\n\n\n\n<h2 class=\"wp-block-heading\">Pasos fronterizos comprometidos<\/h2>\n\n\n\n<p>En este contexto, Vialidad Nacional inform\u00f3 que el paso internacional\u00a0<strong>Pino Hachado<\/strong>, uno de los m\u00e1s utilizados para viajar a Chile, permanece cerrado e intransitable durante el resto de la jornada de este jueves, debido a que la calzada est\u00e1 cubierta de hielo y nieve.<\/p>\n\n\n\n<figure class=\"wp-block-image size-full\"><img loading=\"lazy\" decoding=\"async\" width=\"770\" height=\"770\" src=\"https:\/\/zapala8340.com.ar\/wp-content\/uploads\/2025\/08\/image-145.png\" alt=\"\" class=\"wp-image-41611\" srcset=\"https:\/\/zapala8340.com.ar\/wp-content\/uploads\/2025\/08\/image-145.png 770w, https:\/\/zapala8340.com.ar\/wp-content\/uploads\/2025\/08\/image-145-300x300.png 300w, https:\/\/zapala8340.com.ar\/wp-content\/uploads\/2025\/08\/image-145-150x150.png 150w, https:\/\/zapala8340.com.ar\/wp-content\/uploads\/2025\/08\/image-145-768x768.png 768w\" sizes=\"(max-width: 770px) 100vw, 770px\" \/><\/figure>\n\n\n\n<p>La situaci\u00f3n es similar en el cruce&nbsp;<strong>Cardenal Antonio Samor\u00e9<\/strong>, que tambi\u00e9n se encuentra cerrado. Aunque el personal de vialidad trabaja en el lugar, las intensas nevadas provocaron que el centro de frontera chileno solicitara el cierre temporal.<\/p>\n\n\n\n<p>Aunque el clima es desfavorable en toda la regi\u00f3n y la mayor\u00eda de los pasos se encuentran inhabilitados, a\u00fan&nbsp;<strong>permanecen abiertos&nbsp;<\/strong>los pasos fronterizos de<strong>&nbsp;Icalma&nbsp;<\/strong>(de 08 a 19 para el egreso y hasta las 20 para el ingreso),&nbsp;<strong>Hua Hum<\/strong>&nbsp;(de 9 a 20) y&nbsp;<strong>Mamuil Malal<\/strong>&nbsp;(de 9 a 19).<\/p>\n\n\n\n<figure class=\"wp-block-image size-full\"><img loading=\"lazy\" decoding=\"async\" width=\"770\" height=\"770\" src=\"https:\/\/zapala8340.com.ar\/wp-content\/uploads\/2025\/08\/image-146.png\" alt=\"\" class=\"wp-image-41612\" srcset=\"https:\/\/zapala8340.com.ar\/wp-content\/uploads\/2025\/08\/image-146.png 770w, https:\/\/zapala8340.com.ar\/wp-content\/uploads\/2025\/08\/image-146-300x300.png 300w, https:\/\/zapala8340.com.ar\/wp-content\/uploads\/2025\/08\/image-146-150x150.png 150w, https:\/\/zapala8340.com.ar\/wp-content\/uploads\/2025\/08\/image-146-768x768.png 768w\" sizes=\"(max-width: 770px) 100vw, 770px\" \/><\/figure>\n\n\n\n<p>&#8220;Por el momento las condiciones son totalmente normales a lo que es el invierno, pero con menor intensidad del lado argentino. Las mayores precipitaciones y nevadas se est\u00e1n dando con mayor intensidad del lado chileno&#8221;, explic\u00f3 Cruz.<\/p>\n\n\n\n<h2 class=\"wp-block-heading\">Importante el uso de cadenas<\/h2>\n\n\n\n<p>Durante la temporada invernal, es&nbsp;<strong>obligatorio&nbsp;<\/strong>que todos los veh\u00edculos que circulen por rutas en zonas de monta\u00f1a lleven y utilicen cadenas para nieve. Esta medida busca prevenir accidentes causados por deslizamientos o p\u00e9rdida de control sobre superficies resbaladizas.<\/p>\n\n\n\n<figure class=\"wp-block-image\"><img decoding=\"async\" src=\"https:\/\/media.lmneuquen.com\/p\/08ec379f7fe8fc45293b29a17a2c545c\/adjuntos\/195\/imagenes\/007\/929\/0007929945\/770x0\/smart\/cadenasjpg.jpg\" alt=\"\" title=\"\"\/><\/figure>\n\n\n\n<p>Aunque se recomienda<strong>&nbsp;practicar la colocaci\u00f3n<\/strong>&nbsp;con anticipaci\u00f3n, las autoridades compartieron una serie de pasos b\u00e1sicos para instalar las cadenas de manera segura y efectiva:<\/p>\n\n\n\n<ul class=\"wp-block-list\">\n<li>Estacionar el veh\u00edculo en una zona segura y plana.<\/li>\n\n\n\n<li>Extender las cadenas centradas sobre la banda de rodadura del neum\u00e1tico.<\/li>\n\n\n\n<li>Verificar que los ganchos met\u00e1licos queden orientados hacia la cubierta.<\/li>\n\n\n\n<li>Avanzar unos cent\u00edmetros para que la rueda se apoye sobre los eslabones.<\/li>\n\n\n\n<li>Unir los extremos manualmente y ajustar los tensores.<\/li>\n\n\n\n<li>Si no son autoajustables, volver a tensarlas despu\u00e9s de recorrer unos metros.<\/li>\n<\/ul>\n\n\n\n<p>Por otro lado, es importante recordar que&nbsp;<strong>las cadenas deben colocarse siempre en el eje que tracciona<\/strong>, ya sea delantero, trasero o en ambos en el caso de veh\u00edculos con tracci\u00f3n integral.<\/p>\n\n\n\n<p><\/p>\n\n\n\n<p>Nota LMN <\/p>\n\n\n\n<figure class=\"wp-block-image size-full\"><img loading=\"lazy\" decoding=\"async\" width=\"770\" height=\"435\" src=\"https:\/\/zapala8340.com.ar\/wp-content\/uploads\/2025\/08\/image-148.png\" alt=\"\" class=\"wp-image-41614\" srcset=\"https:\/\/zapala8340.com.ar\/wp-content\/uploads\/2025\/08\/image-148.png 770w, https:\/\/zapala8340.com.ar\/wp-content\/uploads\/2025\/08\/image-148-300x169.png 300w, https:\/\/zapala8340.com.ar\/wp-content\/uploads\/2025\/08\/image-148-768x434.png 768w\" sizes=\"(max-width: 770px) 100vw, 770px\" \/><\/figure>\n\n\n\n<p><\/p>\n\n\n\n<p><a href=\"https:\/\/www.facebook.com\/sharer\/sharer.php?u=https%3A%2F%2Fwww.lmneuquen.com%2Fc1205277\" target=\"_blank\" rel=\"noreferrer noopener\"><\/a><\/p>\n\n\n\n<figure class=\"wp-block-image size-full\"><img loading=\"lazy\" decoding=\"async\" width=\"770\" height=\"435\" src=\"https:\/\/zapala8340.com.ar\/wp-content\/uploads\/2025\/08\/image-144.png\" alt=\"\" class=\"wp-image-41610\" srcset=\"https:\/\/zapala8340.com.ar\/wp-content\/uploads\/2025\/08\/image-144.png 770w, https:\/\/zapala8340.com.ar\/wp-content\/uploads\/2025\/08\/image-144-300x169.png 300w, https:\/\/zapala8340.com.ar\/wp-content\/uploads\/2025\/08\/image-144-768x434.png 768w\" sizes=\"(max-width: 770px) 100vw, 770px\" \/><\/figure>\n","protected":false},"excerpt":{"rendered":"<p>Por las intensas nevadas y r\u00e1fagas de viento en la cordillera, Vialidad Nacional cerr\u00f3 dos&#8230;<\/p>\n","protected":false},"author":1,"featured_media":41614,"comment_status":"open","ping_status":"open","sticky":false,"template":"","format":"standard","meta":{"footnotes":""},"categories":[31],"tags":[],"class_list":["post-41609","post","type-post","status-publish","format-standard","has-post-thumbnail","hentry","category-provincia"],"_links":{"self":[{"href":"https:\/\/zapala8340.com.ar\/index.php?rest_route=\/wp\/v2\/posts\/41609"}],"collection":[{"href":"https:\/\/zapala8340.com.ar\/index.php?rest_route=\/wp\/v2\/posts"}],"about":[{"href":"https:\/\/zapala8340.com.ar\/index.php?rest_route=\/wp\/v2\/types\/post"}],"author":[{"embeddable":true,"href":"https:\/\/zapala8340.com.ar\/index.php?rest_route=\/wp\/v2\/users\/1"}],"replies":[{"embeddable":true,"href":"https:\/\/zapala8340.com.ar\/index.php?rest_route=%2Fwp%2Fv2%2Fcomments&post=41609"}],"version-history":[{"count":1,"href":"https:\/\/zapala8340.com.ar\/index.php?rest_route=\/wp\/v2\/posts\/41609\/revisions"}],"predecessor-version":[{"id":41615,"href":"https:\/\/zapala8340.com.ar\/index.php?rest_route=\/wp\/v2\/posts\/41609\/revisions\/41615"}],"wp:featuredmedia":[{"embeddable":true,"href":"https:\/\/zapala8340.com.ar\/index.php?rest_route=\/wp\/v2\/media\/41614"}],"wp:attachment":[{"href":"https:\/\/zapala8340.com.ar\/index.php?rest_route=%2Fwp%2Fv2%2Fmedia&parent=41609"}],"wp:term":[{"taxonomy":"category","embeddable":true,"href":"https:\/\/zapala8340.com.ar\/index.php?rest_route=%2Fwp%2Fv2%2Fcategories&post=41609"},{"taxonomy":"post_tag","embeddable":true,"href":"https:\/\/zapala8340.com.ar\/index.php?rest_route=%2Fwp%2Fv2%2Ftags&post=41609"}],"curies":[{"name":"wp","href":"https:\/\/api.w.org\/{rel}","templated":true}]}}