{"id":41616,"date":"2025-08-22T19:53:19","date_gmt":"2025-08-22T22:53:19","guid":{"rendered":"https:\/\/zapala8340.com.ar\/?p=41616"},"modified":"2025-08-22T19:53:20","modified_gmt":"2025-08-22T22:53:20","slug":"quito-riffo-tendra-su-noche-en-museo-en-concierto","status":"publish","type":"post","link":"https:\/\/zapala8340.com.ar\/?p=41616","title":{"rendered":"Quito Riffo tendr\u00e1 su noche en \u201cMuseo en Concierto\u201d"},"content":{"rendered":"\n<h2 class=\"wp-block-heading\">La Secretar\u00eda de Cultura anunci\u00f3, a trav\u00e9s de sus redes sociales, una nueva fecha del ya cl\u00e1sico espacio \u201cMuseo en Concierto\u201d. Esta nueva presentaci\u00f3n estar\u00e1 a cargo de Quito Riffo y se realizar\u00e1 el mi\u00e9rcoles 27 de agosto a las 21.30 hs en el Museo Hist\u00f3rico Municipal (Etcheluz 597).<\/h2>\n\n\n\n<p>Quienes deseen ser parte de la velada ya pueden adquirir sus entradas a un valor de $5000 en el museo, de lunes a viernes de 9 a 13 hs y de 15 a 19 hs.<\/p>\n\n\n\n<p>Quito Riffo, destacado guitarrista, compositor y productor oriundo de Las Lajas, cuenta con m\u00e1s de 20 a\u00f1os de trayectoria en la m\u00fasica folkl\u00f3rica argentina y la m\u00fasica regional patag\u00f3nica. Su estilo combina ra\u00edces tradicionales con influencias contempor\u00e1neas, generando un sonido aut\u00e9ntico y emocional.<\/p>\n\n\n\n<p>Durante este a\u00f1o, fue reconocido con tres premios en el Festival Nacional de Malambo de Laborde, donde fue consagrado como Mejor Guitarrista de Malambo, destac\u00e1ndose por su destreza, fuerza expresiva y aporte al repertorio criollo. Ha realizado giras internacionales por M\u00e9xico y Colombia, donde llev\u00f3 la m\u00fasica neuquina y argentina a escenarios de festivales culturales, encuentros folkl\u00f3ricos y espacios acad\u00e9micos, generando lazos art\u00edsticos entre el sur de Argentina y Am\u00e9rica Latina.<\/p>\n\n\n\n<p>Adem\u00e1s, en a\u00f1os anteriores realiz\u00f3 giras internacionales por Canad\u00e1, Estados Unidos, Portugal, Italia y Kazajist\u00e1n, present\u00e1ndose junto al proyecto Nord Patagonia y otros m\u00fasicos de la regi\u00f3n. Estas experiencias fortalecieron su proyecci\u00f3n internacional y consolidaron su rol como embajador cultural de la Patagonia Argentina.<\/p>\n\n\n\n<p><em>Subsecretar\u00eda de Prensa<\/em><\/p>\n\n\n\n<figure class=\"wp-block-image size-large\"><img loading=\"lazy\" decoding=\"async\" width=\"1024\" height=\"639\" src=\"https:\/\/zapala8340.com.ar\/wp-content\/uploads\/2025\/08\/image-149-1024x639.png\" alt=\"\" class=\"wp-image-41617\" srcset=\"https:\/\/zapala8340.com.ar\/wp-content\/uploads\/2025\/08\/image-149-1024x639.png 1024w, https:\/\/zapala8340.com.ar\/wp-content\/uploads\/2025\/08\/image-149-300x187.png 300w, https:\/\/zapala8340.com.ar\/wp-content\/uploads\/2025\/08\/image-149-768x480.png 768w, https:\/\/zapala8340.com.ar\/wp-content\/uploads\/2025\/08\/image-149.png 1536w, https:\/\/zapala8340.com.ar\/wp-content\/uploads\/2025\/08\/image-149-800x500.png 800w, https:\/\/zapala8340.com.ar\/wp-content\/uploads\/2025\/08\/image-149-400x250.png 400w\" sizes=\"(max-width: 1024px) 100vw, 1024px\" \/><\/figure>\n","protected":false},"excerpt":{"rendered":"<p>La Secretar\u00eda de Cultura anunci\u00f3, a trav\u00e9s de sus redes sociales, una nueva fecha del&#8230;<\/p>\n","protected":false},"author":1,"featured_media":41617,"comment_status":"open","ping_status":"open","sticky":false,"template":"","format":"standard","meta":{"footnotes":""},"categories":[8],"tags":[],"class_list":["post-41616","post","type-post","status-publish","format-standard","has-post-thumbnail","hentry","category-zapala"],"_links":{"self":[{"href":"https:\/\/zapala8340.com.ar\/index.php?rest_route=\/wp\/v2\/posts\/41616"}],"collection":[{"href":"https:\/\/zapala8340.com.ar\/index.php?rest_route=\/wp\/v2\/posts"}],"about":[{"href":"https:\/\/zapala8340.com.ar\/index.php?rest_route=\/wp\/v2\/types\/post"}],"author":[{"embeddable":true,"href":"https:\/\/zapala8340.com.ar\/index.php?rest_route=\/wp\/v2\/users\/1"}],"replies":[{"embeddable":true,"href":"https:\/\/zapala8340.com.ar\/index.php?rest_route=%2Fwp%2Fv2%2Fcomments&post=41616"}],"version-history":[{"count":1,"href":"https:\/\/zapala8340.com.ar\/index.php?rest_route=\/wp\/v2\/posts\/41616\/revisions"}],"predecessor-version":[{"id":41618,"href":"https:\/\/zapala8340.com.ar\/index.php?rest_route=\/wp\/v2\/posts\/41616\/revisions\/41618"}],"wp:featuredmedia":[{"embeddable":true,"href":"https:\/\/zapala8340.com.ar\/index.php?rest_route=\/wp\/v2\/media\/41617"}],"wp:attachment":[{"href":"https:\/\/zapala8340.com.ar\/index.php?rest_route=%2Fwp%2Fv2%2Fmedia&parent=41616"}],"wp:term":[{"taxonomy":"category","embeddable":true,"href":"https:\/\/zapala8340.com.ar\/index.php?rest_route=%2Fwp%2Fv2%2Fcategories&post=41616"},{"taxonomy":"post_tag","embeddable":true,"href":"https:\/\/zapala8340.com.ar\/index.php?rest_route=%2Fwp%2Fv2%2Ftags&post=41616"}],"curies":[{"name":"wp","href":"https:\/\/api.w.org\/{rel}","templated":true}]}}