{"id":41620,"date":"2025-08-22T20:09:03","date_gmt":"2025-08-22T23:09:03","guid":{"rendered":"https:\/\/zapala8340.com.ar\/?p=41620"},"modified":"2025-08-22T20:09:04","modified_gmt":"2025-08-22T23:09:04","slug":"una-nueva-muestra-arriba-al-museo-provincial-de-artes-visuales","status":"publish","type":"post","link":"https:\/\/zapala8340.com.ar\/?p=41620","title":{"rendered":"Una nueva muestra arriba al Museo Provincial de Artes Visuales"},"content":{"rendered":"\n<p><\/p>\n\n\n\n<h2 class=\"wp-block-heading\">Ma\u00f1ana viernes 22 de agosto, a las 20 hs, el Museo Provincial de Artes Visuales de Zapala inaugurar\u00e1 una nueva exposici\u00f3n que tendr\u00e1 como protagonista al artista Mart\u00edn Casta\u00f1eda. La muestra permanecer\u00e1 abierta al p\u00fablico hasta el 18 de octubre, con horarios de visita de lunes a s\u00e1bados de 16 a 21.<\/h2>\n\n\n\n<p>Casta\u00f1eda naci\u00f3 en Capital Federal, curs\u00f3 cuatro a\u00f1os de Ingenier\u00eda Naval y luego se recibi\u00f3 de Dise\u00f1ador Gr\u00e1fico en la FADU-UBA, donde tambi\u00e9n se desempe\u00f1\u00f3 como docente. A lo largo de su trayectoria, trabaj\u00f3 durante una d\u00e9cada en impresi\u00f3n serigr\u00e1fica y desde hace m\u00e1s de 20 a\u00f1os se dedica profesionalmente a la pesca con mosca.<\/p>\n\n\n\n<figure class=\"wp-block-image size-large\"><img loading=\"lazy\" decoding=\"async\" width=\"1024\" height=\"640\" src=\"https:\/\/zapala8340.com.ar\/wp-content\/uploads\/2025\/08\/image-151-1024x640.png\" alt=\"\" class=\"wp-image-41622\" srcset=\"https:\/\/zapala8340.com.ar\/wp-content\/uploads\/2025\/08\/image-151-1024x640.png 1024w, https:\/\/zapala8340.com.ar\/wp-content\/uploads\/2025\/08\/image-151-300x188.png 300w, https:\/\/zapala8340.com.ar\/wp-content\/uploads\/2025\/08\/image-151-768x480.png 768w, https:\/\/zapala8340.com.ar\/wp-content\/uploads\/2025\/08\/image-151-800x500.png 800w, https:\/\/zapala8340.com.ar\/wp-content\/uploads\/2025\/08\/image-151-400x250.png 400w, https:\/\/zapala8340.com.ar\/wp-content\/uploads\/2025\/08\/image-151.png 1536w\" sizes=\"(max-width: 1024px) 100vw, 1024px\" \/><\/figure>\n\n\n\n<p>Su recorrido art\u00edstico ha sido reconocido con distintos premios y distinciones, entre ellos la Beca Creaci\u00f3n del Fondo Nacional de las Artes (2019). Adem\u00e1s, obtuvo primeros puestos en concursos de dise\u00f1o de logos e identidad visual para instituciones y eventos, como el Centenario de San Mart\u00edn de los Andes, la UAAP (Uni\u00f3n de Arquitectos Andino Patag\u00f3nico), el club L\u00e1car y proyectos gr\u00e1ficos para la promoci\u00f3n tur\u00edstica de la provincia del Neuqu\u00e9n. Tambi\u00e9n continu\u00f3 su formaci\u00f3n en diversos talleres de arte, consolidando una producci\u00f3n que combina la experimentaci\u00f3n gr\u00e1fica con influencias de su experiencia vital.<\/p>\n\n\n\n<p>La inauguraci\u00f3n promete ser un encuentro con la obra de un creador vers\u00e1til, cuya propuesta invita a dejarse sorprender y a redescubrir el v\u00ednculo entre arte, dise\u00f1o y territorio. Quienes deseen participar de visitas guiadas pueden comunicarse al 2942-587594.<\/p>\n\n\n\n<p><em>Subsecretar\u00eda de Prensa<\/em><\/p>\n\n\n\n<figure class=\"wp-block-image size-large\"><img loading=\"lazy\" decoding=\"async\" width=\"1024\" height=\"640\" src=\"https:\/\/zapala8340.com.ar\/wp-content\/uploads\/2025\/08\/image-150-1024x640.png\" alt=\"\" class=\"wp-image-41621\" srcset=\"https:\/\/zapala8340.com.ar\/wp-content\/uploads\/2025\/08\/image-150-1024x640.png 1024w, https:\/\/zapala8340.com.ar\/wp-content\/uploads\/2025\/08\/image-150-300x188.png 300w, https:\/\/zapala8340.com.ar\/wp-content\/uploads\/2025\/08\/image-150-768x480.png 768w, https:\/\/zapala8340.com.ar\/wp-content\/uploads\/2025\/08\/image-150-800x500.png 800w, https:\/\/zapala8340.com.ar\/wp-content\/uploads\/2025\/08\/image-150-400x250.png 400w, https:\/\/zapala8340.com.ar\/wp-content\/uploads\/2025\/08\/image-150.png 1536w\" sizes=\"(max-width: 1024px) 100vw, 1024px\" \/><\/figure>\n","protected":false},"excerpt":{"rendered":"<p>Ma\u00f1ana viernes 22 de agosto, a las 20 hs, el Museo Provincial de Artes Visuales&#8230;<\/p>\n","protected":false},"author":1,"featured_media":41622,"comment_status":"open","ping_status":"open","sticky":false,"template":"","format":"standard","meta":{"footnotes":""},"categories":[8],"tags":[],"class_list":["post-41620","post","type-post","status-publish","format-standard","has-post-thumbnail","hentry","category-zapala"],"_links":{"self":[{"href":"https:\/\/zapala8340.com.ar\/index.php?rest_route=\/wp\/v2\/posts\/41620"}],"collection":[{"href":"https:\/\/zapala8340.com.ar\/index.php?rest_route=\/wp\/v2\/posts"}],"about":[{"href":"https:\/\/zapala8340.com.ar\/index.php?rest_route=\/wp\/v2\/types\/post"}],"author":[{"embeddable":true,"href":"https:\/\/zapala8340.com.ar\/index.php?rest_route=\/wp\/v2\/users\/1"}],"replies":[{"embeddable":true,"href":"https:\/\/zapala8340.com.ar\/index.php?rest_route=%2Fwp%2Fv2%2Fcomments&post=41620"}],"version-history":[{"count":1,"href":"https:\/\/zapala8340.com.ar\/index.php?rest_route=\/wp\/v2\/posts\/41620\/revisions"}],"predecessor-version":[{"id":41623,"href":"https:\/\/zapala8340.com.ar\/index.php?rest_route=\/wp\/v2\/posts\/41620\/revisions\/41623"}],"wp:featuredmedia":[{"embeddable":true,"href":"https:\/\/zapala8340.com.ar\/index.php?rest_route=\/wp\/v2\/media\/41622"}],"wp:attachment":[{"href":"https:\/\/zapala8340.com.ar\/index.php?rest_route=%2Fwp%2Fv2%2Fmedia&parent=41620"}],"wp:term":[{"taxonomy":"category","embeddable":true,"href":"https:\/\/zapala8340.com.ar\/index.php?rest_route=%2Fwp%2Fv2%2Fcategories&post=41620"},{"taxonomy":"post_tag","embeddable":true,"href":"https:\/\/zapala8340.com.ar\/index.php?rest_route=%2Fwp%2Fv2%2Ftags&post=41620"}],"curies":[{"name":"wp","href":"https:\/\/api.w.org\/{rel}","templated":true}]}}