{"id":41629,"date":"2025-08-22T23:08:58","date_gmt":"2025-08-23T02:08:58","guid":{"rendered":"https:\/\/zapala8340.com.ar\/?p=41629"},"modified":"2025-08-22T23:08:59","modified_gmt":"2025-08-23T02:08:59","slug":"otro-mega-eco-canje-recorrera-los-barrios-de-zapala","status":"publish","type":"post","link":"https:\/\/zapala8340.com.ar\/?p=41629","title":{"rendered":"Otro Mega Eco Canje recorrer\u00e1 los barrios de Zapala"},"content":{"rendered":"\n<h2 class=\"wp-block-heading\">La Municipalidad, a trav\u00e9s de la Secretar\u00eda de Ambiente y Desarrollo Sustentable, anunci\u00f3 la realizaci\u00f3n de un nuevo Mega Eco Canje, que tendr\u00e1 lugar el mi\u00e9rcoles 27 de agosto, de 15 a 18 hs, en la Plaza del Barrio 180 Viviendas.<\/h2>\n\n\n\n<p>En esta oportunidad, vecinos y vecinas podr\u00e1n acercar materiales reciclables de distinto tipo: aceites vegetales usados, medicamentos vencidos, neum\u00e1ticos en desuso, envases pl\u00e1sticos, ecoladrillos, cartones, vidrios, RAEES (Residuos de Aparatos El\u00e9ctricos y Electr\u00f3nicos), textiles, sachets, envases de tetrapack, latas y pilas. Como es habitual, se recuerda que todos los elementos deben entregarse en condiciones limpias y secas. Respecto a los neum\u00e1ticos, debido a su volumen, tambi\u00e9n podr\u00e1n ser entregados directamente en la sede de la Secretar\u00eda, ubicada en Uriburu 286.<\/p>\n\n\n\n<p>Estos encuentros, que llevan casi cinco a\u00f1os de continuidad, ya forman parte de la agenda ambiental de la ciudad. Adem\u00e1s de colaborar con la gesti\u00f3n responsable de residuos, quienes participan reciben un obsequio en reconocimiento a su aporte.<\/p>\n\n\n\n<figure class=\"wp-block-image size-large\"><img loading=\"lazy\" decoding=\"async\" width=\"1024\" height=\"640\" src=\"https:\/\/zapala8340.com.ar\/wp-content\/uploads\/2025\/08\/image-155-1024x640.png\" alt=\"\" class=\"wp-image-41631\" srcset=\"https:\/\/zapala8340.com.ar\/wp-content\/uploads\/2025\/08\/image-155-1024x640.png 1024w, https:\/\/zapala8340.com.ar\/wp-content\/uploads\/2025\/08\/image-155-300x188.png 300w, https:\/\/zapala8340.com.ar\/wp-content\/uploads\/2025\/08\/image-155-768x480.png 768w, https:\/\/zapala8340.com.ar\/wp-content\/uploads\/2025\/08\/image-155-800x500.png 800w, https:\/\/zapala8340.com.ar\/wp-content\/uploads\/2025\/08\/image-155-400x250.png 400w, https:\/\/zapala8340.com.ar\/wp-content\/uploads\/2025\/08\/image-155.png 1536w\" sizes=\"(max-width: 1024px) 100vw, 1024px\" \/><\/figure>\n\n\n\n<p>Si bien los Mega Eco Canjes se desarrollan cada mes, la Municipalidad subraya que la recolecci\u00f3n de materiales reciclables se mantiene activa durante todo el a\u00f1o, tanto en la Secretar\u00eda de Ambiente como en los distintos ecopuntos distribuidos en Zapala.<\/p>\n\n\n\n<p>La jornada tambi\u00e9n servir\u00e1 como espacio de difusi\u00f3n para informar sobre la pr\u00f3xima parada de \u201cZapala Recicla\u201d, que tras finalizar su trabajo en el B\u00b0 Ren\u00e9 Favaloro se trasladar\u00e1 a un nuevo sector. Este programa busca reforzar la separaci\u00f3n de residuos en origen y sumar cada vez m\u00e1s hogares a la cultura del reciclaje.<\/p>\n\n\n\n<p><em>Subsecretar\u00eda de Prensa<\/em><\/p>\n\n\n\n<figure class=\"wp-block-image size-large\"><img loading=\"lazy\" decoding=\"async\" width=\"1024\" height=\"640\" src=\"https:\/\/zapala8340.com.ar\/wp-content\/uploads\/2025\/08\/image-154-1024x640.png\" alt=\"\" class=\"wp-image-41630\" srcset=\"https:\/\/zapala8340.com.ar\/wp-content\/uploads\/2025\/08\/image-154-1024x640.png 1024w, https:\/\/zapala8340.com.ar\/wp-content\/uploads\/2025\/08\/image-154-300x188.png 300w, https:\/\/zapala8340.com.ar\/wp-content\/uploads\/2025\/08\/image-154-768x480.png 768w, https:\/\/zapala8340.com.ar\/wp-content\/uploads\/2025\/08\/image-154.png 1536w, https:\/\/zapala8340.com.ar\/wp-content\/uploads\/2025\/08\/image-154-800x500.png 800w, https:\/\/zapala8340.com.ar\/wp-content\/uploads\/2025\/08\/image-154-400x250.png 400w\" sizes=\"(max-width: 1024px) 100vw, 1024px\" \/><\/figure>\n","protected":false},"excerpt":{"rendered":"<p>La Municipalidad, a trav\u00e9s de la Secretar\u00eda de Ambiente y Desarrollo Sustentable, anunci\u00f3 la realizaci\u00f3n&#8230;<\/p>\n","protected":false},"author":1,"featured_media":41630,"comment_status":"open","ping_status":"open","sticky":false,"template":"","format":"standard","meta":{"footnotes":""},"categories":[8],"tags":[],"class_list":["post-41629","post","type-post","status-publish","format-standard","has-post-thumbnail","hentry","category-zapala"],"_links":{"self":[{"href":"https:\/\/zapala8340.com.ar\/index.php?rest_route=\/wp\/v2\/posts\/41629"}],"collection":[{"href":"https:\/\/zapala8340.com.ar\/index.php?rest_route=\/wp\/v2\/posts"}],"about":[{"href":"https:\/\/zapala8340.com.ar\/index.php?rest_route=\/wp\/v2\/types\/post"}],"author":[{"embeddable":true,"href":"https:\/\/zapala8340.com.ar\/index.php?rest_route=\/wp\/v2\/users\/1"}],"replies":[{"embeddable":true,"href":"https:\/\/zapala8340.com.ar\/index.php?rest_route=%2Fwp%2Fv2%2Fcomments&post=41629"}],"version-history":[{"count":1,"href":"https:\/\/zapala8340.com.ar\/index.php?rest_route=\/wp\/v2\/posts\/41629\/revisions"}],"predecessor-version":[{"id":41632,"href":"https:\/\/zapala8340.com.ar\/index.php?rest_route=\/wp\/v2\/posts\/41629\/revisions\/41632"}],"wp:featuredmedia":[{"embeddable":true,"href":"https:\/\/zapala8340.com.ar\/index.php?rest_route=\/wp\/v2\/media\/41630"}],"wp:attachment":[{"href":"https:\/\/zapala8340.com.ar\/index.php?rest_route=%2Fwp%2Fv2%2Fmedia&parent=41629"}],"wp:term":[{"taxonomy":"category","embeddable":true,"href":"https:\/\/zapala8340.com.ar\/index.php?rest_route=%2Fwp%2Fv2%2Fcategories&post=41629"},{"taxonomy":"post_tag","embeddable":true,"href":"https:\/\/zapala8340.com.ar\/index.php?rest_route=%2Fwp%2Fv2%2Ftags&post=41629"}],"curies":[{"name":"wp","href":"https:\/\/api.w.org\/{rel}","templated":true}]}}