{"id":41645,"date":"2025-08-24T11:45:37","date_gmt":"2025-08-24T14:45:37","guid":{"rendered":"https:\/\/zapala8340.com.ar\/?p=41645"},"modified":"2025-08-24T11:46:12","modified_gmt":"2025-08-24T14:46:12","slug":"caso-spagnuolo-la-oposicion-exige-interpelar-a-karina-milei-y-armar-una-comision-investigadora-en-diputados","status":"publish","type":"post","link":"https:\/\/zapala8340.com.ar\/?p=41645","title":{"rendered":"Caso Spagnuolo: la oposici\u00f3n exige interpelar a Karina Milei y armar una comisi\u00f3n investigadora en Diputados"},"content":{"rendered":"\n<h2 class=\"wp-block-heading\">La sospecha de corrupci\u00f3n en la Agencia de Discapacidad ya provoc\u00f3 una primera reacci\u00f3n en el Parlamento. Adem\u00e1s de reclamar la presencia de la hermana del Presidente, se convoc\u00f3 al ministro de Salud, Mario Lugones, para una sesi\u00f3n informativa.<br><\/h2>\n\n\n\n<p><\/p>\n\n\n\n<p>El\u00a0esc\u00e1ndalo por los audios\u00a0de\u00a0<strong>Diego Spagnuolo<\/strong>, extitular de la\u00a0<strong>Agencia Nacional de Discapacidad<\/strong>\u00a0(ANDIS) adulterado cruzar\u00e1 los temas centrales de una C\u00e1mara de Diputados, que tiene agendada la discusi\u00f3n de una comisi\u00f3n investigadora y las\u00a0<strong>citaciones de la secretaria general de la Presidencia, Karina Milei<\/strong>, y al ministro de Salud,\u00a0<strong>Mario Lugones<\/strong>.<\/p>\n\n\n\n<p><\/p>\n\n\n\n<p>Mas all\u00e1 de avanzar con el calendario y acontecimientos que denuncian supuestos hechos de corrupci\u00f3n en el Gobierno, el Congreso planific\u00f3 reuniones para\u00a0<strong>debatir las acusaciones en el \u00e1rea de discapacidad<\/strong>, d\u00edas despu\u00e9s de que\u00a0Diputados rechazara el veto a la declaraci\u00f3n de Emergencia en Discapacidad, insistiendo con la promulgaci\u00f3n de la ley. Ahora, tendr\u00e1 que definir el Senado.<\/p>\n\n\n\n<h2 class=\"wp-block-heading\">Las denuncias en la Agencia de Discapacidad<\/h2>\n\n\n\n<p>Las comisiones de Discapacidad y de Acci\u00f3n Social y Salud P\u00fablica, encabezadas por los peronistas\u00a0<strong>Daniel Arroyo<\/strong>\u00a0y\u00a0<strong>Pablo Yedlin<\/strong>, respectivamente, invitaron para este martes a las 12 al ministro Mario Lugones y al\u00a0interventor de la ANDIS,\u00a0<strong>Alejandro Vilches<\/strong>, para que expliquen la situaci\u00f3n del organismo.<\/p>\n\n\n\n<p>No es la primera vez que Yedlin invita a Lugones al Congreso y el ministro no asiste. Es posible que ocurra lo mismo este martes:&nbsp;<strong>no est\u00e1 obligado a concurrir<\/strong>. Se trata de una reuni\u00f3n informativa.<\/p>\n\n\n\n<p><\/p>\n\n\n\n<p>No obstante, ya hay&nbsp;<strong>pedidos de interpelaci\u00f3n<\/strong>&nbsp;en la C\u00e1mara Baja para Lugones y tambi\u00e9n para Karina Milei. Los present\u00f3 la diputada Sabrina Selva, de Uni\u00f3n por la Patria. \u201cEs momento de que el Gobierno deje de querer tapar los esc\u00e1ndalos y empiece a explicarlos\u201d, argument\u00f3 Selva. Desde el mismo bloque tambi\u00e9n sumaron propuestas similares las diputadas Victoria Tolosa Paz y Andrea Freites.<\/p>\n\n\n\n<p><\/p>\n\n\n\n<p>Por su parte, el diputado cordob\u00e9s Carlos Guti\u00e9rrez, de Encuentro Federal, le exigi\u00f3 a Milei \u201cuna investigaci\u00f3n a fondo\u201d. \u201cQueremos un pa\u00eds donde la justicia garantice que no exista impunidad, como en C\u00f3rdoba. Y lo hacemos&nbsp;<strong>con responsabilidad, no como algunos diputados kirchneristas<\/strong>, que le exigen investigar a usted mientras reclaman por la libertad de Cristina (Kirchner)\u201d, poste\u00f3 Guti\u00e9rrez en sus redes.<\/p>\n\n\n\n<p>Los socialistas M\u00f3nica Fein y Esteban Paul\u00f3n, Margarita Stolbizer (GEN), M\u00f3nica Frade (Coalici\u00f3n C\u00edvica) y la propia Sabrina Selva&nbsp;<strong>proponen crear una comisi\u00f3n investigadora<\/strong>&nbsp;para que el Congreso trabaje las denuncias de supuesta corrupci\u00f3n en la ANDIS.<\/p>\n\n\n\n<p>Desde el Senado, el legislador&nbsp;<strong>Sergio Leavy<\/strong>&nbsp;(UxP) tambi\u00e9n pidi\u00f3 interpelar a la hermana del Presidente por los audios en los que Spagnuolo alude a un presunto esquema de recaudaci\u00f3n de sobornos vinculados a la adquisici\u00f3n de medicamentos.<\/p>\n\n\n\n<h2 class=\"wp-block-heading\">Los pasos parlamentarios por el esc\u00e1ndalo en la Agencia de Discapacidad<\/h2>\n\n\n\n<p>Los pedidos de interpelaci\u00f3n deber\u00e1n ser&nbsp;<strong>tratados<\/strong>&nbsp;<strong>en la Comisi\u00f3n de Asuntos Constitucionales<\/strong>, que lidera el&nbsp;<strong>libertario Nicol\u00e1s Mayoraz<\/strong>, mientras que las comisiones investigadoras son debatidas en la Comisi\u00f3n de Peticiones Poderes y Reglamento, encabezada por la diputada del PRO&nbsp;<strong>Silvia Lospennato<\/strong>.<\/p>\n\n\n\n<p>Tras las elecciones legislativas en la Ciudad de Buenos Aires, donde encabez\u00f3 la lista de candidatos a legisladores porte\u00f1os con magros resultados para el PRO, y la ca\u00edda de Ficha Limpia, proyecto que impuls\u00f3, Lospennato esta distanciada de La Libertad Avanza.<\/p>\n\n\n\n<p>El esc\u00e1ndalo con los audios de Spagnuolo ya comenz\u00f3 a tener las primeras repercusiones en el Congreso. Y generar\u00e1 nuevos pedidos de sesiones especiales e interpelaciones en los recintos parlamentarios.<\/p>\n\n\n\n<p><\/p>\n\n\n\n<figure class=\"wp-block-image size-large\"><img loading=\"lazy\" decoding=\"async\" width=\"1024\" height=\"683\" src=\"https:\/\/zapala8340.com.ar\/wp-content\/uploads\/2025\/08\/image-158-1024x683.png\" alt=\"\" class=\"wp-image-41646\" srcset=\"https:\/\/zapala8340.com.ar\/wp-content\/uploads\/2025\/08\/image-158-1024x683.png 1024w, https:\/\/zapala8340.com.ar\/wp-content\/uploads\/2025\/08\/image-158-300x200.png 300w, https:\/\/zapala8340.com.ar\/wp-content\/uploads\/2025\/08\/image-158-768x512.png 768w, https:\/\/zapala8340.com.ar\/wp-content\/uploads\/2025\/08\/image-158.png 1440w\" sizes=\"(max-width: 1024px) 100vw, 1024px\" \/><\/figure>\n\n\n\n<figure class=\"wp-block-image size-full is-resized is-style-rounded\"><img loading=\"lazy\" decoding=\"async\" width=\"99\" height=\"55\" src=\"https:\/\/zapala8340.com.ar\/wp-content\/uploads\/2025\/08\/image-159.png\" alt=\"\" class=\"wp-image-41648\" style=\"width:87px;height:auto\"\/><\/figure>\n","protected":false},"excerpt":{"rendered":"<p>La sospecha de corrupci\u00f3n en la Agencia de Discapacidad ya provoc\u00f3 una primera reacci\u00f3n en&#8230;<\/p>\n","protected":false},"author":1,"featured_media":41646,"comment_status":"open","ping_status":"open","sticky":false,"template":"","format":"standard","meta":{"footnotes":""},"categories":[16],"tags":[],"class_list":["post-41645","post","type-post","status-publish","format-standard","has-post-thumbnail","hentry","category-politica"],"_links":{"self":[{"href":"https:\/\/zapala8340.com.ar\/index.php?rest_route=\/wp\/v2\/posts\/41645"}],"collection":[{"href":"https:\/\/zapala8340.com.ar\/index.php?rest_route=\/wp\/v2\/posts"}],"about":[{"href":"https:\/\/zapala8340.com.ar\/index.php?rest_route=\/wp\/v2\/types\/post"}],"author":[{"embeddable":true,"href":"https:\/\/zapala8340.com.ar\/index.php?rest_route=\/wp\/v2\/users\/1"}],"replies":[{"embeddable":true,"href":"https:\/\/zapala8340.com.ar\/index.php?rest_route=%2Fwp%2Fv2%2Fcomments&post=41645"}],"version-history":[{"count":2,"href":"https:\/\/zapala8340.com.ar\/index.php?rest_route=\/wp\/v2\/posts\/41645\/revisions"}],"predecessor-version":[{"id":41649,"href":"https:\/\/zapala8340.com.ar\/index.php?rest_route=\/wp\/v2\/posts\/41645\/revisions\/41649"}],"wp:featuredmedia":[{"embeddable":true,"href":"https:\/\/zapala8340.com.ar\/index.php?rest_route=\/wp\/v2\/media\/41646"}],"wp:attachment":[{"href":"https:\/\/zapala8340.com.ar\/index.php?rest_route=%2Fwp%2Fv2%2Fmedia&parent=41645"}],"wp:term":[{"taxonomy":"category","embeddable":true,"href":"https:\/\/zapala8340.com.ar\/index.php?rest_route=%2Fwp%2Fv2%2Fcategories&post=41645"},{"taxonomy":"post_tag","embeddable":true,"href":"https:\/\/zapala8340.com.ar\/index.php?rest_route=%2Fwp%2Fv2%2Ftags&post=41645"}],"curies":[{"name":"wp","href":"https:\/\/api.w.org\/{rel}","templated":true}]}}