{"id":41678,"date":"2025-08-25T21:30:05","date_gmt":"2025-08-26T00:30:05","guid":{"rendered":"https:\/\/zapala8340.com.ar\/?p=41678"},"modified":"2025-08-25T21:30:05","modified_gmt":"2025-08-26T00:30:05","slug":"nuevos-audios-de-spagnuolo-apunta-contra-sandra-pettovello-y-tension-con-federico-sturzenegger","status":"publish","type":"post","link":"https:\/\/zapala8340.com.ar\/?p=41678","title":{"rendered":"Nuevos audios de Spagnuolo: apunta contra Sandra Pettovello y tensi\u00f3n con Federico Sturzenegger"},"content":{"rendered":"\n<p>Nuevos audios del extitular de Andis se difundieron hoy donde Spagnuolo apunta contra la ministra de Desarrollo Social, Sandra Petovello, y tambi\u00e9n nombra a Federico Sturzenegger.<\/p>\n\n\n\n<p>Nuevos audios atribuidos al exdirector de la Agencia Nacional de Discapacidad (Andis),&nbsp;<strong><a href=\"https:\/\/www.a24.com\/politica\/exclusivo-a24-los-cincos-minutos-completos-del-audio-spagnuolo-n1469186\" target=\"_blank\" rel=\"noreferrer noopener\">Diego Spagnuolo<\/a><\/strong>, se revelaron esta tarde donde el exfuncionario apunta a la ministra de Desarrollo Social,&nbsp;<strong>Sandra Pettovello<\/strong>, y nombra al titular de Desregulaci\u00f3n y Transformaci\u00f3n del Estado,&nbsp;<strong>Federico Sturzenneger.<\/strong><\/p>\n\n\n\n<p><\/p>\n\n\n\n<p>En el primero de los audios, el cual revel\u00f3 A24, se escucha a Spagnuolo decir en relaci\u00f3n a Pettovello: &#8220;<strong>Sandra a m\u00ed me hizo una jugada, me dej\u00f3 expuesto con Karina (Milei) y con Lule (Menem)<\/strong>&#8220;.<\/p>\n\n\n\n<p>&#8220;Cuando habl\u00e9 con ella, fue y habl\u00f3 con Javier, me dej\u00f3 expuesto y despu\u00e9s se hace la pelotuda, se borra. Ahora salta este quilombo y no tengo c\u00f3mo hablarlo.&nbsp;<strong>Esto est\u00e1 implosionando de adentro<\/strong>. Medio pelo&#8230; Sandra, la mina se hace la re pelo&#8230;. Javier, desentendido de todo&#8221;, expone el abogado de Milei en un audio donde vuelve a hablar del c\u00edrculo \u00edntimo del Presidente.<\/p>\n\n\n\n<p>En otra grabaci\u00f3n, tambi\u00e9n nombra al ministro de Desregulaci\u00f3n y Transformaci\u00f3n del Estado por su nombre de pila: &#8220;No disculpame, lo que te dijeron a vos es que me ten\u00edan que dar una mano&#8221;.<\/p>\n\n\n\n<p><\/p>\n\n\n\n<p>&#8220;<strong>No, no, disculpame a m\u00ed Federico (Sturzenegger) me dijo personalmente que vos me ten\u00edas que dar una mano<\/strong>. Si no decime, si me ven\u00eds a dar una mano, si me ven\u00eds a controlar, si me ven\u00edas a decir c\u00f3mo tengo que hacer mi trabajo&#8221;, repuso la conversaci\u00f3n mantenida con una tercera persona en base a la orden recibida por Sturzenegger.<\/p>\n\n\n\n<p>&#8220;\u00bfCu\u00e1l es la diferencia?&#8221;, dijo que le pregunt\u00f3 esa otra persona y le respondi\u00f3: &#8220;Le digo, si no entend\u00e9s cu\u00e1l es la diferencia; es al pedo que tengamos esta discusi\u00f3n&#8221;, completa en el audio.}<\/p>\n\n\n\n<h2 class=\"wp-block-heading\"><strong>El primer audio completo<\/strong><\/h2>\n\n\n\n<p>&#8220;<strong>Y Lule lo que est\u00e1 haciendo est\u00e1 choreando de una manera<\/strong>. A m\u00ed me est\u00e1n desfalcando a la gente. Me pusieron a un tipo que maneja todo lo que es la caja m\u00eda: ese es un delincuente que estaba en la gesti\u00f3n de Macri y se fue. Pero cuando se fue, se fue con denuncias y se llev\u00f3 los discos r\u00edgidos de las computadoras. Un delincuente. \u00c9l no est\u00e1 metido, pero es toda gente de \u00e9l&#8221;, inicia el audio que se conoci\u00f3 de forma completa esta noche.<\/p>\n\n\n\n<p>Contin\u00faa y nombra por primera vez al presidente: &#8220;Entonces van a pedirle guita a la gente; a los prestadores le van a pedir guita.&nbsp;<strong>Yo fui y le dije &#8216;Javier, esc\u00fachame, yo estoy denunciando todo el choreo, todo esto, y abajo tengo gente que va a pedir guita&#8217;<\/strong>. Entonces, donde yo vaya y toque a uno van a decir &#8216;Che, flaco, \u00bfest\u00e1 todo bien y ven\u00eds a pedirme guita con estos delincuentes? Entonces, Javier, &#8216;\u00bfQu\u00e9 hago?&#8217; Yo no lo jod\u00ed m\u00e1s, yo me dedico a controlar que lo m\u00edo est\u00e9 ordenadito, porque el quilombo lo hacen atr\u00e1s, a mis espaldas, y yo ah\u00ed ya no tengo nada que ver. No puedo tener el control de lo que pasa a mis espaldas, pero lo que yo firmo eso est\u00e1 todo prolijito, que es lo me importa tambi\u00e9n&#8221;.<\/p>\n\n\n\n<p>&#8220;Estos pibes pusieron a este tipo ac\u00e1. Este tipo tiene que recaudar de medicamentos y lo sube, sube la guita que recauda. Est\u00e1 bien, fant\u00e1stico. Lo que pasa es que tambi\u00e9n vos despu\u00e9s ten\u00e9s transporte y ten\u00e9s otro tipo de prestaciones, como son las internaciones, que es lo que estoy denunciando yo. Entonces estos tipos dicen &#8216;Ch\u00e9, esta la subimos, pero hay todo esto que est\u00e1 ac\u00e1 dando vueltas?&#8217;&nbsp;<strong>Aprovechan y quieren armarse el kiosquito<\/strong>. Esto lo hacen de ratas, o sea, es un kioskito, no s\u00e9,&nbsp;<strong>de 20 o 30 mil d\u00f3lares por mes<\/strong>. Es un cachito as\u00ed al lado de todo el resto del quilombo que est\u00e1n haciendo&#8221;, precisa la grabaci\u00f3n.<\/p>\n\n\n\n<p><\/p>\n\n\n\n<p>Acto seguido nombran al periodista Alejandro Fantino: &#8220;<strong>\u00bfVos viste la entrevista que me hizo Fantino?<\/strong>&nbsp;Me dice &#8216;Diego, vos sos bueno, sos esto, sos lo otro, que s\u00e9 yo de voracidad gen\u00e9tica&#8217;. Dice, porque vos ten\u00e9s chorros en Chivilcoy, provincia de Buenos Aires, y Lule en la provincia de Tucum\u00e1n&#8217;. O sea, lo nombr\u00f3 con nombre y apellido, concretamente&#8221;.<\/p>\n\n\n\n<p>Despu\u00e9s, se\u00f1ala a la droguer\u00eda Suizo Argentina: &#8220;La gente de la Suizo llama a los dem\u00e1s proveedores y le dice &#8216;Esc\u00fachame, ahora ten\u00e9s que poner, ya no es m\u00e1s el 5, ahora ten\u00e9s que poner el 8&#8217;.&nbsp;<strong>Son m\u00e1s chorros que los Kirchner<\/strong>, lo que cobran de medicamentos. &#8216;Ahora ten\u00e9s que poner el 8, lo ten\u00e9s que traer a la Suizo y nosotros lo subimos a la presidencia por tel\u00e9fono, as\u00ed, tac, a un prestador. As\u00ed se est\u00e1n manejando&#8221;.<\/p>\n\n\n\n<figure class=\"wp-block-image size-full\"><img loading=\"lazy\" decoding=\"async\" width=\"207\" height=\"54\" src=\"https:\/\/zapala8340.com.ar\/wp-content\/uploads\/2025\/08\/image-172.png\" alt=\"\" class=\"wp-image-41680\"\/><\/figure>\n\n\n\n<figure class=\"wp-block-image size-large\"><img loading=\"lazy\" decoding=\"async\" width=\"1024\" height=\"576\" src=\"https:\/\/zapala8340.com.ar\/wp-content\/uploads\/2025\/08\/image-171-1024x576.png\" alt=\"\" class=\"wp-image-41679\" srcset=\"https:\/\/zapala8340.com.ar\/wp-content\/uploads\/2025\/08\/image-171-1024x576.png 1024w, https:\/\/zapala8340.com.ar\/wp-content\/uploads\/2025\/08\/image-171-300x169.png 300w, https:\/\/zapala8340.com.ar\/wp-content\/uploads\/2025\/08\/image-171-768x432.png 768w, https:\/\/zapala8340.com.ar\/wp-content\/uploads\/2025\/08\/image-171.png 1200w\" sizes=\"(max-width: 1024px) 100vw, 1024px\" \/><\/figure>\n\n\n\n<p><\/p>\n\n\n\n<p><\/p>\n","protected":false},"excerpt":{"rendered":"<p>Nuevos audios del extitular de Andis se difundieron hoy donde Spagnuolo apunta contra la ministra&#8230;<\/p>\n","protected":false},"author":1,"featured_media":41679,"comment_status":"open","ping_status":"open","sticky":false,"template":"","format":"standard","meta":{"footnotes":""},"categories":[16],"tags":[],"class_list":["post-41678","post","type-post","status-publish","format-standard","has-post-thumbnail","hentry","category-politica"],"_links":{"self":[{"href":"https:\/\/zapala8340.com.ar\/index.php?rest_route=\/wp\/v2\/posts\/41678"}],"collection":[{"href":"https:\/\/zapala8340.com.ar\/index.php?rest_route=\/wp\/v2\/posts"}],"about":[{"href":"https:\/\/zapala8340.com.ar\/index.php?rest_route=\/wp\/v2\/types\/post"}],"author":[{"embeddable":true,"href":"https:\/\/zapala8340.com.ar\/index.php?rest_route=\/wp\/v2\/users\/1"}],"replies":[{"embeddable":true,"href":"https:\/\/zapala8340.com.ar\/index.php?rest_route=%2Fwp%2Fv2%2Fcomments&post=41678"}],"version-history":[{"count":1,"href":"https:\/\/zapala8340.com.ar\/index.php?rest_route=\/wp\/v2\/posts\/41678\/revisions"}],"predecessor-version":[{"id":41681,"href":"https:\/\/zapala8340.com.ar\/index.php?rest_route=\/wp\/v2\/posts\/41678\/revisions\/41681"}],"wp:featuredmedia":[{"embeddable":true,"href":"https:\/\/zapala8340.com.ar\/index.php?rest_route=\/wp\/v2\/media\/41679"}],"wp:attachment":[{"href":"https:\/\/zapala8340.com.ar\/index.php?rest_route=%2Fwp%2Fv2%2Fmedia&parent=41678"}],"wp:term":[{"taxonomy":"category","embeddable":true,"href":"https:\/\/zapala8340.com.ar\/index.php?rest_route=%2Fwp%2Fv2%2Fcategories&post=41678"},{"taxonomy":"post_tag","embeddable":true,"href":"https:\/\/zapala8340.com.ar\/index.php?rest_route=%2Fwp%2Fv2%2Ftags&post=41678"}],"curies":[{"name":"wp","href":"https:\/\/api.w.org\/{rel}","templated":true}]}}