{"id":41682,"date":"2025-08-25T21:57:18","date_gmt":"2025-08-26T00:57:18","guid":{"rendered":"https:\/\/zapala8340.com.ar\/?p=41682"},"modified":"2025-08-25T21:57:18","modified_gmt":"2025-08-26T00:57:18","slug":"detuvieron-a-un-profugo-y-le-secuestraron-truchas-por-pesca-ilegal","status":"publish","type":"post","link":"https:\/\/zapala8340.com.ar\/?p=41682","title":{"rendered":"Detuvieron a un pr\u00f3fugo y le secuestraron truchas por pesca ilegal"},"content":{"rendered":"\n<h2 class=\"wp-block-heading\">El procedimiento se realiz\u00f3 durante un control vehicular en la Ruta 40. El conductor qued\u00f3 detenido y fue puesto a disposici\u00f3n de la justicia.<\/h2>\n\n\n\n<p>Un\u00a0<strong>operativo de rutina en la Ruta 40<\/strong>\u00a0termin\u00f3 con la demora de unhombre con<strong>\u00a0pedido de captura vigente<\/strong>\u00a0y\u00a0<strong>el secuestro de varias truchas<\/strong>\u00a0obtenidas mediante<strong>\u00a0pesca ilegal<\/strong>. El procedimiento fue realizado por efectivos del Destacamento Nahuel Huapi.<\/p>\n\n\n\n<p>El hecho ocurri\u00f3 este domingo alrededor de las 0:35, a la altura del kil\u00f3metro 2056, cuando los uniformados detuvieron la marcha de un Peugeot 207 gris que<strong>&nbsp;circulaba desde Villa La Angostura en direcci\u00f3n a San Carlos de Bariloche<\/strong>. En el veh\u00edculo viajaban cuatro personas, incluido el conductor, un hombre mayor de edad.<\/p>\n\n\n\n<p>Tras verificar la documentaci\u00f3n del rodado y solicitar antecedentes al Centro de An\u00e1lisis Criminal, los efectivos confirmaron que este presentaba un pedido de captura vigente solicitado por la Justicia de R\u00edo Negro. La informaci\u00f3n fue ratificada posteriormente por la Direcci\u00f3n Judiciales. Ante esta situaci\u00f3n, el hombre fue detenido y trasladado bajo custodia policial.<\/p>\n\n\n\n<h2 class=\"wp-block-heading\">Pesca furtiva en el veh\u00edculo<\/h2>\n\n\n\n<p>De manera paralela, durante la inspecci\u00f3n del auto los efectivos hallaron en el ba\u00fal un total de 21 truchas, adem\u00e1s de elementos utilizados para la pesca. La presencia de las especies motiv\u00f3 la intervenci\u00f3n de personal de Parques Nacionales, que procedi\u00f3 al secuestro de los ejemplares y labr\u00f3 las actas correspondientes.<\/p>\n\n\n\n<p><\/p>\n\n\n\n<figure class=\"wp-block-image size-full\"><img loading=\"lazy\" decoding=\"async\" width=\"770\" height=\"458\" src=\"https:\/\/zapala8340.com.ar\/wp-content\/uploads\/2025\/08\/image-174.png\" alt=\"\" class=\"wp-image-41684\" srcset=\"https:\/\/zapala8340.com.ar\/wp-content\/uploads\/2025\/08\/image-174.png 770w, https:\/\/zapala8340.com.ar\/wp-content\/uploads\/2025\/08\/image-174-300x178.png 300w, https:\/\/zapala8340.com.ar\/wp-content\/uploads\/2025\/08\/image-174-768x457.png 768w\" sizes=\"(max-width: 770px) 100vw, 770px\" \/><\/figure>\n\n\n\n<p>La infracci\u00f3n qued\u00f3 encuadrada dentro de la Ley Nacional N\u00b0 22.351, que regula la preservaci\u00f3n y aprovechamiento de los recursos en \u00e1reas protegidas.<\/p>\n\n\n\n<p>El detenido qued\u00f3 a disposici\u00f3n de la Justicia de R\u00edo Negro, mientras que las actuaciones por la pesca furtiva contin\u00faan bajo la \u00f3rbita de Parques Nacionales.<\/p>\n\n\n\n<h2 class=\"wp-block-heading\">\u00bfQu\u00e9 dice la Ley 22.351 sobre la pesca furtiva?<\/h2>\n\n\n\n<p>La&nbsp;<strong>Ley Nacional N\u00b0 22.351 de Parques Nacionales, Monumentos Naturales y Reservas Nacionales<\/strong>&nbsp;establece un r\u00e9gimen de protecci\u00f3n integral para los recursos naturales en \u00e1reas bajo jurisdicci\u00f3n de la Administraci\u00f3n de Parques Nacionales.<\/p>\n\n\n\n<p>En lo que respecta a la&nbsp;<strong>fauna ict\u00edcola<\/strong>, la normativa proh\u00edbe la captura, transporte y comercializaci\u00f3n de especies sin autorizaci\u00f3n correspondiente. La pesca furtiva es considerada una&nbsp;<strong>infracci\u00f3n grave<\/strong>, ya que atenta contra la preservaci\u00f3n de los ecosistemas acu\u00e1ticos y la biodiversidad de los r\u00edos y lagos patag\u00f3nicos.<\/p>\n\n\n\n<p>Quienes incurran en este tipo de pr\u00e1cticas se exponen a:<\/p>\n\n\n\n<ul class=\"wp-block-list\">\n<li><strong>Multas econ\u00f3micas<\/strong>\u00a0que var\u00edan seg\u00fan la gravedad de la infracci\u00f3n y la cantidad de ejemplares secuestrados.<\/li>\n\n\n\n<li><strong>Secuestro de las especies<\/strong>\u00a0capturadas ilegalmente y de los elementos de pesca utilizados.<\/li>\n\n\n\n<li>En casos reiterados,\u00a0<strong>inhabilitaci\u00f3n para obtener permisos de pesca<\/strong>\u00a0en jurisdicciones de Parques Nacionales.<\/li>\n<\/ul>\n\n\n\n<h2 class=\"wp-block-heading\">En Neuqu\u00e9n capital atraparon a un pr\u00f3fugo buscado por la Justicia<\/h2>\n\n\n\n<p>Un&nbsp;<strong>procedimiento policial realizado&nbsp;<\/strong>en la tarde del s\u00e1bado<strong>&nbsp;en la ciudad de Neuqu\u00e9n termin\u00f3 con tres hombres demorados, uno de los cuales ten\u00eda un&nbsp;<a href=\"https:\/\/www.lmneuquen.com\/policiales\/detuvieron-el-centro-neuquen-un-hombre-pedido-captura-y-paradero-vigente-n1199745\" target=\"_blank\" rel=\"noreferrer noopener\">pedido de captura<\/a>&nbsp;vigente por una causa de robo.<\/strong>&nbsp;El operativo se llev\u00f3 adelante en la esquina de Reconquista y Olivares, en la zona oeste de la capital provincial.<\/p>\n\n\n\n<figure class=\"wp-block-image\"><img decoding=\"async\" src=\"https:\/\/media.lmneuquen.com\/p\/9acff10a47692878577098075ae0f1e7\/adjuntos\/195\/imagenes\/008\/000\/0008000131\/770x0\/626x350:646x370\/detenido-pedido-captura.jpg\" alt=\"\" title=\"\"\/><\/figure>\n\n\n\n<p>De acuerdo con lo informado por la Polic\u00eda, efectivos de la comisar\u00eda 21\u00b0 interceptaron a tres hombres que se encontraban en ese sector. Durante la identificaci\u00f3n, constataron que uno de ellos era buscado por la Justicia, situaci\u00f3n que lo llev\u00f3 a intentar escapar del lugar.<\/p>\n\n\n\n<p>Minutos m\u00e1s tarde, otra unidad policial logr\u00f3 interceptarlo y trasladarlo a la dependencia, donde qued\u00f3 detenido. La Fiscal\u00eda de Robos y Hurtos dispuso su detenci\u00f3n mientras avanzan las actuaciones judiciales correspondientes.<\/p>\n\n\n\n<p>En cuanto a los otros dos hombres, fueron identificados y recuperaron la libertad. Sin embargo, la misma qued\u00f3 supeditada al avance de la investigaci\u00f3n que lleva adelante el Ministerio P\u00fablico Fiscal.<\/p>\n\n\n\n<p>El procedimiento qued\u00f3 registrado en las c\u00e1maras de seguridad del \u00e1rea, cuyas im\u00e1genes ya fueron incorporadas como evidencia en la causa.<\/p>\n\n\n\n<p>La Polic\u00eda destac\u00f3 que este tipo de controles preventivos en la capital neuquina son claves no solo para reforzar la seguridad en los barrios, sino tambi\u00e9n para detectar a personas con causas pendientes ante la Justicia.<a href=\"https:\/\/www.facebook.com\/sharer\/sharer.php?u=https%3A%2F%2Fwww.lmneuquen.com%2Fc1205747\" target=\"_blank\" rel=\"noreferrer noopener\"><\/a><\/p>\n\n\n\n<figure class=\"wp-block-image size-full\"><img loading=\"lazy\" decoding=\"async\" width=\"770\" height=\"483\" src=\"https:\/\/zapala8340.com.ar\/wp-content\/uploads\/2025\/08\/image-173.png\" alt=\"\" class=\"wp-image-41683\" srcset=\"https:\/\/zapala8340.com.ar\/wp-content\/uploads\/2025\/08\/image-173.png 770w, https:\/\/zapala8340.com.ar\/wp-content\/uploads\/2025\/08\/image-173-300x188.png 300w, https:\/\/zapala8340.com.ar\/wp-content\/uploads\/2025\/08\/image-173-768x482.png 768w, https:\/\/zapala8340.com.ar\/wp-content\/uploads\/2025\/08\/image-173-540x340.png 540w, https:\/\/zapala8340.com.ar\/wp-content\/uploads\/2025\/08\/image-173-400x250.png 400w\" sizes=\"(max-width: 770px) 100vw, 770px\" \/><\/figure>\n\n\n\n<figure class=\"wp-block-image size-full is-resized\"><img loading=\"lazy\" decoding=\"async\" width=\"317\" height=\"64\" src=\"https:\/\/zapala8340.com.ar\/wp-content\/uploads\/2025\/08\/image-175.png\" alt=\"\" class=\"wp-image-41685\" style=\"width:197px;height:auto\" srcset=\"https:\/\/zapala8340.com.ar\/wp-content\/uploads\/2025\/08\/image-175.png 317w, https:\/\/zapala8340.com.ar\/wp-content\/uploads\/2025\/08\/image-175-300x61.png 300w\" sizes=\"(max-width: 317px) 100vw, 317px\" \/><\/figure>\n\n\n\n<p><\/p>\n","protected":false},"excerpt":{"rendered":"<p>El procedimiento se realiz\u00f3 durante un control vehicular en la Ruta 40. El conductor qued\u00f3&#8230;<\/p>\n","protected":false},"author":1,"featured_media":41683,"comment_status":"open","ping_status":"open","sticky":false,"template":"","format":"standard","meta":{"footnotes":""},"categories":[31],"tags":[],"class_list":["post-41682","post","type-post","status-publish","format-standard","has-post-thumbnail","hentry","category-provincia"],"_links":{"self":[{"href":"https:\/\/zapala8340.com.ar\/index.php?rest_route=\/wp\/v2\/posts\/41682"}],"collection":[{"href":"https:\/\/zapala8340.com.ar\/index.php?rest_route=\/wp\/v2\/posts"}],"about":[{"href":"https:\/\/zapala8340.com.ar\/index.php?rest_route=\/wp\/v2\/types\/post"}],"author":[{"embeddable":true,"href":"https:\/\/zapala8340.com.ar\/index.php?rest_route=\/wp\/v2\/users\/1"}],"replies":[{"embeddable":true,"href":"https:\/\/zapala8340.com.ar\/index.php?rest_route=%2Fwp%2Fv2%2Fcomments&post=41682"}],"version-history":[{"count":1,"href":"https:\/\/zapala8340.com.ar\/index.php?rest_route=\/wp\/v2\/posts\/41682\/revisions"}],"predecessor-version":[{"id":41686,"href":"https:\/\/zapala8340.com.ar\/index.php?rest_route=\/wp\/v2\/posts\/41682\/revisions\/41686"}],"wp:featuredmedia":[{"embeddable":true,"href":"https:\/\/zapala8340.com.ar\/index.php?rest_route=\/wp\/v2\/media\/41683"}],"wp:attachment":[{"href":"https:\/\/zapala8340.com.ar\/index.php?rest_route=%2Fwp%2Fv2%2Fmedia&parent=41682"}],"wp:term":[{"taxonomy":"category","embeddable":true,"href":"https:\/\/zapala8340.com.ar\/index.php?rest_route=%2Fwp%2Fv2%2Fcategories&post=41682"},{"taxonomy":"post_tag","embeddable":true,"href":"https:\/\/zapala8340.com.ar\/index.php?rest_route=%2Fwp%2Fv2%2Ftags&post=41682"}],"curies":[{"name":"wp","href":"https:\/\/api.w.org\/{rel}","templated":true}]}}