{"id":41690,"date":"2025-08-26T17:52:04","date_gmt":"2025-08-26T20:52:04","guid":{"rendered":"https:\/\/zapala8340.com.ar\/?p=41690"},"modified":"2025-08-26T17:52:04","modified_gmt":"2025-08-26T20:52:04","slug":"cuenta-regresiva-para-otra-edicion-de-la-expo-vocacional-en-zapala","status":"publish","type":"post","link":"https:\/\/zapala8340.com.ar\/?p=41690","title":{"rendered":"Cuenta regresiva para otra edici\u00f3n de la Expo Vocacional en Zapala"},"content":{"rendered":"\n<p>El pr\u00f3ximo martes 26 y mi\u00e9rcoles 27 de agosto, el Paseo La Estaci\u00f3n ser\u00e1 testigo de otra oportunidad para j\u00f3venes de la localidad y el interior, empiecen a delinear el futuro de sus carreras profesionales.<\/p>\n\n\n\n<p>La muestra educativa m\u00e1s importante de la Patagonia pondr\u00e1 primera en Zapala. El evento itinerante que organiza la Provincia y cuenta en este caso, con la colaboraci\u00f3n del Municipio local, se desarrolla a lo largo de dos jornadas que favorecen la participaci\u00f3n de miles de estudiantes de los \u00faltimos a\u00f1os del secundario. All\u00ed, buscan conocer en detalle el amplio espectro de instituciones p\u00fablicas y privadas que desembarcan con una variada oferta educativa.<\/p>\n\n\n\n<p>Con acceso libre y gratuito, los interesados e interesadas podr\u00e1n visitar en forma permanente los stands de universidades e institutos para obtener informaci\u00f3n de primera sobre planes y modalidades de estudio. Pero adem\u00e1s, en horarios pautados y con el nexo ya concretado con las escuelas, se podr\u00e1 asistir a charlas de orientaci\u00f3n vocacional. Estas charlas funcionan como &nbsp;un primer acercamiento al mundo terciario o universitario.<\/p>\n\n\n\n<figure class=\"wp-block-image\"><img decoding=\"async\" src=\"https:\/\/www.zapala.gob.ar\/wp-content\/uploads\/2025\/08\/Expo-Vocacional-en-Zapala-3-1024x640.jpg\" alt=\"\" class=\"wp-image-32191\"\/><\/figure>\n\n\n\n<p>Todo esto se lleva adelante en un ambiente que tambi\u00e9n tendr\u00e1 lugar para la recreaci\u00f3n y el esparcimiento, \u201ccon la intenci\u00f3n de que manera l\u00fadica, los chicos puedan observan sin presiones las definiciones de su futuro\u201d, coment\u00f3 Luis de Mar\u00eda, Subsecretario de Educaci\u00f3n Superior de la Municipalidad.<\/p>\n\n\n\n<p>\u201cAntes, los chicos del interior deb\u00edan viajar para conocer las propuestas. Ahora tienen todo el abanico en un solo lugar. Incluso desde la pandemia existen carreras que se cursan directamente a distancia o con modalidad h\u00edbrida\u201d, agreg\u00f3.<\/p>\n\n\n\n<p>Seg\u00fan adelantaron, la doble jornada ser\u00e1 una excelente oportunidad para que chicos y chicas de Bajada del Agrio, Las Coloradas y comisiones de fomento aleda\u00f1as puedan llegar a nuestra ciudad a conocer el Campus Municipal, las actividades que all\u00ed se brindan desde el Municipio, y por supuesto ser parte de la Expo.<\/p>\n\n\n\n<p>El ingreso al galp\u00f3n negro del Paseo ser\u00e1 libre y gratuito, y funcionar\u00e1 de 9 a 18 horas.<\/p>\n\n\n\n<p><em>Subsecretar\u00eda de Prensa<\/em><\/p>\n\n\n\n<p><\/p>\n\n\n\n<figure class=\"wp-block-image size-full\"><img loading=\"lazy\" decoding=\"async\" width=\"1024\" height=\"640\" src=\"https:\/\/zapala8340.com.ar\/wp-content\/uploads\/2025\/08\/image-177.png\" alt=\"\" class=\"wp-image-41691\" srcset=\"https:\/\/zapala8340.com.ar\/wp-content\/uploads\/2025\/08\/image-177.png 1024w, https:\/\/zapala8340.com.ar\/wp-content\/uploads\/2025\/08\/image-177-300x188.png 300w, https:\/\/zapala8340.com.ar\/wp-content\/uploads\/2025\/08\/image-177-768x480.png 768w, https:\/\/zapala8340.com.ar\/wp-content\/uploads\/2025\/08\/image-177-800x500.png 800w, https:\/\/zapala8340.com.ar\/wp-content\/uploads\/2025\/08\/image-177-400x250.png 400w\" sizes=\"(max-width: 1024px) 100vw, 1024px\" \/><\/figure>\n","protected":false},"excerpt":{"rendered":"<p>El pr\u00f3ximo martes 26 y mi\u00e9rcoles 27 de agosto, el Paseo La Estaci\u00f3n ser\u00e1 testigo&#8230;<\/p>\n","protected":false},"author":1,"featured_media":41691,"comment_status":"open","ping_status":"open","sticky":false,"template":"","format":"standard","meta":{"footnotes":""},"categories":[8],"tags":[],"class_list":["post-41690","post","type-post","status-publish","format-standard","has-post-thumbnail","hentry","category-zapala"],"_links":{"self":[{"href":"https:\/\/zapala8340.com.ar\/index.php?rest_route=\/wp\/v2\/posts\/41690"}],"collection":[{"href":"https:\/\/zapala8340.com.ar\/index.php?rest_route=\/wp\/v2\/posts"}],"about":[{"href":"https:\/\/zapala8340.com.ar\/index.php?rest_route=\/wp\/v2\/types\/post"}],"author":[{"embeddable":true,"href":"https:\/\/zapala8340.com.ar\/index.php?rest_route=\/wp\/v2\/users\/1"}],"replies":[{"embeddable":true,"href":"https:\/\/zapala8340.com.ar\/index.php?rest_route=%2Fwp%2Fv2%2Fcomments&post=41690"}],"version-history":[{"count":1,"href":"https:\/\/zapala8340.com.ar\/index.php?rest_route=\/wp\/v2\/posts\/41690\/revisions"}],"predecessor-version":[{"id":41692,"href":"https:\/\/zapala8340.com.ar\/index.php?rest_route=\/wp\/v2\/posts\/41690\/revisions\/41692"}],"wp:featuredmedia":[{"embeddable":true,"href":"https:\/\/zapala8340.com.ar\/index.php?rest_route=\/wp\/v2\/media\/41691"}],"wp:attachment":[{"href":"https:\/\/zapala8340.com.ar\/index.php?rest_route=%2Fwp%2Fv2%2Fmedia&parent=41690"}],"wp:term":[{"taxonomy":"category","embeddable":true,"href":"https:\/\/zapala8340.com.ar\/index.php?rest_route=%2Fwp%2Fv2%2Fcategories&post=41690"},{"taxonomy":"post_tag","embeddable":true,"href":"https:\/\/zapala8340.com.ar\/index.php?rest_route=%2Fwp%2Fv2%2Ftags&post=41690"}],"curies":[{"name":"wp","href":"https:\/\/api.w.org\/{rel}","templated":true}]}}