{"id":41701,"date":"2025-08-26T19:18:44","date_gmt":"2025-08-26T22:18:44","guid":{"rendered":"https:\/\/zapala8340.com.ar\/?p=41701"},"modified":"2025-08-26T19:18:44","modified_gmt":"2025-08-26T22:18:44","slug":"la-exencion-del-pago-de-la-licencia-por-seis-meses-impulsa-a-los-nuevos-comercios-zapalinos","status":"publish","type":"post","link":"https:\/\/zapala8340.com.ar\/?p=41701","title":{"rendered":"La exenci\u00f3n del pago de la licencia por seis meses impulsa a los nuevos comercios zapalinos"},"content":{"rendered":"\n<p>Desde mediados de 2022, el Municipio tom\u00f3 la decisi\u00f3n de suprimir el pago de la licencia comercial durante los primeros seis meses a todos aquellos nuevos comercios que apuesten por la localidad.<\/p>\n\n\n\n<p>La medida que comenz\u00f3 como una prueba piloto, tuvo una buena repercusi\u00f3n y por eso se decidi\u00f3 incluirla en la ordenanza tarifaria a partir de 2023, 2024 y se mantuvo para todo el 2025. A partir de all\u00ed, se gener\u00f3 un incremento de nuevos comercios zapalinos entre los que se destacan almacenes, tiendas de ropa, verduler\u00edas, fruter\u00edas, panader\u00edas, corralones de materiales, alquiler de veh\u00edculos para empresas, kioscos, talleres mec\u00e1nicos, institutos de ense\u00f1anza privada, salones de eventos y peluquer\u00edas, entre otros.<\/p>\n\n\n\n<p>Tal es as\u00ed, que en el \u00faltimo tiempo el intendente Carlos Koopmann celebr\u00f3 junto a cada comerciante local la apertura de un sitio que no solo genera fuentes laborales, sino tambi\u00e9n servicios para la comunidad. \u201cDesde el Municipio, acompa\u00f1amos a quienes se animan a dar este gran paso, con la exenci\u00f3n de la licencia comercial por seis meses, porque creemos en el progreso y en las ganas de crecer de cada zapalino\u201d, expres\u00f3 el jefe comunal.<\/p>\n\n\n\n<p>Una de las \u00faltimas inauguraciones se dio en el local \u201cTu Vianda\u201d, ubicado en plena Avda San Mart\u00edn. Est\u00e1 a cargo de Fabiana, quien lleg\u00f3 a la ciudad hace casi una d\u00e9cada y decidi\u00f3 asentarse en la localidad. Emprendedora, pr\u00f3xima a recibirse de enfermera a trav\u00e9s de la beca municipal, apost\u00f3 por Zapala y lo hace mediante este servicio alimenticio.<\/p>\n\n\n\n<figure class=\"wp-block-image size-full\"><img loading=\"lazy\" decoding=\"async\" width=\"1024\" height=\"640\" src=\"https:\/\/zapala8340.com.ar\/wp-content\/uploads\/2025\/08\/image-180.png\" alt=\"\" class=\"wp-image-41702\" srcset=\"https:\/\/zapala8340.com.ar\/wp-content\/uploads\/2025\/08\/image-180.png 1024w, https:\/\/zapala8340.com.ar\/wp-content\/uploads\/2025\/08\/image-180-300x188.png 300w, https:\/\/zapala8340.com.ar\/wp-content\/uploads\/2025\/08\/image-180-768x480.png 768w, https:\/\/zapala8340.com.ar\/wp-content\/uploads\/2025\/08\/image-180-800x500.png 800w, https:\/\/zapala8340.com.ar\/wp-content\/uploads\/2025\/08\/image-180-400x250.png 400w\" sizes=\"(max-width: 1024px) 100vw, 1024px\" \/><\/figure>\n\n\n\n<p>\u201cBella Esther\u201d, en cercan\u00edas a la Rotonda de los Primeros Pobladores, \u201cFama Skate\u201d, en Avellaneda y Uriburu, \u201cMira mis ojos\u201d, sobre calle Candelaria y panader\u00eda \u201cDel Pueblo\u201d, en el coraz\u00f3n del barrio Don Bosco, son solo algunos de los \u00faltimos comercios que abrieron sus puertas en Zapala.<\/p>\n\n\n\n<p>\u201cCelebramos el esfuerzo, la constancia y los sue\u00f1os que crecen con trabajo. Pero por sobre todo, celebramos que sigue eligiendo Zapala para crecer y dar lo mejor a cada cliente\u201d, cerr\u00f3 Koopmann, al tiempo que adelant\u00f3 que desde \u201cel Municipio seguiremos apoyando a quienes emprenden, bajando costos y generando oportunidades reales en nuestra ciudad\u201d.<\/p>\n\n\n\n<p><em>Subsecretar\u00eda de Prensa<\/em><\/p>\n\n\n\n<p><\/p>\n\n\n\n<figure class=\"wp-block-image\"><img decoding=\"async\" src=\"blob:https:\/\/zapala8340.com.ar\/24244a54-cd25-4392-9755-052ba2ba1d39\" alt=\"\"\/><\/figure>\n","protected":false},"excerpt":{"rendered":"<p>Desde mediados de 2022, el Municipio tom\u00f3 la decisi\u00f3n de suprimir el pago de la&#8230;<\/p>\n","protected":false},"author":1,"featured_media":41703,"comment_status":"open","ping_status":"open","sticky":false,"template":"","format":"standard","meta":{"footnotes":""},"categories":[8],"tags":[],"class_list":["post-41701","post","type-post","status-publish","format-standard","has-post-thumbnail","hentry","category-zapala"],"_links":{"self":[{"href":"https:\/\/zapala8340.com.ar\/index.php?rest_route=\/wp\/v2\/posts\/41701"}],"collection":[{"href":"https:\/\/zapala8340.com.ar\/index.php?rest_route=\/wp\/v2\/posts"}],"about":[{"href":"https:\/\/zapala8340.com.ar\/index.php?rest_route=\/wp\/v2\/types\/post"}],"author":[{"embeddable":true,"href":"https:\/\/zapala8340.com.ar\/index.php?rest_route=\/wp\/v2\/users\/1"}],"replies":[{"embeddable":true,"href":"https:\/\/zapala8340.com.ar\/index.php?rest_route=%2Fwp%2Fv2%2Fcomments&post=41701"}],"version-history":[{"count":2,"href":"https:\/\/zapala8340.com.ar\/index.php?rest_route=\/wp\/v2\/posts\/41701\/revisions"}],"predecessor-version":[{"id":41705,"href":"https:\/\/zapala8340.com.ar\/index.php?rest_route=\/wp\/v2\/posts\/41701\/revisions\/41705"}],"wp:featuredmedia":[{"embeddable":true,"href":"https:\/\/zapala8340.com.ar\/index.php?rest_route=\/wp\/v2\/media\/41703"}],"wp:attachment":[{"href":"https:\/\/zapala8340.com.ar\/index.php?rest_route=%2Fwp%2Fv2%2Fmedia&parent=41701"}],"wp:term":[{"taxonomy":"category","embeddable":true,"href":"https:\/\/zapala8340.com.ar\/index.php?rest_route=%2Fwp%2Fv2%2Fcategories&post=41701"},{"taxonomy":"post_tag","embeddable":true,"href":"https:\/\/zapala8340.com.ar\/index.php?rest_route=%2Fwp%2Fv2%2Ftags&post=41701"}],"curies":[{"name":"wp","href":"https:\/\/api.w.org\/{rel}","templated":true}]}}