{"id":41720,"date":"2025-08-27T11:47:00","date_gmt":"2025-08-27T14:47:00","guid":{"rendered":"https:\/\/zapala8340.com.ar\/?p=41720"},"modified":"2025-08-28T19:48:23","modified_gmt":"2025-08-28T22:48:23","slug":"culmina-hoy-la-expo-vocacional-en-el-paseo-la-estacion","status":"publish","type":"post","link":"https:\/\/zapala8340.com.ar\/?p=41720","title":{"rendered":"Culmina hoy la Expo Vocacional en el Paseo La Estaci\u00f3n"},"content":{"rendered":"\n<p>Pasada la primera jornada de la Expo Vocacional en Zapala, hoy se desarrollar\u00e1 el segundo y \u00faltimo d\u00eda de la muestra educativa de carreras y oficios que organiza el gobierno provincial.<\/p>\n\n\n\n<p>Desde las 9 y hasta las 18 hs, el Paseo La Estaci\u00f3n estar\u00e1 abierto a que estudiantes de todas las edades se acerquen al Galp\u00f3n Negro para interiorizarse de toda la oferta educativa que proponen diferentes instituciones.<\/p>\n\n\n\n<p>Esta muestra, que tiene su primera parada del a\u00f1o en la localidad del centro neuquino tendr\u00e1 adem\u00e1s otras dos ediciones en este 2025: Chos Malal y Neuqu\u00e9n, siempre con la organizaci\u00f3n del Ministerio de Desarrollo Humano, Gobiernos Locales y Mujeres a trav\u00e9s de Emprendimientos Culturales y Deportivos del Neuqu\u00e9n Sociedad del Estado (ECyDENSE) y el acompa\u00f1amiento del Municipio zapalino.<\/p>\n\n\n\n<figure class=\"wp-block-image\"><img decoding=\"async\" src=\"https:\/\/www.zapala.gob.ar\/wp-content\/uploads\/2025\/08\/Expo-Vocacional-3-1024x640.jpg\" alt=\"\" class=\"wp-image-32235\"\/><\/figure>\n\n\n\n<p>La Expo cuenta con diferentes espacios de charlas de orientaci\u00f3n vocacional, a los que ya se inscribieron m\u00e1s de 1500 estudiantes de Zapala, Bajada del Agrio, Mariano Moreno, Las Coloradas, Los Catutos, Las Lajas, Villa Pehuenia, Caviahue, Plaza Huincul, Alumin\u00e9, Jun\u00edn de los Andes y el paraje Lonco Luan.<\/p>\n\n\n\n<p>Quienes recorran los diferentes stands podr\u00e1n acceder a toda la informaci\u00f3n necesaria sobre carreras de instituciones p\u00fablicas y privadas. Adem\u00e1s, el Paseo La Estaci\u00f3n cuenta con la presencia de Radio y Televisi\u00f3n del Neuqu\u00e9n (RTN), con una transmisi\u00f3n especial a trav\u00e9s de YouTube.<\/p>\n\n\n\n<p>Sin dudas, una gran oportunidad que nuevamente visita Zapala y que seguramente oriente a m\u00e1s de un estudiante sobre su futuro acad\u00e9mico.<\/p>\n\n\n\n<p><em>Subsecretar\u00eda de Prensa<\/em><\/p>\n\n\n\n<figure class=\"wp-block-image size-large\"><img loading=\"lazy\" decoding=\"async\" width=\"1024\" height=\"640\" src=\"https:\/\/zapala8340.com.ar\/wp-content\/uploads\/2025\/08\/image-187-1024x640.png\" alt=\"\" class=\"wp-image-41721\" srcset=\"https:\/\/zapala8340.com.ar\/wp-content\/uploads\/2025\/08\/image-187-1024x640.png 1024w, https:\/\/zapala8340.com.ar\/wp-content\/uploads\/2025\/08\/image-187-300x188.png 300w, https:\/\/zapala8340.com.ar\/wp-content\/uploads\/2025\/08\/image-187-768x480.png 768w, https:\/\/zapala8340.com.ar\/wp-content\/uploads\/2025\/08\/image-187.png 1536w, https:\/\/zapala8340.com.ar\/wp-content\/uploads\/2025\/08\/image-187-800x500.png 800w, https:\/\/zapala8340.com.ar\/wp-content\/uploads\/2025\/08\/image-187-400x250.png 400w\" sizes=\"(max-width: 1024px) 100vw, 1024px\" \/><\/figure>\n","protected":false},"excerpt":{"rendered":"<p>Pasada la primera jornada de la Expo Vocacional en Zapala, hoy se desarrollar\u00e1 el segundo&#8230;<\/p>\n","protected":false},"author":1,"featured_media":41721,"comment_status":"open","ping_status":"open","sticky":false,"template":"","format":"standard","meta":{"footnotes":""},"categories":[8],"tags":[],"class_list":["post-41720","post","type-post","status-publish","format-standard","has-post-thumbnail","hentry","category-zapala"],"_links":{"self":[{"href":"https:\/\/zapala8340.com.ar\/index.php?rest_route=\/wp\/v2\/posts\/41720"}],"collection":[{"href":"https:\/\/zapala8340.com.ar\/index.php?rest_route=\/wp\/v2\/posts"}],"about":[{"href":"https:\/\/zapala8340.com.ar\/index.php?rest_route=\/wp\/v2\/types\/post"}],"author":[{"embeddable":true,"href":"https:\/\/zapala8340.com.ar\/index.php?rest_route=\/wp\/v2\/users\/1"}],"replies":[{"embeddable":true,"href":"https:\/\/zapala8340.com.ar\/index.php?rest_route=%2Fwp%2Fv2%2Fcomments&post=41720"}],"version-history":[{"count":1,"href":"https:\/\/zapala8340.com.ar\/index.php?rest_route=\/wp\/v2\/posts\/41720\/revisions"}],"predecessor-version":[{"id":41722,"href":"https:\/\/zapala8340.com.ar\/index.php?rest_route=\/wp\/v2\/posts\/41720\/revisions\/41722"}],"wp:featuredmedia":[{"embeddable":true,"href":"https:\/\/zapala8340.com.ar\/index.php?rest_route=\/wp\/v2\/media\/41721"}],"wp:attachment":[{"href":"https:\/\/zapala8340.com.ar\/index.php?rest_route=%2Fwp%2Fv2%2Fmedia&parent=41720"}],"wp:term":[{"taxonomy":"category","embeddable":true,"href":"https:\/\/zapala8340.com.ar\/index.php?rest_route=%2Fwp%2Fv2%2Fcategories&post=41720"},{"taxonomy":"post_tag","embeddable":true,"href":"https:\/\/zapala8340.com.ar\/index.php?rest_route=%2Fwp%2Fv2%2Ftags&post=41720"}],"curies":[{"name":"wp","href":"https:\/\/api.w.org\/{rel}","templated":true}]}}