{"id":41761,"date":"2025-08-28T16:20:51","date_gmt":"2025-08-28T19:20:51","guid":{"rendered":"https:\/\/zapala8340.com.ar\/?p=41761"},"modified":"2025-09-02T16:28:02","modified_gmt":"2025-09-02T19:28:02","slug":"agosto-se-despidio-con-otro-mega-eco-canje-y-la-confirmacion-de-un-nuevo-barrio-para-zapala-recicla","status":"publish","type":"post","link":"https:\/\/zapala8340.com.ar\/?p=41761","title":{"rendered":"Agosto se despidi\u00f3 con otro Mega Eco Canje y la confirmaci\u00f3n de un nuevo barrio para \u201cZapala Recicla\u201d"},"content":{"rendered":"\n<h2 class=\"wp-block-heading\">La plaza del B\u00ba 180 Viviendas fue testigo de la importante cantidad de vecinos que se acercaron con sus reciclables en el marco de la exitosa campa\u00f1a impulsada por el Municipio. Adem\u00e1s, anunciaron que la separaci\u00f3n de residuos en origen ahora recorrer\u00e1 las calles del Pino Azul.<\/h2>\n\n\n\n<p>A lo largo de tres horas, los zapalinos y zapalinas comprometidos con el cuidado del ambiente tuvieron la oportunidad de acercar aceites vegetales usados, medicamentos vencidos, neum\u00e1ticos en desuso, envases pl\u00e1sticos, ecoladrillos, cartones, vidrios, RAEES (Residuos de Aparatos El\u00e9ctricos y Electr\u00f3nicos), textiles y sachets, entre otros. Como es habitual, a cambio pudieron llevarse un obsequio para sus hogares.<\/p>\n\n\n\n<p>Sin embargo, eso no fue todo. Ya que desde la Secretar\u00eda de Ambiente y Desarrollo Sustentable de la Municipalidad se anunci\u00f3 el desembarco de \u201cZapala Recicla\u201d a un nuevo barrio: en este caso ser\u00e1 en el Pino Azul. Al igual que ocurri\u00f3 hasta el momento, en primera instancia se realizar\u00e1 un trabajo de sensibilizaci\u00f3n e informaci\u00f3n a cada vecino del sector para hacerles saber la modalidad y los objetivos del programa.<\/p>\n\n\n\n<p>Cabe recordar que dicha iniciativa comenz\u00f3 a fines de junio y tuvo su primera prueba piloto (por dem\u00e1s exitosa) en el Ren\u00e9 Favaloro. All\u00ed los vecinos adoptaron r\u00e1pidamente el h\u00e1bito de separar residuos en origen, los cuales luego ser\u00edan retirados todos los lunes por integrantes de la Cooperativa de Recicladores \u201cManos a la Obra\u201d.<\/p>\n\n\n\n<p>Ellos ser\u00e1n nuevamente los encargados de clasificar los residuos y darle su correspondiente tratamiento. Esta recolecci\u00f3n de manera clasificada, es un paso fundamental para impulsar la llamada econom\u00eda circular, donde los residuos se consideran un recurso y no un desperdicio.<\/p>\n\n\n\n<p>Desde hace seis a\u00f1os Zapala gener\u00f3 un cambio rotundo en la conciencia ambiental de sus habitantes. Las diferentes propuestas y actividades ya son parte de la sociedad, y testigo de ello son los impactantes n\u00fameros de material reciclado.<\/p>\n\n\n\n<p><em>Subsecretar\u00eda de Prensa<\/em><\/p>\n\n\n\n<figure class=\"wp-block-image size-large\"><img loading=\"lazy\" decoding=\"async\" width=\"1024\" height=\"640\" src=\"https:\/\/zapala8340.com.ar\/wp-content\/uploads\/2025\/09\/image-2-1024x640.png\" alt=\"\" class=\"wp-image-41762\" srcset=\"https:\/\/zapala8340.com.ar\/wp-content\/uploads\/2025\/09\/image-2-1024x640.png 1024w, https:\/\/zapala8340.com.ar\/wp-content\/uploads\/2025\/09\/image-2-300x188.png 300w, https:\/\/zapala8340.com.ar\/wp-content\/uploads\/2025\/09\/image-2-768x480.png 768w, https:\/\/zapala8340.com.ar\/wp-content\/uploads\/2025\/09\/image-2.png 1536w, https:\/\/zapala8340.com.ar\/wp-content\/uploads\/2025\/09\/image-2-800x500.png 800w, https:\/\/zapala8340.com.ar\/wp-content\/uploads\/2025\/09\/image-2-400x250.png 400w\" sizes=\"(max-width: 1024px) 100vw, 1024px\" \/><\/figure>\n","protected":false},"excerpt":{"rendered":"<p>La plaza del B\u00ba 180 Viviendas fue testigo de la importante cantidad de vecinos que&#8230;<\/p>\n","protected":false},"author":1,"featured_media":41762,"comment_status":"open","ping_status":"open","sticky":false,"template":"","format":"standard","meta":{"footnotes":""},"categories":[8],"tags":[],"class_list":["post-41761","post","type-post","status-publish","format-standard","has-post-thumbnail","hentry","category-zapala"],"_links":{"self":[{"href":"https:\/\/zapala8340.com.ar\/index.php?rest_route=\/wp\/v2\/posts\/41761"}],"collection":[{"href":"https:\/\/zapala8340.com.ar\/index.php?rest_route=\/wp\/v2\/posts"}],"about":[{"href":"https:\/\/zapala8340.com.ar\/index.php?rest_route=\/wp\/v2\/types\/post"}],"author":[{"embeddable":true,"href":"https:\/\/zapala8340.com.ar\/index.php?rest_route=\/wp\/v2\/users\/1"}],"replies":[{"embeddable":true,"href":"https:\/\/zapala8340.com.ar\/index.php?rest_route=%2Fwp%2Fv2%2Fcomments&post=41761"}],"version-history":[{"count":1,"href":"https:\/\/zapala8340.com.ar\/index.php?rest_route=\/wp\/v2\/posts\/41761\/revisions"}],"predecessor-version":[{"id":41763,"href":"https:\/\/zapala8340.com.ar\/index.php?rest_route=\/wp\/v2\/posts\/41761\/revisions\/41763"}],"wp:featuredmedia":[{"embeddable":true,"href":"https:\/\/zapala8340.com.ar\/index.php?rest_route=\/wp\/v2\/media\/41762"}],"wp:attachment":[{"href":"https:\/\/zapala8340.com.ar\/index.php?rest_route=%2Fwp%2Fv2%2Fmedia&parent=41761"}],"wp:term":[{"taxonomy":"category","embeddable":true,"href":"https:\/\/zapala8340.com.ar\/index.php?rest_route=%2Fwp%2Fv2%2Fcategories&post=41761"},{"taxonomy":"post_tag","embeddable":true,"href":"https:\/\/zapala8340.com.ar\/index.php?rest_route=%2Fwp%2Fv2%2Ftags&post=41761"}],"curies":[{"name":"wp","href":"https:\/\/api.w.org\/{rel}","templated":true}]}}