{"id":41792,"date":"2025-09-01T13:17:00","date_gmt":"2025-09-01T16:17:00","guid":{"rendered":"https:\/\/zapala8340.com.ar\/?p=41792"},"modified":"2025-09-04T15:18:55","modified_gmt":"2025-09-04T18:18:55","slug":"el-arte-neuquino-se-desplego-en-zapala","status":"publish","type":"post","link":"https:\/\/zapala8340.com.ar\/?p=41792","title":{"rendered":"El arte neuquino se despleg\u00f3 en Zapala"},"content":{"rendered":"\n<p>La localidad fue sede de la etapa zonal del Encuentro Cultural del Pehu\u00e9n, que tuvo a doce localidades representadas en 200 j\u00f3venes que expresaron todo su talento sobre el escenario.<\/p>\n\n\n\n<p>El \u00faltimo fin de semana nuestra ciudad vivi\u00f3 una de esas jornadas que seguramente quedar\u00e1n en la memoria de todos los presentes, ya que el evento organizado por el Municipio no se centr\u00f3 \u00fanicamente en la actividad cultural, sino que tambi\u00e9n les dio la oportunidad a muchos ni\u00f1os, ni\u00f1as y j\u00f3venes de conocer Zapala y sus atractivos. El s\u00e1bado, los casi 200 participantes compartieron juegos recreativos, pintaron murales colectivos y participaron de las charlas del Consejo de los Ni\u00f1os en el Gimnasio Municipal. Entre risas y momentos de aprendizaje, tambi\u00e9n ensayaron sus presentaciones art\u00edsticas, mostrando todo su talento en coreograf\u00edas y peque\u00f1os n\u00fameros que brillaron al d\u00eda siguiente en el escenario del cine. Adem\u00e1s, los copos de nieve no quisieron perderse este agradable contexto, y decidieron visitar la ciudad cuando los chicos visitaron el monumento al Soldado Argentino.<\/p>\n\n\n\n<p>Dibujo, pintura, canto, m\u00fasica, danza, cuento y poes\u00eda, fueron las disciplinas en las que los peque\u00f1os artistas de nuestra zona se dieron a conocer ante una sala que luci\u00f3 repleta. Los aplausos, la felicidad por demostrar su talento y el reconocimiento final, fueron los puntos clave para el \u00e9xito de otra propuesta cultural gestionada e impulsada desde el Municipio.<\/p>\n\n\n\n<figure class=\"wp-block-image\"><img decoding=\"async\" src=\"https:\/\/www.zapala.gob.ar\/wp-content\/uploads\/2025\/09\/Encuentro-Cultural-del-Pehuen-6-1024x640.jpg\" alt=\"\" class=\"wp-image-32298\"\/><\/figure>\n\n\n\n<p>En la previa a las presentaciones del domingo, el intendente Carlos Koopmann les dio la bienvenida a todas las delegaciones y dijo que \u201ces un trabajo que hay que realizar, hacerlo con la familia que hace el esfuerzo para comprar la ropa, los instrumentos y acompa\u00f1arlos d\u00eda a d\u00eda para que los chicos vayan a las clases\u201d. Tambi\u00e9n agradeci\u00f3 a los intendentes y referentes de comisiones de fomento \u201cpor hacer las gestiones para que las delegaciones puedan llegar a Zapala. Gracias por disfrutar la ciudad y cuenten con la localidad, porque vamos a seguir trabajando para que la regi\u00f3n del Pehu\u00e9n sea un faro m\u00e1s de la provincia\u201d.<\/p>\n\n\n\n<figure class=\"wp-block-image size-full\"><img loading=\"lazy\" decoding=\"async\" width=\"1024\" height=\"640\" src=\"https:\/\/zapala8340.com.ar\/wp-content\/uploads\/2025\/09\/image-14.png\" alt=\"\" class=\"wp-image-41794\" srcset=\"https:\/\/zapala8340.com.ar\/wp-content\/uploads\/2025\/09\/image-14.png 1024w, https:\/\/zapala8340.com.ar\/wp-content\/uploads\/2025\/09\/image-14-300x188.png 300w, https:\/\/zapala8340.com.ar\/wp-content\/uploads\/2025\/09\/image-14-768x480.png 768w, https:\/\/zapala8340.com.ar\/wp-content\/uploads\/2025\/09\/image-14-800x500.png 800w, https:\/\/zapala8340.com.ar\/wp-content\/uploads\/2025\/09\/image-14-400x250.png 400w\" sizes=\"(max-width: 1024px) 100vw, 1024px\" \/><\/figure>\n\n\n\n<p>Por \u00faltimo, adelant\u00f3 que desde el a\u00f1o que viene, la actividad sumar\u00e1 su etapa deportiva por lo que se rebautizar\u00e1 a Encuentro Cultural y Deportivo del Pehu\u00e9n.<\/p>\n\n\n\n<p><em>Subsecretar\u00eda de Prensa<\/em><\/p>\n\n\n\n<figure class=\"wp-block-image size-large\"><img loading=\"lazy\" decoding=\"async\" width=\"1024\" height=\"641\" src=\"https:\/\/zapala8340.com.ar\/wp-content\/uploads\/2025\/09\/image-13-1024x641.png\" alt=\"\" class=\"wp-image-41793\" srcset=\"https:\/\/zapala8340.com.ar\/wp-content\/uploads\/2025\/09\/image-13-1024x641.png 1024w, https:\/\/zapala8340.com.ar\/wp-content\/uploads\/2025\/09\/image-13-300x188.png 300w, https:\/\/zapala8340.com.ar\/wp-content\/uploads\/2025\/09\/image-13-768x480.png 768w, https:\/\/zapala8340.com.ar\/wp-content\/uploads\/2025\/09\/image-13.png 1536w, https:\/\/zapala8340.com.ar\/wp-content\/uploads\/2025\/09\/image-13-800x500.png 800w, https:\/\/zapala8340.com.ar\/wp-content\/uploads\/2025\/09\/image-13-400x250.png 400w\" sizes=\"(max-width: 1024px) 100vw, 1024px\" \/><\/figure>\n","protected":false},"excerpt":{"rendered":"<p>La localidad fue sede de la etapa zonal del Encuentro Cultural del Pehu\u00e9n, que tuvo&#8230;<\/p>\n","protected":false},"author":1,"featured_media":41793,"comment_status":"open","ping_status":"open","sticky":false,"template":"","format":"standard","meta":{"footnotes":""},"categories":[8],"tags":[],"class_list":["post-41792","post","type-post","status-publish","format-standard","has-post-thumbnail","hentry","category-zapala"],"_links":{"self":[{"href":"https:\/\/zapala8340.com.ar\/index.php?rest_route=\/wp\/v2\/posts\/41792"}],"collection":[{"href":"https:\/\/zapala8340.com.ar\/index.php?rest_route=\/wp\/v2\/posts"}],"about":[{"href":"https:\/\/zapala8340.com.ar\/index.php?rest_route=\/wp\/v2\/types\/post"}],"author":[{"embeddable":true,"href":"https:\/\/zapala8340.com.ar\/index.php?rest_route=\/wp\/v2\/users\/1"}],"replies":[{"embeddable":true,"href":"https:\/\/zapala8340.com.ar\/index.php?rest_route=%2Fwp%2Fv2%2Fcomments&post=41792"}],"version-history":[{"count":1,"href":"https:\/\/zapala8340.com.ar\/index.php?rest_route=\/wp\/v2\/posts\/41792\/revisions"}],"predecessor-version":[{"id":41795,"href":"https:\/\/zapala8340.com.ar\/index.php?rest_route=\/wp\/v2\/posts\/41792\/revisions\/41795"}],"wp:featuredmedia":[{"embeddable":true,"href":"https:\/\/zapala8340.com.ar\/index.php?rest_route=\/wp\/v2\/media\/41793"}],"wp:attachment":[{"href":"https:\/\/zapala8340.com.ar\/index.php?rest_route=%2Fwp%2Fv2%2Fmedia&parent=41792"}],"wp:term":[{"taxonomy":"category","embeddable":true,"href":"https:\/\/zapala8340.com.ar\/index.php?rest_route=%2Fwp%2Fv2%2Fcategories&post=41792"},{"taxonomy":"post_tag","embeddable":true,"href":"https:\/\/zapala8340.com.ar\/index.php?rest_route=%2Fwp%2Fv2%2Ftags&post=41792"}],"curies":[{"name":"wp","href":"https:\/\/api.w.org\/{rel}","templated":true}]}}