{"id":41807,"date":"2025-09-02T15:08:00","date_gmt":"2025-09-02T18:08:00","guid":{"rendered":"https:\/\/zapala8340.com.ar\/?p=41807"},"modified":"2025-09-05T15:09:57","modified_gmt":"2025-09-05T18:09:57","slug":"el-dia-nacional-del-arbol-se-conmemoro-con-una-plantacion-en-las-escuelas-99-y-326","status":"publish","type":"post","link":"https:\/\/zapala8340.com.ar\/?p=41807","title":{"rendered":"El D\u00eda Nacional del \u00c1rbol se conmemor\u00f3 con una plantaci\u00f3n en las Escuelas 99 y 326"},"content":{"rendered":"\n<h2 class=\"wp-block-heading\">Ambas instituciones celebraron su centenario en el mes de agosto, y los festejos continuaron de la mano de esta fecha tan especial para el ambiente. Alumnos y docentes, acompa\u00f1ados por el Municipio, sembraron vida y futuro.<\/h2>\n\n\n\n<p>El pasado 29 de agosto se conmemor\u00f3 el D\u00eda Nacional del \u00c1rbol, a ra\u00edz de una propuesta por el Dr. Estanislao Zeballos, resaltando la importancia de este recurso natural. Los \u00e1rboles oxigenan el aire, protegen el suelo y reducen los efectos del calentamiento global, entre otras de sus numerosas y vitales funciones. Por ello, desde el Municipio se decidi\u00f3 celebrar la fecha con una plantaci\u00f3n en dos escuelas ic\u00f3nicas de Zapala, como lo son la 99 y 326.<\/p>\n\n\n\n<p>La plantaci\u00f3n fue mucho m\u00e1s que un gesto simb\u00f3lico, ya que plantar un \u00e1rbol es plantar vida, es sembrar futuro y dejar una huella que crezca con el tiempo. All\u00ed, ni\u00f1os y ni\u00f1as fueron protagonistas, demostrando mucho entusiasmo y alegr\u00eda por ser parte del cuidado de la tierra.<\/p>\n\n\n\n<figure class=\"wp-block-image\"><img decoding=\"async\" src=\"https:\/\/www.zapala.gob.ar\/wp-content\/uploads\/2025\/09\/Dia-Nacional-del-Arbol-2-1024x640.jpg\" alt=\"\" class=\"wp-image-32315\"\/><\/figure>\n\n\n\n<p>Los \u00e1rboles nativos de la zona incluyen especies de la regi\u00f3n andina y patag\u00f3nica, como el \u00d1ire, la Araucaria o Pehu\u00e9n, el Cald\u00e9n, el Cha\u00f1ar, el Algarrobo, y el Palo Santo. Otros \u00e1rboles que se encuentran en la provincia, si bien no exclusivos de Zapala, tambi\u00e9n forman parte de la flora nativa argentina, con muy buena adaptabilidad al clima y actividad sociocultural de la ciudad y la regi\u00f3n.<\/p>\n\n\n\n<p>Desde el inicio de la gesti\u00f3n, hace casi seis a\u00f1os, Zapala gener\u00f3 un cambio de conciencia ambiental destacado a nivel provincial e incluso nacional. La plantaci\u00f3n de \u00e1rboles en diferentes sectores de la ciudad, fue uno de los pilares para lograr los resultados.<\/p>\n\n\n\n<p><em>Subsecretar\u00eda de Prensa<\/em><\/p>\n\n\n\n<figure class=\"wp-block-image size-large\"><img loading=\"lazy\" decoding=\"async\" width=\"1024\" height=\"640\" src=\"https:\/\/zapala8340.com.ar\/wp-content\/uploads\/2025\/09\/image-19-1024x640.png\" alt=\"\" class=\"wp-image-41808\" srcset=\"https:\/\/zapala8340.com.ar\/wp-content\/uploads\/2025\/09\/image-19-1024x640.png 1024w, https:\/\/zapala8340.com.ar\/wp-content\/uploads\/2025\/09\/image-19-300x188.png 300w, https:\/\/zapala8340.com.ar\/wp-content\/uploads\/2025\/09\/image-19-768x480.png 768w, https:\/\/zapala8340.com.ar\/wp-content\/uploads\/2025\/09\/image-19.png 1536w, https:\/\/zapala8340.com.ar\/wp-content\/uploads\/2025\/09\/image-19-800x500.png 800w, https:\/\/zapala8340.com.ar\/wp-content\/uploads\/2025\/09\/image-19-400x250.png 400w\" sizes=\"(max-width: 1024px) 100vw, 1024px\" \/><\/figure>\n","protected":false},"excerpt":{"rendered":"<p>Ambas instituciones celebraron su centenario en el mes de agosto, y los festejos continuaron de&#8230;<\/p>\n","protected":false},"author":1,"featured_media":41808,"comment_status":"open","ping_status":"open","sticky":false,"template":"","format":"standard","meta":{"footnotes":""},"categories":[8],"tags":[],"class_list":["post-41807","post","type-post","status-publish","format-standard","has-post-thumbnail","hentry","category-zapala"],"_links":{"self":[{"href":"https:\/\/zapala8340.com.ar\/index.php?rest_route=\/wp\/v2\/posts\/41807"}],"collection":[{"href":"https:\/\/zapala8340.com.ar\/index.php?rest_route=\/wp\/v2\/posts"}],"about":[{"href":"https:\/\/zapala8340.com.ar\/index.php?rest_route=\/wp\/v2\/types\/post"}],"author":[{"embeddable":true,"href":"https:\/\/zapala8340.com.ar\/index.php?rest_route=\/wp\/v2\/users\/1"}],"replies":[{"embeddable":true,"href":"https:\/\/zapala8340.com.ar\/index.php?rest_route=%2Fwp%2Fv2%2Fcomments&post=41807"}],"version-history":[{"count":1,"href":"https:\/\/zapala8340.com.ar\/index.php?rest_route=\/wp\/v2\/posts\/41807\/revisions"}],"predecessor-version":[{"id":41809,"href":"https:\/\/zapala8340.com.ar\/index.php?rest_route=\/wp\/v2\/posts\/41807\/revisions\/41809"}],"wp:featuredmedia":[{"embeddable":true,"href":"https:\/\/zapala8340.com.ar\/index.php?rest_route=\/wp\/v2\/media\/41808"}],"wp:attachment":[{"href":"https:\/\/zapala8340.com.ar\/index.php?rest_route=%2Fwp%2Fv2%2Fmedia&parent=41807"}],"wp:term":[{"taxonomy":"category","embeddable":true,"href":"https:\/\/zapala8340.com.ar\/index.php?rest_route=%2Fwp%2Fv2%2Fcategories&post=41807"},{"taxonomy":"post_tag","embeddable":true,"href":"https:\/\/zapala8340.com.ar\/index.php?rest_route=%2Fwp%2Fv2%2Ftags&post=41807"}],"curies":[{"name":"wp","href":"https:\/\/api.w.org\/{rel}","templated":true}]}}