{"id":41815,"date":"2025-09-05T17:44:22","date_gmt":"2025-09-05T20:44:22","guid":{"rendered":"https:\/\/zapala8340.com.ar\/?p=41815"},"modified":"2025-09-05T17:44:22","modified_gmt":"2025-09-05T20:44:22","slug":"la-orquesta-infanto-juvenil-participara-del-homenaje-a-marcelo-berbel-en-las-lajas","status":"publish","type":"post","link":"https:\/\/zapala8340.com.ar\/?p=41815","title":{"rendered":"La Orquesta Infanto Juvenil participar\u00e1 del homenaje a Marcelo Berbel en Las Lajas"},"content":{"rendered":"\n<p>Este s\u00e1bado 6 de septiembre, la Orquesta Infanto Juvenil \u201cFlor Argentina\u201d de nuestra ciudad, emprender\u00e1 viaje a la localidad de Las Lajas con motivo del homenaje que se realizar\u00e1 por los 100 a\u00f1os del natalicio del poeta y cantautor Marcelo Berbel. Esta invitaci\u00f3n a la orquesta llega de la mano del Coro Voces del R\u00edo Agrio, quien es el encargado de organizar y coordinar esta actividad.<\/p>\n\n\n\n<p>Con entrada libre y gratuita, el evento comenzar\u00e1 a las 17 hs en el Sal\u00f3n Rafael Cayol de Las Lajas y contar\u00e1, adem\u00e1s, con la participaci\u00f3n del Coro Los Berbel, con la participaci\u00f3n de Marit\u00e9 y Traful Berbel; la Orquesta Infanto Juvenil de Mariano Moreno y el Coral Canto Esperanza de Cipolletti.<\/p>\n\n\n\n<p>Marcelo Berbel naci\u00f3 el 19 de abril de 1925 en Plaza Huincul, hijo de Juan Berbel y de Mar\u00eda Teresa Arriagada, natural del Neuqu\u00e9n, descendiente de mapuches. Fue uno de los poetas m\u00e1s influyentes de la regi\u00f3n patag\u00f3nica. Compuso los himnos oficiales de la Provincia del Neuqu\u00e9n (Neuqu\u00e9n Trabun Mapu) y de su capital (Regreso al Ayer), el primero junto al compositor Osvaldo Arabarco.<\/p>\n\n\n\n<p>Sus canciones han sido interpretadas por artistas reconocidos en toda la Argentina y se han difundido en gran parte de Am\u00e9rica, abarcando diversos estilos. La Pasto Verde, El embudo y Amutuy Soledad son algunas de sus composiciones, que han ganado gran popularidad en las interpretaciones de Jorge Cafrune, Jos\u00e9 Larralde, Soledad Pastorutti, Le\u00f3n Gieco, Mal\u00f3n y Rub\u00e9n Patagonia.<\/p>\n\n\n\n<p>Sin dudas, ser\u00e1 una gran experiencia para la Orquesta Infanto Juvenil, que contin\u00faa sumando presentaciones y kil\u00f3metros recorriendo diferentes puntos de la provincia.<\/p>\n\n\n\n<p><em>Subsecretar\u00eda de Prensa<\/em><\/p>\n\n\n\n<figure class=\"wp-block-image size-large\"><img loading=\"lazy\" decoding=\"async\" width=\"1024\" height=\"640\" src=\"https:\/\/zapala8340.com.ar\/wp-content\/uploads\/2025\/09\/image-21-1024x640.png\" alt=\"\" class=\"wp-image-41816\" srcset=\"https:\/\/zapala8340.com.ar\/wp-content\/uploads\/2025\/09\/image-21-1024x640.png 1024w, https:\/\/zapala8340.com.ar\/wp-content\/uploads\/2025\/09\/image-21-300x188.png 300w, https:\/\/zapala8340.com.ar\/wp-content\/uploads\/2025\/09\/image-21-768x480.png 768w, https:\/\/zapala8340.com.ar\/wp-content\/uploads\/2025\/09\/image-21.png 1536w, https:\/\/zapala8340.com.ar\/wp-content\/uploads\/2025\/09\/image-21-800x500.png 800w, https:\/\/zapala8340.com.ar\/wp-content\/uploads\/2025\/09\/image-21-400x250.png 400w\" sizes=\"(max-width: 1024px) 100vw, 1024px\" \/><\/figure>\n","protected":false},"excerpt":{"rendered":"<p>Este s\u00e1bado 6 de septiembre, la Orquesta Infanto Juvenil \u201cFlor Argentina\u201d de nuestra ciudad, emprender\u00e1&#8230;<\/p>\n","protected":false},"author":1,"featured_media":41816,"comment_status":"open","ping_status":"open","sticky":false,"template":"","format":"standard","meta":{"footnotes":""},"categories":[8],"tags":[],"class_list":["post-41815","post","type-post","status-publish","format-standard","has-post-thumbnail","hentry","category-zapala"],"_links":{"self":[{"href":"https:\/\/zapala8340.com.ar\/index.php?rest_route=\/wp\/v2\/posts\/41815"}],"collection":[{"href":"https:\/\/zapala8340.com.ar\/index.php?rest_route=\/wp\/v2\/posts"}],"about":[{"href":"https:\/\/zapala8340.com.ar\/index.php?rest_route=\/wp\/v2\/types\/post"}],"author":[{"embeddable":true,"href":"https:\/\/zapala8340.com.ar\/index.php?rest_route=\/wp\/v2\/users\/1"}],"replies":[{"embeddable":true,"href":"https:\/\/zapala8340.com.ar\/index.php?rest_route=%2Fwp%2Fv2%2Fcomments&post=41815"}],"version-history":[{"count":1,"href":"https:\/\/zapala8340.com.ar\/index.php?rest_route=\/wp\/v2\/posts\/41815\/revisions"}],"predecessor-version":[{"id":41817,"href":"https:\/\/zapala8340.com.ar\/index.php?rest_route=\/wp\/v2\/posts\/41815\/revisions\/41817"}],"wp:featuredmedia":[{"embeddable":true,"href":"https:\/\/zapala8340.com.ar\/index.php?rest_route=\/wp\/v2\/media\/41816"}],"wp:attachment":[{"href":"https:\/\/zapala8340.com.ar\/index.php?rest_route=%2Fwp%2Fv2%2Fmedia&parent=41815"}],"wp:term":[{"taxonomy":"category","embeddable":true,"href":"https:\/\/zapala8340.com.ar\/index.php?rest_route=%2Fwp%2Fv2%2Fcategories&post=41815"},{"taxonomy":"post_tag","embeddable":true,"href":"https:\/\/zapala8340.com.ar\/index.php?rest_route=%2Fwp%2Fv2%2Ftags&post=41815"}],"curies":[{"name":"wp","href":"https:\/\/api.w.org\/{rel}","templated":true}]}}