{"id":41818,"date":"2025-09-05T17:58:12","date_gmt":"2025-09-05T20:58:12","guid":{"rendered":"https:\/\/zapala8340.com.ar\/?p=41818"},"modified":"2025-09-05T18:07:57","modified_gmt":"2025-09-05T21:07:57","slug":"en-zapala-se-impulsa-el-espiritu-emprendedor","status":"publish","type":"post","link":"https:\/\/zapala8340.com.ar\/?p=41818","title":{"rendered":"En Zapala se impulsa el esp\u00edritu emprendedor"},"content":{"rendered":"\n<p>El intendente Carlos Koopmann firm\u00f3 tres nuevos fortalecimientos econ\u00f3micos en el marco del Programa de Promoci\u00f3n del Empleo Independiente (PEI), dependiente de Naci\u00f3n. As\u00ed, se busca acompa\u00f1ar a trabajadores independientes que buscan reformar su emprendimiento.<\/p>\n\n\n\n<p>Tres vecinos de la localidad accedieron a este acompa\u00f1amiento, que les permitir\u00e1 invertirlo para impulsar sus proyectos. En \u00e9sta oportunidad est\u00e1n vinculados a la est\u00e9tica vehicular, premoldeados, soldaduras y carpinter\u00eda y trabajos de construcci\u00f3n.<\/p>\n\n\n\n<figure class=\"wp-block-image size-large\"><img loading=\"lazy\" decoding=\"async\" width=\"1024\" height=\"640\" src=\"https:\/\/zapala8340.com.ar\/wp-content\/uploads\/2025\/09\/image-23-1024x640.png\" alt=\"\" class=\"wp-image-41820\" srcset=\"https:\/\/zapala8340.com.ar\/wp-content\/uploads\/2025\/09\/image-23-1024x640.png 1024w, https:\/\/zapala8340.com.ar\/wp-content\/uploads\/2025\/09\/image-23-300x188.png 300w, https:\/\/zapala8340.com.ar\/wp-content\/uploads\/2025\/09\/image-23-768x480.png 768w, https:\/\/zapala8340.com.ar\/wp-content\/uploads\/2025\/09\/image-23-800x500.png 800w, https:\/\/zapala8340.com.ar\/wp-content\/uploads\/2025\/09\/image-23-400x250.png 400w, https:\/\/zapala8340.com.ar\/wp-content\/uploads\/2025\/09\/image-23.png 1536w\" sizes=\"(max-width: 1024px) 100vw, 1024px\" \/><\/figure>\n\n\n\n<p>El programa de Empleo Independiente (PEI) acompa\u00f1a a personas desocupadas que deseen iniciar un emprendimiento, as\u00ed como a trabajadores independientes que buscan reforzarlo. Esto se realiza a trav\u00e9s de dos pilares: asistencia t\u00e9cnica y financiera.<\/p>\n\n\n\n<p>La asistencia t\u00e9cnica se realiza a trav\u00e9s de acciones secuenciadas. En primer lugar, se ofrece un curso de Gesti\u00f3n Empresarial en el cual se capacita a los y las participantes del programa en la gesti\u00f3n del emprendimiento, la formulaci\u00f3n de un plan de inversi\u00f3n, la delineaci\u00f3n de una estrategia de negocios, el an\u00e1lisis del mercado y la identificaci\u00f3n de proveedores. En segundo lugar, tras el curso, se los asiste en la formulaci\u00f3n del proyecto. Y, por \u00faltimo, luego que el proyecto es evaluado, aprobado y financiado, se acompa\u00f1a a las\/os emprendedores en las primeras etapas de su ejecuci\u00f3n.<\/p>\n\n\n\n<p>La asistencia financiera consiste en un subsidio no reembolsable para la puesta en marcha del emprendimiento o el fortalecimiento de uno ya existente, m\u00e1s un conjunto econ\u00f3micas mensuales por la participaci\u00f3n en el Curso de Gesti\u00f3n y luego durante los primeros meses de implementaci\u00f3n del proyecto.<\/p>\n\n\n\n<p>Los proyectos firmados corresponden al a\u00f1o 2023, ya que a ra\u00edz del cambio de gesti\u00f3n a nivel nacional existieron una serie de dilataciones y se aprueban un m\u00e1ximo de cuatro cada mes. Cada uno de ellos recibi\u00f3 un desembolso inicial y luego un incentivo mensual durante nueve meses.<\/p>\n\n\n\n<p>\u201cCreemos en el talento local y en el trabajo como motor de oportunidades, por eso seguimos apostando por nuestra gente\u201d, expres\u00f3 en redes sociales el jefe comunal.<\/p>\n\n\n\n<p><em>Subsecretar\u00eda de Prensa<\/em><\/p>\n\n\n\n<figure class=\"wp-block-image size-large\"><img loading=\"lazy\" decoding=\"async\" width=\"1024\" height=\"640\" src=\"https:\/\/zapala8340.com.ar\/wp-content\/uploads\/2025\/09\/image-22-1024x640.png\" alt=\"\" class=\"wp-image-41819\" srcset=\"https:\/\/zapala8340.com.ar\/wp-content\/uploads\/2025\/09\/image-22-1024x640.png 1024w, https:\/\/zapala8340.com.ar\/wp-content\/uploads\/2025\/09\/image-22-300x188.png 300w, https:\/\/zapala8340.com.ar\/wp-content\/uploads\/2025\/09\/image-22-768x480.png 768w, https:\/\/zapala8340.com.ar\/wp-content\/uploads\/2025\/09\/image-22.png 1536w, https:\/\/zapala8340.com.ar\/wp-content\/uploads\/2025\/09\/image-22-800x500.png 800w, https:\/\/zapala8340.com.ar\/wp-content\/uploads\/2025\/09\/image-22-400x250.png 400w\" sizes=\"(max-width: 1024px) 100vw, 1024px\" \/><\/figure>\n","protected":false},"excerpt":{"rendered":"<p>El intendente Carlos Koopmann firm\u00f3 tres nuevos fortalecimientos econ\u00f3micos en el marco del Programa de&#8230;<\/p>\n","protected":false},"author":1,"featured_media":41819,"comment_status":"open","ping_status":"open","sticky":false,"template":"","format":"standard","meta":{"footnotes":""},"categories":[8],"tags":[],"class_list":["post-41818","post","type-post","status-publish","format-standard","has-post-thumbnail","hentry","category-zapala"],"_links":{"self":[{"href":"https:\/\/zapala8340.com.ar\/index.php?rest_route=\/wp\/v2\/posts\/41818"}],"collection":[{"href":"https:\/\/zapala8340.com.ar\/index.php?rest_route=\/wp\/v2\/posts"}],"about":[{"href":"https:\/\/zapala8340.com.ar\/index.php?rest_route=\/wp\/v2\/types\/post"}],"author":[{"embeddable":true,"href":"https:\/\/zapala8340.com.ar\/index.php?rest_route=\/wp\/v2\/users\/1"}],"replies":[{"embeddable":true,"href":"https:\/\/zapala8340.com.ar\/index.php?rest_route=%2Fwp%2Fv2%2Fcomments&post=41818"}],"version-history":[{"count":2,"href":"https:\/\/zapala8340.com.ar\/index.php?rest_route=\/wp\/v2\/posts\/41818\/revisions"}],"predecessor-version":[{"id":41823,"href":"https:\/\/zapala8340.com.ar\/index.php?rest_route=\/wp\/v2\/posts\/41818\/revisions\/41823"}],"wp:featuredmedia":[{"embeddable":true,"href":"https:\/\/zapala8340.com.ar\/index.php?rest_route=\/wp\/v2\/media\/41819"}],"wp:attachment":[{"href":"https:\/\/zapala8340.com.ar\/index.php?rest_route=%2Fwp%2Fv2%2Fmedia&parent=41818"}],"wp:term":[{"taxonomy":"category","embeddable":true,"href":"https:\/\/zapala8340.com.ar\/index.php?rest_route=%2Fwp%2Fv2%2Fcategories&post=41818"},{"taxonomy":"post_tag","embeddable":true,"href":"https:\/\/zapala8340.com.ar\/index.php?rest_route=%2Fwp%2Fv2%2Ftags&post=41818"}],"curies":[{"name":"wp","href":"https:\/\/api.w.org\/{rel}","templated":true}]}}