{"id":41848,"date":"2025-09-08T10:10:12","date_gmt":"2025-09-08T13:10:12","guid":{"rendered":"https:\/\/zapala8340.com.ar\/?p=41848"},"modified":"2025-09-08T10:10:13","modified_gmt":"2025-09-08T13:10:13","slug":"provincia-avanza-con-el-saneamiento-cloacal-para-zapala","status":"publish","type":"post","link":"https:\/\/zapala8340.com.ar\/?p=41848","title":{"rendered":"Provincia avanza con el saneamiento cloacal para Zapala"},"content":{"rendered":"\n<p><\/p>\n\n\n\n<p>Se trata de la obra m\u00e1s importante para la localidad que comenzar\u00e1 a tratar los l\u00edquidos sanitarios de manera eficiente, un cambio hist\u00f3rico para el medio ambiente, que estaba olvidada por el gobierno nacional.<\/p>\n\n\n\n<p>domingo 07 de septiembre de 2025<\/p>\n\n\n\n<p><a href=\"https:\/\/www.neuqueninforma.gob.ar\/autor\/1-secretaria-de-prensa-y-comunicacion\"><\/a><\/p>\n\n\n\n<figure class=\"wp-block-image is-resized\"><a href=\"https:\/\/www.neuqueninforma.gob.ar\/autor\/1-secretaria-de-prensa-y-comunicacion\"><img decoding=\"async\" src=\"https:\/\/cdn3.neuqueninforma.com.ar\/s3i233\/2024\/10\/neuqueninforma\/images\/01\/16\/03\/1160323_aaad472ba3610120a4fe5afa4d0ade86bc80ecf162f29b1afc2c38244c970619\/min.webp\" alt=\"\" style=\"width:51px;height:auto\"\/><\/a><\/figure>\n\n\n\n<figure class=\"wp-block-image size-full\"><img loading=\"lazy\" decoding=\"async\" width=\"992\" height=\"660\" src=\"https:\/\/zapala8340.com.ar\/wp-content\/uploads\/2025\/09\/image-31.png\" alt=\"\" class=\"wp-image-41849\" srcset=\"https:\/\/zapala8340.com.ar\/wp-content\/uploads\/2025\/09\/image-31.png 992w, https:\/\/zapala8340.com.ar\/wp-content\/uploads\/2025\/09\/image-31-300x200.png 300w, https:\/\/zapala8340.com.ar\/wp-content\/uploads\/2025\/09\/image-31-768x511.png 768w\" sizes=\"(max-width: 992px) 100vw, 992px\" \/><\/figure>\n\n\n\n<p><\/p>\n\n\n\n<p><\/p>\n\n\n\n<p>El Gobernador de la Provincia,&nbsp;<strong>Rolando Figueroa<\/strong>, y el intendente de Zapala,&nbsp;<strong>Carlos Koopmann<\/strong>, recorrieron la obra del sistema de tratamiento de l\u00edquidos cloacales de Zapala que presenta un avance superior al 63%. La provincia destin\u00f3 m\u00e1s de 14 mil millones de pesos para reactivar esta obra, que estaba paralizada desde el comienzo de la gesti\u00f3n.<\/p>\n\n\n\n<p>Durante el encuentro el ministro de Econom\u00eda, Producci\u00f3n e Industria -a cargo de Infraestructura-,&nbsp;<strong>Guillermo Koenig,<\/strong>&nbsp;y el presidente del EPAS,&nbsp;<strong>Gustavo Hern\u00e1ndez<\/strong>, expusieron los avances de la obra que consiste en la ejecuci\u00f3n de colectores cloacales principales, un pozo de impulsi\u00f3n y un sistema de lagunas anaer\u00f3bicas facultativas, con proyecci\u00f3n poblacional a 30 a\u00f1os.<\/p>\n\n\n\n<p>El ministro Koenig sostuvo:&nbsp;<em>\u201cEstas acciones son parte del pacto de gobernanza firmado con los Municipios, donde se comprometen acciones estrat\u00e9gicas de todos los estratos del Estado para desarrollar pol\u00edticas p\u00fablicas. En este caso hemos reactivado una obra paralizada por el Gobierno Nacional, con fondos de todos los neuquinos\u201d.<\/em><\/p>\n\n\n\n<p>Por su parte el presidente del EPAS destac\u00f3 que&nbsp;<em>\u201cesta obra forma parte de un plan de infraestructura sanitaria agresivo que est\u00e1 llevando a cabo el Gobierno de la provincia, focalizado en la gesti\u00f3n del agua. Est\u00e1 basada en el modelo neuquino donde el Estado Provincial, articulando con Municipios, est\u00e1 presente cubriendo necesidades b\u00e1sicas de todos los neuquinos\u201d.<\/em><\/p>\n\n\n\n<p>La reactivaci\u00f3n de esta obra forma parte de un plan de gesti\u00f3n del agua integral dise\u00f1ado por este modelo neuquino, donde no solo se piensa en la producci\u00f3n para consumo, sino en la disposici\u00f3n final y el cuidado del medio ambiente.<\/p>\n\n\n\n<p>El contrato se renegoci\u00f3 con la empresa CODAM S.A y permiti\u00f3 el reinicio de los trabajos. Se firm\u00f3 en junio de este a\u00f1o y tiene un plazo de ejecuci\u00f3n de 480 d\u00edas corridos, por lo que se espera que a finales del 2026 Zapala tenga un sistema de infraestructura sanitario que permita tratar los l\u00edquidos cloacales de toda la localidad.<\/p>\n\n\n\n<p><\/p>\n\n\n\n<figure class=\"wp-block-image size-full\"><img loading=\"lazy\" decoding=\"async\" width=\"992\" height=\"660\" src=\"https:\/\/zapala8340.com.ar\/wp-content\/uploads\/2025\/09\/image-32.png\" alt=\"\" class=\"wp-image-41850\" srcset=\"https:\/\/zapala8340.com.ar\/wp-content\/uploads\/2025\/09\/image-32.png 992w, https:\/\/zapala8340.com.ar\/wp-content\/uploads\/2025\/09\/image-32-300x200.png 300w, https:\/\/zapala8340.com.ar\/wp-content\/uploads\/2025\/09\/image-32-768x511.png 768w\" sizes=\"(max-width: 992px) 100vw, 992px\" \/><\/figure>\n","protected":false},"excerpt":{"rendered":"<p>Se trata de la obra m\u00e1s importante para la localidad que comenzar\u00e1 a tratar los&#8230;<\/p>\n","protected":false},"author":1,"featured_media":41849,"comment_status":"open","ping_status":"open","sticky":false,"template":"","format":"standard","meta":{"footnotes":""},"categories":[16,8],"tags":[],"class_list":["post-41848","post","type-post","status-publish","format-standard","has-post-thumbnail","hentry","category-politica","category-zapala"],"_links":{"self":[{"href":"https:\/\/zapala8340.com.ar\/index.php?rest_route=\/wp\/v2\/posts\/41848"}],"collection":[{"href":"https:\/\/zapala8340.com.ar\/index.php?rest_route=\/wp\/v2\/posts"}],"about":[{"href":"https:\/\/zapala8340.com.ar\/index.php?rest_route=\/wp\/v2\/types\/post"}],"author":[{"embeddable":true,"href":"https:\/\/zapala8340.com.ar\/index.php?rest_route=\/wp\/v2\/users\/1"}],"replies":[{"embeddable":true,"href":"https:\/\/zapala8340.com.ar\/index.php?rest_route=%2Fwp%2Fv2%2Fcomments&post=41848"}],"version-history":[{"count":1,"href":"https:\/\/zapala8340.com.ar\/index.php?rest_route=\/wp\/v2\/posts\/41848\/revisions"}],"predecessor-version":[{"id":41851,"href":"https:\/\/zapala8340.com.ar\/index.php?rest_route=\/wp\/v2\/posts\/41848\/revisions\/41851"}],"wp:featuredmedia":[{"embeddable":true,"href":"https:\/\/zapala8340.com.ar\/index.php?rest_route=\/wp\/v2\/media\/41849"}],"wp:attachment":[{"href":"https:\/\/zapala8340.com.ar\/index.php?rest_route=%2Fwp%2Fv2%2Fmedia&parent=41848"}],"wp:term":[{"taxonomy":"category","embeddable":true,"href":"https:\/\/zapala8340.com.ar\/index.php?rest_route=%2Fwp%2Fv2%2Fcategories&post=41848"},{"taxonomy":"post_tag","embeddable":true,"href":"https:\/\/zapala8340.com.ar\/index.php?rest_route=%2Fwp%2Fv2%2Ftags&post=41848"}],"curies":[{"name":"wp","href":"https:\/\/api.w.org\/{rel}","templated":true}]}}